{"id":3632,"date":"2011-03-07T22:12:09","date_gmt":"2011-03-07T22:12:09","guid":{"rendered":"http:\/\/www.agriatv.hu\/?p=3632"},"modified":"2011-03-07T22:12:32","modified_gmt":"2011-03-07T22:12:32","slug":"ujra-latogathato-lesz-a-kazamata","status":"publish","type":"post","link":"https:\/\/www.agriatv.hu\/?p=3632","title":{"rendered":"\u00dajra l\u00e1togathat\u00f3 lesz a kazamata"},"content":{"rendered":"<p><span class=\"rg_ctlv\"><a id=\"rg_hl\" class=\"rg_hl\" href=\"http:\/\/www.google.hu\/imgres?imgurl=http:\/\/utazas.sk\/wp-content\/uploads\/2009\/08\/egri-v%C3%A1r1-430x286.jpg&amp;imgrefurl=http:\/\/utazas.sk\/cimke\/var\/page\/3\/&amp;usg=__ygtOJubunygMlK04r4eVI9kcp3A=&amp;h=286&amp;w=430&amp;sz=31&amp;hl=hu&amp;start=0&amp;sig2=kvNyvuvLXFmzyd5rdIlzNA&amp;zoom=1&amp;tbnid=GVrx9RMU6BkSoM:&amp;tbnh=129&amp;tbnw=172&amp;ei=vlh1TbSJAs-OswbDgrXsBA&amp;prev=\/images%3Fq%3Dkazamata%2Beger%26um%3D1%26hl%3Dhu%26sa%3DN%26biw%3D1138%26bih%3D564%26tbs%3Disch:1%26prmd%3Divns&amp;um=1&amp;itbs=1&amp;iact=hc&amp;vpx=693&amp;vpy=80&amp;dur=54&amp;hovh=183&amp;hovw=275&amp;tx=124&amp;ty=89&amp;oei=vlh1TbSJAs-OswbDgrXsBA&amp;page=1&amp;ndsp=15&amp;ved=1t:429,r:3,s:0\"><img loading=\"lazy\" decoding=\"async\" id=\"rg_hi\" class=\"rg_hi alignleft\" src=\"http:\/\/t1.gstatic.com\/images?q=tbn:ANd9GcT2vKM0XVxv7ispfoQQsumX3s-Sw2EDyLNk7p-sWcPRZayDTfAs\" alt=\"\" width=\"164\" height=\"109\" \/><\/a><\/span><strong>V\u00e1rhat\u00f3an a nemzeti \u00fcnnephez kapcsol\u00f3d\u00f3 hossz\u00fa h\u00e9tv\u00e9g\u00e9n m\u00e1r l\u00e1togathat\u00f3 lesz az egri v\u00e1r egyik f\u0151 l\u00e1tv\u00e1nyoss\u00e1ga, a kazamata, amelyet janu\u00e1r elej\u00e9n z\u00e1rtak be a v\u00edzbet\u00f6r\u00e9sek miatt.<\/strong><\/p>\n<p>M\u00e1rcius k\u00f6zep\u00e9t\u0151l \u00fajra l\u00e1togathatj\u00e1k a turist\u00e1k az egri v\u00e1r kazamt\u00e1j\u00e1t a tervek szerint. A l\u00e1tv\u00e1nyoss\u00e1got azut\u00e1n kellett bez\u00e1rni, hogy az elm\u00falt h\u00f3napok csapad\u00e9kos id\u0151j\u00e1r\u00e1sa\u00a0vis maior helyzetet teremtett a v\u00e1rban.<\/p>\n<p>A legfontosabb helyre\u00e1ll\u00edt\u00e1si munk\u00e1k elkezd\u0151dtek, a megye \u00e9s a v\u00e1ros k\u00f6z\u00f6s egyeztet\u0151 \u00fcl\u00e9s\u00e9n 2,5\u20132,5 milli\u00f3 forint t\u00e1mogat\u00e1sr\u00f3l d\u00f6nt\u00f6tt nemr\u00e9gen. A teljes fel\u00faj\u00edt\u00e1shoz azonban mintegy 300 milli\u00f3 forintra lenne sz\u00fcks\u00e9g. \u00c9ppen ez\u00e9rt\u00a0a Nemzeti Fejleszt\u00e9si Terv \u00c9szak-Magyarorsz\u00e1gi Operat\u00edv Programja keret\u00e9ben ny\u00fajt be p\u00e1ly\u00e1zatot az egri v\u00e1rat fenntart\u00f3\u00a0megyei k\u00f6zgy\u0171l\u00e9s m\u00e1rciusban. Az 1,7 milli\u00e1rd forintos projekt c\u00e9lja a csapad\u00e9kv\u00edz elvezet\u00e9s\u00e9nek megold\u00e1sa \u00e9s a falak meger\u0151s\u00edt\u00e9se, emellett megnyitn\u00e1k a l\u00e1togat\u00f3k el\u0151tt az egykori helytart\u00f3i palota pinc\u00e9j\u00e9t \u00e9s a d\u00e9zsmapinc\u00e9t. Mindk\u00e9t helysz\u00ednen ki\u00e1ll\u00edt\u00f3helyeket hozn\u00e1nak l\u00e9tre \u00e9s a program keret\u00e9ben a v\u00e1rfal tetej\u00e9n egy s\u00e9t\u00e1nyt alak\u00edtan\u00e1nak ki.<\/p>\n<p>Sikeres p\u00e1ly\u00e1zat eset\u00e9n &#8211; a tervek szerint &#8211; 2013 v\u00e9g\u00e9re k\u00e9sz\u00fcln\u00e9nek el a fejleszt\u00e9sek. A v\u00e1ros \u00e9s a megye \u00f6nkorm\u00e1nyzata 102-102 milli\u00f3 forint \u00f6nr\u00e9sszel j\u00e1rul hozz\u00e1 a projekthez &#8211; mondta el <strong>dr. Veres G\u00e1bor<\/strong> int\u00e9zm\u00e9nyvezet\u0151 a h\u00e9tf\u0151i terepbej\u00e1r\u00e1st k\u00f6vet\u0151en az MTI-nek.<\/p>\n<p>Forr\u00e1s: HEOL<\/p>\n","protected":false},"excerpt":{"rendered":"<p>V\u00e1rhat\u00f3an a nemzeti \u00fcnnephez kapcsol\u00f3d\u00f3 hossz\u00fa h\u00e9tv\u00e9g\u00e9n m\u00e1r l\u00e1togathat\u00f3 lesz az egri v\u00e1r egyik f\u0151 l\u00e1tv\u00e1nyoss\u00e1ga, a kazamata, amelyet janu\u00e1r elej\u00e9n z\u00e1rtak be a v\u00edzbet\u00f6r\u00e9sek miatt.<br \/>\nM\u00e1rcius k\u00f6zep\u00e9t\u0151l \u00fajra l\u00e1togathatj\u00e1k a turist\u00e1k az egri v\u00e1r kazamt\u00e1j\u00e1t a tervek szerint. A l\u00e1tv\u00e1nyoss\u00e1got azut\u00e1n kellett bez\u00e1rni, hogy az elm\u00falt h\u00f3napok csapad\u00e9kos id\u0151j\u00e1r\u00e1sa\u00a0vis maior helyzetet teremtett a v\u00e1rban.<br \/>\nA legfontosabb [&#8230;]<\/p>\n","protected":false},"author":4,"featured_media":0,"comment_status":"open","ping_status":"closed","sticky":false,"template":"","format":"standard","meta":{"footnotes":""},"categories":[8,4],"tags":[],"class_list":["post-3632","post","type-post","status-publish","format-standard","hentry","category-kultura","category-szabadido"],"_links":{"self":[{"href":"https:\/\/www.agriatv.hu\/index.php?rest_route=\/wp\/v2\/posts\/3632","targetHints":{"allow":["GET"]}}],"collection":[{"href":"https:\/\/www.agriatv.hu\/index.php?rest_route=\/wp\/v2\/posts"}],"about":[{"href":"https:\/\/www.agriatv.hu\/index.php?rest_route=\/wp\/v2\/types\/post"}],"author":[{"embeddable":true,"href":"https:\/\/www.agriatv.hu\/index.php?rest_route=\/wp\/v2\/users\/4"}],"replies":[{"embeddable":true,"href":"https:\/\/www.agriatv.hu\/index.php?rest_route=%2Fwp%2Fv2%2Fcomments&post=3632"}],"version-history":[{"count":2,"href":"https:\/\/www.agriatv.hu\/index.php?rest_route=\/wp\/v2\/posts\/3632\/revisions"}],"predecessor-version":[{"id":3634,"href":"https:\/\/www.agriatv.hu\/index.php?rest_route=\/wp\/v2\/posts\/3632\/revisions\/3634"}],"wp:attachment":[{"href":"https:\/\/www.agriatv.hu\/index.php?rest_route=%2Fwp%2Fv2%2Fmedia&parent=3632"}],"wp:term":[{"taxonomy":"category","embeddable":true,"href":"https:\/\/www.agriatv.hu\/index.php?rest_route=%2Fwp%2Fv2%2Fcategories&post=3632"},{"taxonomy":"post_tag","embeddable":true,"href":"https:\/\/www.agriatv.hu\/index.php?rest_route=%2Fwp%2Fv2%2Ftags&post=3632"}],"curies":[{"name":"wp","href":"https:\/\/api.w.org\/{rel}","templated":true}]}}