{"id":3635,"date":"2011-03-08T17:01:38","date_gmt":"2011-03-08T17:01:38","guid":{"rendered":"http:\/\/www.agriatv.hu\/?p=3635"},"modified":"2011-03-08T17:01:38","modified_gmt":"2011-03-08T17:01:38","slug":"keszen-allnak-a-tuzoltok","status":"publish","type":"post","link":"https:\/\/www.agriatv.hu\/?p=3635","title":{"rendered":"K\u00e9szen \u00e1llnak a t\u0171zolt\u00f3k"},"content":{"rendered":"<p><a href=\"https:\/\/www.agriatv.hu\/wp-content\/uploads\/2011\/03\/0308tuzolto_V.jpg\"><img loading=\"lazy\" decoding=\"async\" class=\"alignleft size-medium wp-image-3636\" title=\"0308tuzolto_V\" src=\"https:\/\/www.agriatv.hu\/wp-content\/uploads\/2011\/03\/0308tuzolto_V-300x240.jpg\" alt=\"\" width=\"137\" height=\"109\" srcset=\"https:\/\/www.agriatv.hu\/wp-content\/uploads\/2011\/03\/0308tuzolto_V-300x240.jpg 300w, https:\/\/www.agriatv.hu\/wp-content\/uploads\/2011\/03\/0308tuzolto_V.jpg 720w\" sizes=\"auto, (max-width: 137px) 100vw, 137px\" \/><\/a>\u00c1llom\u00e1nygy\u0171l\u00e9st tartott az Egri Hivat\u00e1sos \u00d6nkorm\u00e1nyzati T\u0171zolt\u00f3s\u00e1g, melyen \u00e9rt\u00e9kelt\u00e9k a 2010-ben el\u00e9rt eredm\u00e9nyeiket, sz\u00e1mad\u00e1st tartottak, mind dolgoz\u00f3ik, mind pedig fenntart\u00f3juk az Egri \u00d6nkorm\u00e1nyzat fel\u00e9. A besz\u00e1mol\u00f3n r\u00e9szt vett a helyi Katasztr\u00f3fav\u00e9delem, a Rend\u0151rs\u00e9g \u00e9s a B\u00fcntet\u00e9sfel\u00fcgyelet k\u00e9pvisel\u0151i mellett R\u00e1zsi Botond alpolg\u00e1rmester is.<\/p>\n<p>A mintegy 20 milli\u00f3 forintos \u00e1llami t\u00e1mogat\u00e1s megvon\u00e1s ellen\u00e9re is eredm\u00e9nyesen z\u00e1rt\u00e1k a 2010-es \u00e9vet, mondta el Seres Tibor megb\u00edzott parancsnok. Egerben \u00e9s k\u00f6rny\u00e9k\u00e9n 88 vonul\u00f3 t\u0171zolt\u00f3 teljes\u00edt szolg\u00e1latot, akik \u00e1tlag\u00e9letkora nem haladja meg a 34 \u00e9vet. A t\u0171zolt\u00f3k \u00e1ll\u00f3k\u00e9pess\u00e9g\u00e9t sport versenyekkel is fokozz\u00e1k, az elm\u00falt esztend\u0151ben a r\u00f6plabda bajnoks\u00e1got szerveztek, amib\u0151l \u00a0hagyom\u00e1nyt szeretn\u00e9nek teremteni. A folyamatos k\u00e9pz\u00e9sek \u00e9s fejleszt\u00e9sek hat\u00e1s\u00e1ra az \u00e1llom\u00e1ny 68%-a kiv\u00e1l\u00f3 min\u0151s\u00edt\u00e9st kapott.<\/p>\n<p>A \u00a097 %-ban \u00e1llami t\u00e1mogat\u00e1ssal m\u0171k\u00f6d\u0151 szervezetet az \u00d6nkorm\u00e1nyzat is sok p\u00e1ly\u00e1zati lehet\u0151s\u00e9gben t\u00e1mogatta, ez\u00e1ltal lehet\u0151s\u00e9g\u00fck volt \u00faj eszk\u00f6z\u00f6k v\u00e1s\u00e1rl\u00e1s\u00e1ra, a dolgoz\u00f3k munkahelyi komfortj\u00e1nak jav\u00edt\u00e1s\u00e1ra. Beszerz\u00e9sre ker\u00fclt egy magasb\u00f3l ment\u0151 g\u00e9pj\u00e1rm\u0171, egy bobcat, 8 l\u00e9gz\u0151k\u00e9sz\u00fcl\u00e9k, valamint fel\u00faj\u00edtott\u00e1k a parancsnoks\u00e1g \u00e9p\u00fclet\u00e9ben tal\u00e1lhat\u00f3 \u00e9tkezd\u00e9t \u00e9s egy\u00e9b kiszolg\u00e1l\u00f3 helys\u00e9geket.<\/p>\n<p>Kiemelt jelent\u0151s\u00e9get tulajdon\u00edtanak a k\u00f6rnyez\u0151 falvakkal val\u00f3 kapcsolattart\u00e1sra, az \u00d6nkorm\u00e1nyzati falunapokon val\u00f3 r\u00e9szv\u00e9telekre, valamint az Egerben megrendez\u00e9sre ker\u00fcl\u0151 K\u00e9kl\u00e1mp\u00e1s napra. Az \u00f6nk\u00e9ntes egyes\u00fcletekkel konstrukt\u00edv egy\u00fcttm\u0171k\u00f6d\u00e9st folytatva kiemelked\u0151 eredm\u00e9nyeket \u00e9rnek el, ezen munka hat\u00e1s\u00e1ra Bodonyban \u00e9s Verpel\u00e9ten \u00fajra m\u0171k\u00f6dhet t\u0171zolt\u00f3s\u00e1g.<\/p>\n<div class=\"wordtube\">\n<div class=\"wordtube single226\" id=\"WT1_1\" style=\"width:320px; height:240px;\">\n<a href=\"http:\/\/www.macromedia.com\/go\/getflashplayer\">Get the Flash Player<\/a> to see the wordTube Media Player.\n<\/div><\/div>\n\t<script type=\"text\/javascript\" defer=\"defer\">\nvar WT1_1 = {\n\tparams : {\n\t\twmode : \"opaque\",\n\t\tallowscriptaccess : \"always\",\n\t\tallownetworking : \"all\",\n\t\tallowfullscreen : \"true\"},\n\tflashvars : {\n\t\tfile : \"http%3A%2F%2Fwww.agriatv.hu%2Fwp-content%2Fuploads%2F2011%2F03%2F0308tuzolto.flv\",\n\t\tvolume : \"80\",\n\t\tbufferlength : \"5\",\n\t\tquality : \"false\",\n\t\t'logo.hide' : \"false\",\n\t\timage : \"http%3A%2F%2Fwww.agriatv.hu%2Fwp-content%2Fuploads%2F2011%2F03%2F0308tuzolto.jpg\",\n\t\ttitle : \"0308tuzolto.flv\",\n\t\tlinktarget : \"_self\"},\n\tattr : {\n\t\tid : \"WT1\",\n\t\tname : \"WT1\"},\n\tstart : function() {\n\t\tswfobject.embedSWF(\"https:\/\/www.agriatv.hu\/\/player.swf\", \"WT1_1\", \"320\", \"240\", \"9.0.0\", false, this.flashvars, this.params , this.attr );\n\t}\n}\nWT1_1.start();\n\t<\/script>\n\n<p>A 2010-es \u00e9v katasztr\u00f3f\u00e1inak hat\u00e1s\u00e1ra a Korm\u00e1ny ism\u00e9telten \u00e1llami ir\u00e1ny\u00edt\u00e1s al\u00e1 vonja a T\u0171zolt\u00f3s\u00e1got rem\u00e9lve ezzel, hogy rendezettebb\u00e9 \u00e9s hat\u00e9konyabb\u00e1 tehetik munk\u00e1jukat a sz\u00e9ls\u0151s\u00e9ges helyzetekben is, lev\u00e9ve a polg\u00e1rmesterek v\u00e1ll\u00e1r\u00f3l a d\u00f6nt\u00e9shozatal felel\u0151ss\u00e9g\u00e9t.<\/p>\n<p>\u00d6sszegz\u00e9sk\u00e9nt elmondt\u00e1k, a nehezebb gazd\u00e1lkod\u00e1si k\u00f6r\u00fclm\u00e9nyek \u00a0\u00e9s a v\u00e1rhat\u00f3 v\u00e1ltoz\u00e1sok ellen\u00e9re, eredm\u00e9nyes \u00e9vet tudnak maguk m\u00f6g\u00f6tt \u00e9s az elk\u00f6vetkezend\u0151kben is felel\u0151s \u00e9s hat\u00e9kony munk\u00e1t fognak v\u00e9gezni.<\/p>\n","protected":false},"excerpt":{"rendered":"<p>\u00c1llom\u00e1nygy\u0171l\u00e9st tartott az Egri Hivat\u00e1sos \u00d6nkorm\u00e1nyzati T\u0171zolt\u00f3s\u00e1g, melyen \u00e9rt\u00e9kelt\u00e9k a 2010-ben el\u00e9rt eredm\u00e9nyeiket, sz\u00e1mad\u00e1st tartottak, mind dolgoz\u00f3ik, mind pedig fenntart\u00f3juk az Egri \u00d6nkorm\u00e1nyzat fel\u00e9. A besz\u00e1mol\u00f3n r\u00e9szt vett a helyi Katasztr\u00f3fav\u00e9delem, a Rend\u0151rs\u00e9g \u00e9s a B\u00fcntet\u00e9sfel\u00fcgyelet k\u00e9pvisel\u0151i mellett R\u00e1zsi Botond alpolg\u00e1rmester is.<br \/>\nA mintegy 20 milli\u00f3 forintos \u00e1llami t\u00e1mogat\u00e1s megvon\u00e1s ellen\u00e9re is eredm\u00e9nyesen z\u00e1rt\u00e1k a 2010-es [&#8230;]<\/p>\n","protected":false},"author":4,"featured_media":0,"comment_status":"open","ping_status":"open","sticky":false,"template":"","format":"standard","meta":{"footnotes":""},"categories":[5],"tags":[],"class_list":["post-3635","post","type-post","status-publish","format-standard","hentry","category-kek-hirek"],"_links":{"self":[{"href":"https:\/\/www.agriatv.hu\/index.php?rest_route=\/wp\/v2\/posts\/3635","targetHints":{"allow":["GET"]}}],"collection":[{"href":"https:\/\/www.agriatv.hu\/index.php?rest_route=\/wp\/v2\/posts"}],"about":[{"href":"https:\/\/www.agriatv.hu\/index.php?rest_route=\/wp\/v2\/types\/post"}],"author":[{"embeddable":true,"href":"https:\/\/www.agriatv.hu\/index.php?rest_route=\/wp\/v2\/users\/4"}],"replies":[{"embeddable":true,"href":"https:\/\/www.agriatv.hu\/index.php?rest_route=%2Fwp%2Fv2%2Fcomments&post=3635"}],"version-history":[{"count":1,"href":"https:\/\/www.agriatv.hu\/index.php?rest_route=\/wp\/v2\/posts\/3635\/revisions"}],"predecessor-version":[{"id":3637,"href":"https:\/\/www.agriatv.hu\/index.php?rest_route=\/wp\/v2\/posts\/3635\/revisions\/3637"}],"wp:attachment":[{"href":"https:\/\/www.agriatv.hu\/index.php?rest_route=%2Fwp%2Fv2%2Fmedia&parent=3635"}],"wp:term":[{"taxonomy":"category","embeddable":true,"href":"https:\/\/www.agriatv.hu\/index.php?rest_route=%2Fwp%2Fv2%2Fcategories&post=3635"},{"taxonomy":"post_tag","embeddable":true,"href":"https:\/\/www.agriatv.hu\/index.php?rest_route=%2Fwp%2Fv2%2Ftags&post=3635"}],"curies":[{"name":"wp","href":"https:\/\/api.w.org\/{rel}","templated":true}]}}