{"id":3644,"date":"2011-03-08T23:02:34","date_gmt":"2011-03-08T23:02:34","guid":{"rendered":"http:\/\/www.agriatv.hu\/?p=3644"},"modified":"2011-03-08T23:02:34","modified_gmt":"2011-03-08T23:02:34","slug":"ketszeres-tuljelentkezes-az-egri-gimnaziumokba","status":"publish","type":"post","link":"https:\/\/www.agriatv.hu\/?p=3644","title":{"rendered":"K\u00e9tszeres t\u00faljelentkez\u00e9s az egri gimn\u00e1ziumokba"},"content":{"rendered":"<p>&nbsp;<\/p>\n<p><img loading=\"lazy\" decoding=\"async\" class=\"alignleft\" src=\"http:\/\/www.egriszin.hu\/RenderedContents\/IndexImages\/7\/7382-20110308111727-gim.jpg\" alt=\"\" width=\"150\" height=\"106\" \/><\/p>\n<p><strong>Az Eger MJV \u00d6nkorm\u00e1nyzat\u00e1nak fenntart\u00e1s\u00e1ba tartoz\u00f3 h\u00e9t  k\u00f6z\u00e9piskol\u00e1ba \u00f6sszesen 2550 nyolcadik oszt\u00e1lyos tanul\u00f3 adta be  jelentkez\u00e9s\u00e9t a 2011\/12-es tan\u00e9vre. <\/strong><\/p>\n<div>A Dob\u00f3 Istv\u00e1n Gimn\u00e1zium, a Szil\u00e1gyi Erzs\u00e9bet  Gimn\u00e1zium \u00e9s a P\u00e1sztorv\u00f6lgyi Gimn\u00e1zium \u00f6sszesen 12 oszt\u00e1lyt ind\u00edt. 1212  di\u00e1k jelezte, hogy gimn\u00e1ziumi oszt\u00e1lyban szeretn\u00e9 folytatni  tanulm\u00e1nyait, a t\u00faljelentkez\u00e9s \u00e1tlagban h\u00e1romszoros. A h\u00e1rom eml\u00edtett  tanint\u00e9zm\u00e9nybe 397 fiatal nyerhet felv\u00e9telt.<br \/>\nA szakk\u00f6z\u00e9piskol\u00e1k \u00e9s  szakk\u00e9pz\u00e9si int\u00e9zm\u00e9nyek 26 oszt\u00e1lyt ind\u00edtanak 776 f\u0151vel. A n\u00e9gy  int\u00e9zm\u00e9nybe (Andr\u00e1ssy, Kossuth Zsuzsa, Kereskedelmi, Bornemissza) 1338  tanul\u00f3 adta be jelentkez\u00e9s\u00e9t.<br \/>\nAz adatokb\u00f3l kider\u00fcl, hogy a h\u00e9t egri,  \u00f6nkorm\u00e1nyzati fenntart\u00e1s\u00fa k\u00f6z\u00e9piskol\u00e1ban 2011 szeptember\u00e9ben 38 oszt\u00e1ly  indul 1173 tanul\u00f3val. Meg\u00e1llap\u00edthat\u00f3 az is, hogy ezekbe az int\u00e9zm\u00e9nyekbe  csaknem 2,2-szeres volt a t\u00faljelentkez\u00e9s. A Szil\u00e1gyi Erzs\u00e9bet Gimn\u00e1zium  165 f\u00e9r\u0151hely\u00e9re 624 tanul\u00f3 p\u00e1ly\u00e1zott, m\u00edg a szakk\u00f6z\u00e9piskol\u00e1k k\u00f6z\u00f6tt a  Kereskedelmi, Mez\u0151gazdas\u00e1gi, Vend\u00e9gl\u00e1t\u00f3ipari Szakk\u00f6z\u00e9p-, Szakiskola \u00e9s  Koll\u00e9gium 523 jelentkez\u00e9st regisztr\u00e1lt, k\u00f6z\u00fcl\u00fck 336 f\u0151 nyerhet  felv\u00e9telt.<\/p>\n<p>A k\u00f6z\u00e9piskol\u00e1k m\u00e1rcius 11-ig tartj\u00e1k a sz\u00f3beli  meghallgat\u00e1sokat, ezut\u00e1n alakulnak ki a v\u00e9gleges felv\u00e9teli pontsz\u00e1mok. A  tanint\u00e9zm\u00e9nyeknek legk\u00e9s\u0151bb m\u00e1rcius 16-ig el kell k\u00e9sz\u00edteni\u00fck \u00e9s  nyilv\u00e1noss\u00e1gra kell hozniuk az iskola ideiglenes felv\u00e9teli jegyz\u00e9k\u00e9t,  majd m\u00e1rcius 17-18-\u00e1n a nyolcadikos tanul\u00f3knak m\u00e9g lehet\u0151s\u00e9g\u00fck lesz a  tanul\u00f3i adatlap m\u00f3dos\u00edt\u00e1s\u00e1ra. A v\u00e9gleges felv\u00e9teli jegyz\u00e9ket a Felv\u00e9teli  K\u00f6zpont alak\u00edtja ki, a felv\u00e9telr\u0151l, vagy az elutas\u00edt\u00e1sr\u00f3l sz\u00f3l\u00f3  \u00e9rtes\u00edt\u0151t a di\u00e1koknak \u00e1prilis 27-ig kell k\u00e9zhez kapniuk. A k\u00f6z\u00e9piskolai  beiratkoz\u00e1sokat j\u00fanius 27-29-ig tartj\u00e1k Egerben, a konkr\u00e9t id\u0151pontot az  iskola igazgat\u00f3ja hat\u00e1rozza meg.<\/p><\/div>\n<p><a type=\"button_count\" name=\"fb_share\" href=\"http:\/\/www.facebook.com\/sharer.php?u=http%3A%2F%2Fwww.egriszin.hu%2F%3Fc%3Dcikk%26id%3D7382&amp;t=Egrisz%C3%ADn%3A%20K%C3%A9tszeres%20t%C3%BAljelentkez%C3%A9s%20az%20egri%20gimn%C3%A1ziumokba&amp;src=sp\"><\/a><\/p>\n","protected":false},"excerpt":{"rendered":"<p>&nbsp;<\/p>\n<p>Az Eger MJV \u00d6nkorm\u00e1nyzat\u00e1nak fenntart\u00e1s\u00e1ba tartoz\u00f3 h\u00e9t  k\u00f6z\u00e9piskol\u00e1ba \u00f6sszesen 2550 nyolcadik oszt\u00e1lyos tanul\u00f3 adta be  jelentkez\u00e9s\u00e9t a 2011\/12-es tan\u00e9vre.<br \/>\nA Dob\u00f3 Istv\u00e1n Gimn\u00e1zium, a Szil\u00e1gyi Erzs\u00e9bet  Gimn\u00e1zium \u00e9s a P\u00e1sztorv\u00f6lgyi Gimn\u00e1zium \u00f6sszesen 12 oszt\u00e1lyt ind\u00edt. 1212  di\u00e1k jelezte, hogy gimn\u00e1ziumi oszt\u00e1lyban szeretn\u00e9 folytatni  tanulm\u00e1nyait, a t\u00faljelentkez\u00e9s \u00e1tlagban h\u00e1romszoros. A h\u00e1rom [&#8230;]<\/p>\n","protected":false},"author":4,"featured_media":0,"comment_status":"open","ping_status":"closed","sticky":false,"template":"","format":"standard","meta":{"footnotes":""},"categories":[9],"tags":[],"class_list":["post-3644","post","type-post","status-publish","format-standard","hentry","category-oktatas"],"_links":{"self":[{"href":"https:\/\/www.agriatv.hu\/index.php?rest_route=\/wp\/v2\/posts\/3644","targetHints":{"allow":["GET"]}}],"collection":[{"href":"https:\/\/www.agriatv.hu\/index.php?rest_route=\/wp\/v2\/posts"}],"about":[{"href":"https:\/\/www.agriatv.hu\/index.php?rest_route=\/wp\/v2\/types\/post"}],"author":[{"embeddable":true,"href":"https:\/\/www.agriatv.hu\/index.php?rest_route=\/wp\/v2\/users\/4"}],"replies":[{"embeddable":true,"href":"https:\/\/www.agriatv.hu\/index.php?rest_route=%2Fwp%2Fv2%2Fcomments&post=3644"}],"version-history":[{"count":1,"href":"https:\/\/www.agriatv.hu\/index.php?rest_route=\/wp\/v2\/posts\/3644\/revisions"}],"predecessor-version":[{"id":3645,"href":"https:\/\/www.agriatv.hu\/index.php?rest_route=\/wp\/v2\/posts\/3644\/revisions\/3645"}],"wp:attachment":[{"href":"https:\/\/www.agriatv.hu\/index.php?rest_route=%2Fwp%2Fv2%2Fmedia&parent=3644"}],"wp:term":[{"taxonomy":"category","embeddable":true,"href":"https:\/\/www.agriatv.hu\/index.php?rest_route=%2Fwp%2Fv2%2Fcategories&post=3644"},{"taxonomy":"post_tag","embeddable":true,"href":"https:\/\/www.agriatv.hu\/index.php?rest_route=%2Fwp%2Fv2%2Ftags&post=3644"}],"curies":[{"name":"wp","href":"https:\/\/api.w.org\/{rel}","templated":true}]}}