{"id":3646,"date":"2011-03-08T23:04:07","date_gmt":"2011-03-08T23:04:07","guid":{"rendered":"http:\/\/www.agriatv.hu\/?p=3646"},"modified":"2011-03-08T23:04:07","modified_gmt":"2011-03-08T23:04:07","slug":"%e2%80%9ebunbakok-es-aldozatok%e2%80%9d-avagy-szocialis-valsag-alulnezetbol","status":"publish","type":"post","link":"https:\/\/www.agriatv.hu\/?p=3646","title":{"rendered":"\u201eB\u0171nbakok \u00e9s \u00e1ldozatok\u201d, avagy szoci\u00e1lis v\u00e1ls\u00e1g aluln\u00e9zetb\u0151l"},"content":{"rendered":"<p class=\"cikkcikkei\">&nbsp;<\/p>\n<p><img loading=\"lazy\" decoding=\"async\" class=\"kiskepcikkhez alignleft\" src=\"http:\/\/www.egriszin.hu\/RenderedContents\/IndexImages\/7\/7385-20110308121433-sos.png\" alt=\"\" width=\"135\" height=\"150\" \/><\/p>\n<p><strong>Az Orb\u00e1n csomag megszor\u00edt\u00e1sai a legelesettebbekb\u0151l csin\u00e1lnak b\u0171nbakot. Mintha \u0151k tehetn\u00e9nek arr\u00f3l, hogy a gazdagokat t\u00e1mogat\u00f3 ad\u00f3rendszer bevezet\u00e9se miatt csak az id\u00e9n 600 milli\u00e1rd forint bev\u00e9telt\u0151l esik el a k\u00f6lts\u00e9gvet\u00e9s\u2026- mondta el dr. S\u00f3s Tam\u00e1s keddi budapesti sajt\u00f3t\u00e1j\u00e9koztat\u00f3j\u00e1n.<\/strong><\/p>\n<div>A szoci\u00e1lis v\u00e1ls\u00e1got el\u0151id\u00e9z\u0151 f\u0151bb t\u00e9nyez\u0151k:<br \/>\n\u2022\u00a0\u00a0 \u00a0az ad\u00f3rendszer igazs\u00e1gtalan \u00e1talak\u00edt\u00e1sa (az ad\u00f3j\u00f3v\u00e1\u00edr\u00e1s sz\u0171k\u00edt\u00e9se, a gazdagabbakat jobban t\u00e1mogat\u00f3 csal\u00e1di ad\u00f3alap-kedvezm\u00e9ny bevezet\u00e9se, a j\u00e1rul\u00e9kemel\u00e9s)<br \/>\n\u2022\u00a0\u00a0 \u00a0a szoci\u00e1lis t\u00e1mogat\u00e1sok, csal\u00e1dt\u00e1mogat\u00e1sok befagyaszt\u00e1sa<br \/>\n\u2022\u00a0\u00a0 \u00a0a munkahelyteremt\u00e9s elmarad\u00e1sa<br \/>\n\u2022\u00a0\u00a0 \u00a0a k\u00f6zfoglalkoztat\u00e1s rendszer\u00e9nek sz\u00e9tver\u00e9se<\/p>\n<p>Ad\u00f3rendszer, csal\u00e1di ad\u00f3z\u00e1s<\/p>\n<p>A nemzetgazdas\u00e1gi t\u00e1rca k\u00f6zlem\u00e9nye szerint k\u00f6zel 700 ezer csal\u00e1d r\u00e9szes\u00fcl csal\u00e1di ad\u00f3alap-kedvezm\u00e9nyben. Ez azonban j\u00f3val kevesebb, mint ah\u00e1ny gyermekes csal\u00e1d van, hiszen csal\u00e1di p\u00f3tl\u00e9kra t\u00f6bb mint 1,2 milli\u00f3 csal\u00e1d jogosult. Azaz az \u00e9rintettek legal\u00e1bb 40%-a nem r\u00e9szes\u00fcl a kedvezm\u00e9nyben.<\/p>\n<p>Ezen k\u00edv\u00fcl fontos tudni, hogy a jelenlegi csal\u00e1di kedvezm\u00e9ny az ad\u00f3z\u00f3 brutt\u00f3 b\u00e9r\u00e9b\u0151l ker\u00fcl levon\u00e1sra, ez\u00e9rt bizonyos szintig egyszer\u0171en nem tudj\u00e1k kihaszn\u00e1lni a kedvezm\u00e9nyt.<\/p>\n<p>\u2022\u00a0\u00a0 \u00a0Az egy gyermeket nevel\u0151k kb. 110 ezer forintt\u00f3l tudja teljesen ig\u00e9nybe venni a kedvezm\u00e9nyt, eset\u00fckben ez 10 ezer forintot jelent.<br \/>\n\u2022\u00a0\u00a0 \u00a0A k\u00e9t gyermekes havi 160 ezer forintos keresett\u0151l tudj\u00e1k a 20 ezer forintnyi kedvezm\u00e9nyt megkapni.<br \/>\n\u2022\u00a0\u00a0 \u00a0A h\u00e1rom vagy t\u00f6bb gyermeket nevel\u0151k 490 ezer forintt\u00f3l vehetik teljes m\u00e9rt\u00e9kben ig\u00e9nybe a gyermekenk\u00e9nti 33 ezer forintos kedvezm\u00e9nyt.<\/p>\n<p>Mivel a sokgyermekes csal\u00e1dok k\u00f6z\u00fcl csak a magasabb j\u00f6vedelm\u0171ek tudj\u00e1k teljesen ig\u00e9nybe venni a kedvezm\u00e9nyt, \u00edgy \u00e9ppen a nagyobb szeg\u00e9nys\u00e9gi kock\u00e1zat\u00fa h\u00e1rom vagy t\u00f6bbgyermekes csal\u00e1dok nem jutnak majd hozz\u00e1 a teljes kedvezm\u00e9nyhez. A K\u00f6lts\u00e9gvet\u00e9si Tan\u00e1cs \u0151szi becsl\u00e9se alapj\u00e1n alig 5%-uk kapja meg azt teljes m\u00e9rt\u00e9kben.<\/p>\n<p>Ma m\u00e1r a gyakorlatban is sokan l\u00e1thatj\u00e1k, hogy az ad\u00f3j\u00f3v\u00e1\u00edr\u00e1s sz\u0171k\u00edt\u00e9se, a sokak sz\u00e1m\u00e1ra nem teljes m\u00e9rt\u00e9kben ig\u00e9nybe vehet\u0151 ad\u00f3-alapkedvezm\u00e9ny nem a v\u00e1rt hat\u00e1st eredm\u00e9nyezte: nem n\u0151tt a fizet\u00e9se. Az infl\u00e1ci\u00f3t is figyelembe v\u00e9ve a gyermektelenek eset\u00e9ben k\u00fcl\u00f6n\u00f6sen nagy re\u00e1lb\u00e9rcs\u00f6kken\u00e9s is el\u0151fordulhat.<\/p>\n<p>A napokban megjelent egy tanulm\u00e1ny, amely szerint az Orsz\u00e1gos \u00c9rdekegyeztet\u0151 Tan\u00e1cs \u00e1ltal aj\u00e1nlott 5-6%-os brutt\u00f3 b\u00e9remel\u00e9si \u00fctem nem elegend\u0151 ahhoz, hogy az alacsonyabb kereset\u0171 gyermektelenek re\u00e1lj\u00f6vedelme 2011-re ne cs\u00f6kkenjen.\u00a0 Sz\u00e1m\u00edt\u00e1sok szerint, ha valaki nem keres havi brutt\u00f3 290 ezer forintot \u00e9s nem tudja a gyerekkedvezm\u00e9nyt \u00e9rv\u00e9nyes\u00edteni, m\u00e9g egy 5 sz\u00e1zal\u00e9kos b\u00e9remel\u00e9ssel is 3-5 sz\u00e1zal\u00e9kot vesz\u00edt a re\u00e1lj\u00f6vedelm\u00e9b\u0151l. Azonban, ha nem emelik a munkav\u00e1llal\u00f3 b\u00e9r\u00e9t, akkor ak\u00e1r 9%-os re\u00e1lb\u00e9rcs\u00f6kken\u00e9st is elszenvedhetnek az \u00e9rintettek.<\/p>\n<p>Egyesek szerint ak\u00e1r a m\u00e1sf\u00e9lmilli\u00f3t is el\u00e9rheti azok sz\u00e1ma, akiknek az 5 sz\u00e1zal\u00e9kos b\u00e9remel\u00e9s sem el\u00e9g a re\u00e1lb\u00e9r szinten marad\u00e1s\u00e1hoz . Ez pedig m\u00e9g a nemzeti egy\u00fcttm\u0171k\u00f6d\u00e9s rendszer\u00e9ben is k\u00e9tszer akkora sz\u00e1m, mint a csal\u00e1di kedvezm\u00e9nyt kap\u00f3 700 ezer csal\u00e1d.<\/p>\n<p>Szoci\u00e1lis t\u00e1mogat\u00e1sok<br \/>\nAz idei k\u00f6lts\u00e9gvet\u00e9sben sok esetben cs\u00f6kkentett\u00e9k a szoci\u00e1lis t\u00e1mogat\u00e1sokra ford\u00edthat\u00f3 keretet, a nyugd\u00edjminimumot nem emelt\u00e9k, ez\u00e9rt az ell\u00e1t\u00e1sok \u00f6sszegei nomin\u00e1lisan sem v\u00e1ltoztak, re\u00e1l\u00e9rt\u00e9k\u00fckben tov\u00e1bb zuhantak.<\/p>\n<p>K\u00f6zfoglalkoztat\u00e1s \u00e1tszervez\u00e9se<br \/>\nA korm\u00e1ny m\u00e1r erre az \u00e9vre azt \u00edg\u00e9rte, hogy \u00e1talak\u00edtja a k\u00f6zfoglalkoztat\u00e1s rendszer\u00e9t, \u00e9s a tavalyi nagyj\u00e1b\u00f3l 100.000-rel szemben id\u00e9n 220.000 embernek ad k\u00f6zmunk\u00e1t. Csakhogy a k\u00f6lts\u00e9gvet\u00e9sben erre sz\u00e1nt 64 milli\u00e1rd forint n\u00e9gy h\u00f3napra sem el\u00e9g, ha nyolc\u00f3r\u00e1s munkaid\u0151vel \u00e9s minim\u00e1lb\u00e9rrel sz\u00e1molunk, \u00e9s n\u00e9gy\u00f3r\u00e1s munkaviszonnyal is csak b\u0151 f\u00e9l\u00e9ves foglalkoztat\u00e1st tesz lehet\u0151v\u00e9.<br \/>\nA mostani rendszerben az \u00f6nkorm\u00e1nyzatnak jobban meg\u00e9ri seg\u00e9lyen tartani a jogosultakat, mint bevonni \u0151ket a k\u00f6zfoglalkoztat\u00e1sba.<\/p>\n<p>Orb\u00e1n-csomag<\/p>\n<p>A j\u00f3l\u00e9ti rendszer egyes elemei tal\u00e1n korrig\u00e1l\u00e1sra szorulnak, de a most bejelentett megszor\u00edt\u00e1sok csak a p\u00e9nzbehajt\u00e1sr\u00f3l sz\u00f3lnak, hasonl\u00f3k\u00e9ppen, mint a mag\u00e1nnyugd\u00edj-p\u00e9nzt\u00e1ri befizet\u00e9sek leny\u00fal\u00e1sa. Az sem jelentett nyugd\u00edjreformot, mint ahogy az sem reform, hogy emberek sz\u00e1zezreit fenyegetik, \u00e9s riogatj\u00e1k \u0151ket azzal, hogy b\u00e1rmikor ell\u00e1tatlanokk\u00e1 v\u00e1lhatnak, ak\u00e1r a rokkantell\u00e1t\u00e1s ter\u00fclet\u00e9n, ak\u00e1r a munkan\u00e9lk\u00fcli ell\u00e1t\u00e1sokn\u00e1l, vagy egy\u00e9b szoci\u00e1lis ter\u00fcleten.<\/p>\n<p>Rokkantell\u00e1t\u00e1s<br \/>\nA bejelent\u00e9sek szerint sz\u00e1zezer embert\u0151l akarj\u00e1k megvonni az ell\u00e1t\u00e1st valamilyen m\u00f3don. A megszor\u00edt\u00e1sok nagyj\u00e1b\u00f3l 550 ezer f\u0151t \u00e9rinthetnek, akiknek ell\u00e1t\u00e1saira t\u00f6bb mint 380 milli\u00e1rd forintot terveztek be az idei k\u00f6lts\u00e9gvet\u00e9sbe. A sz\u00e1zezer f\u0151s l\u00e9tsz\u00e1mcs\u00f6kkent\u00e9s azt jelenti, hogy az \u00e9rintettek majd 20%-\u00e1nak a meg\u00e9lhet\u00e9s\u00e9t vesz\u00e9lyezteti a korm\u00e1ny, hiszen megfelel\u0151 rehabilit\u00e1ci\u00f3, illetve munkahely n\u00e9lk\u00fcl m\u00e9g a \u201elegeg\u00e9szs\u00e9gesebbek\u201d sem fognak tudni munk\u00e1t v\u00e1llalni.<\/p>\n<p>T\u00e1pp\u00e9nzszab\u00e1lyok<br \/>\nA korm\u00e1ny szerint a t\u00e1pp\u00e9nzcsal\u00f3k ellen is fel kell l\u00e9pni. Ezzel szemben, nemzetk\u00f6zi \u00f6sszehasonl\u00edt\u00f3 adatok szerint n\u00e1lunk hamarabb visszat\u00e9rnek a t\u00e1pp\u00e9nzr\u0151l a munkav\u00e1llal\u00f3k, mint sok, n\u00e1lunk fejlettebb uni\u00f3s orsz\u00e1gban.<br \/>\nA Bajnai kabinet a t\u00e1pp\u00e9nzszab\u00e1lyokon m\u00e1r v\u00e1ltoztatott, annak \u00e9rdek\u00e9ben, hogy ne adjon okot a vissza\u00e9l\u00e9sre a rendszer.<br \/>\nA KSH adati szerint 2003 \u00f3ta folyamatosan cs\u00f6kken az alkalmaz\u00e1sban \u00e1ll\u00f3 t\u00e1pp\u00e9nzesek napi \u00e1tlagos l\u00e9tsz\u00e1ma. (H\u00e9t \u00e9v alatt 30 ezer f\u0151vel cs\u00f6kkent a l\u00e9tsz\u00e1m.) Hasonl\u00f3an m\u00e9rs\u00e9kl\u0151d\u00f6tt ezen id\u0151szakban a t\u00e1pp\u00e9nzes napok sz\u00e1ma is.<\/p>\n<p>Oktat\u00e1s<br \/>\nA korm\u00e1ny tervei szerint a tank\u00f6telezetts\u00e9g korhat\u00e1r\u00e1t cs\u00f6kkenti akarja 18-r\u00f3l 15 \u00e9vre.<br \/>\nJelenleg nagyj\u00e1b\u00f3l 600.000 a 15-19 \u00e9ves kor\u00faak sz\u00e1ma, k\u00f6z\u00fcl\u00fck 450.000-en k\u00f6z\u00e9piskolai tanul\u00f3k (gimn\u00e1zium, szakk\u00f6z\u00e9piskola), m\u00edg 150.000-an szakiskol\u00e1ban tanulnak. Val\u00f3sz\u00edn\u0171, hogy azok, akik \u00e1ltal\u00e1nos iskola ut\u00e1n munk\u00e1ba \u00e1lln\u00e1nak, f\u0151k\u00e9nt ez ut\u00f3bbi csoportb\u00f3l ker\u00fclnek ki, \u00e1m nyilv\u00e1nosan egyetlen becsl\u00e9s sem hangzott el arr\u00f3l, hogy ez h\u00e1ny ember lehet.<br \/>\nEzzel tov\u00e1bb rombolj\u00e1k a munkaer\u0151-piaci lehet\u0151s\u00e9geket \u00e9s a fiatalok k\u00e9s\u0151bbi kil\u00e1t\u00e1sait a munkav\u00e1llal\u00e1s tekintet\u00e9ben.<\/p>\n<p>Munkan\u00e9lk\u00fcli ell\u00e1t\u00e1s<br \/>\nAz elk\u00e9pzel\u00e9sek tartalmaznak egy drasztikusjavaslatot, mely szerint a mostani 270 napot 90 napra faragn\u00e1 le az \u00e1ll\u00e1skeres\u00e9si j\u00e1rad\u00e9k foly\u00f3s\u00edt\u00e1si idej\u00e9nek, vagyis csak 3 h\u00f3napig j\u00e1rna \u00e1ll\u00e1skeres\u00e9si t\u00e1mogat\u00e1s. Tov\u00e1bb\u00e1 a j\u00e1rad\u00e9k \u00f6sszeg\u00e9t is cs\u00f6kkenthetik. Ezzel az am\u00fagy is neh\u00e9z helyzetben l\u00e9v\u0151, dolgozni akar\u00f3kt\u00f3l veszik el a mindennapi meg\u00e9lhet\u00e9st. &#8211; \u00e1ll\u00edtja dr. S\u00f3s Tam\u00e1s MSZP -s orsz\u00e1ggy\u0171l\u00e9s k\u00e9pvisel\u0151.<\/p><\/div>\n","protected":false},"excerpt":{"rendered":"<p>&nbsp;<\/p>\n<p>Az Orb\u00e1n csomag megszor\u00edt\u00e1sai a legelesettebbekb\u0151l csin\u00e1lnak b\u0171nbakot. Mintha \u0151k tehetn\u00e9nek arr\u00f3l, hogy a gazdagokat t\u00e1mogat\u00f3 ad\u00f3rendszer bevezet\u00e9se miatt csak az id\u00e9n 600 milli\u00e1rd forint bev\u00e9telt\u0151l esik el a k\u00f6lts\u00e9gvet\u00e9s\u2026- mondta el dr. S\u00f3s Tam\u00e1s keddi budapesti sajt\u00f3t\u00e1j\u00e9koztat\u00f3j\u00e1n.<br \/>\nA szoci\u00e1lis v\u00e1ls\u00e1got el\u0151id\u00e9z\u0151 f\u0151bb t\u00e9nyez\u0151k:<br \/>\n\u2022\u00a0\u00a0 \u00a0az ad\u00f3rendszer igazs\u00e1gtalan \u00e1talak\u00edt\u00e1sa (az ad\u00f3j\u00f3v\u00e1\u00edr\u00e1s sz\u0171k\u00edt\u00e9se, a gazdagabbakat jobban t\u00e1mogat\u00f3 csal\u00e1di [&#8230;]<\/p>\n","protected":false},"author":4,"featured_media":0,"comment_status":"open","ping_status":"closed","sticky":false,"template":"","format":"standard","meta":{"footnotes":""},"categories":[3],"tags":[],"class_list":["post-3646","post","type-post","status-publish","format-standard","hentry","category-politika"],"_links":{"self":[{"href":"https:\/\/www.agriatv.hu\/index.php?rest_route=\/wp\/v2\/posts\/3646","targetHints":{"allow":["GET"]}}],"collection":[{"href":"https:\/\/www.agriatv.hu\/index.php?rest_route=\/wp\/v2\/posts"}],"about":[{"href":"https:\/\/www.agriatv.hu\/index.php?rest_route=\/wp\/v2\/types\/post"}],"author":[{"embeddable":true,"href":"https:\/\/www.agriatv.hu\/index.php?rest_route=\/wp\/v2\/users\/4"}],"replies":[{"embeddable":true,"href":"https:\/\/www.agriatv.hu\/index.php?rest_route=%2Fwp%2Fv2%2Fcomments&post=3646"}],"version-history":[{"count":1,"href":"https:\/\/www.agriatv.hu\/index.php?rest_route=\/wp\/v2\/posts\/3646\/revisions"}],"predecessor-version":[{"id":3647,"href":"https:\/\/www.agriatv.hu\/index.php?rest_route=\/wp\/v2\/posts\/3646\/revisions\/3647"}],"wp:attachment":[{"href":"https:\/\/www.agriatv.hu\/index.php?rest_route=%2Fwp%2Fv2%2Fmedia&parent=3646"}],"wp:term":[{"taxonomy":"category","embeddable":true,"href":"https:\/\/www.agriatv.hu\/index.php?rest_route=%2Fwp%2Fv2%2Fcategories&post=3646"},{"taxonomy":"post_tag","embeddable":true,"href":"https:\/\/www.agriatv.hu\/index.php?rest_route=%2Fwp%2Fv2%2Ftags&post=3646"}],"curies":[{"name":"wp","href":"https:\/\/api.w.org\/{rel}","templated":true}]}}