{"id":3648,"date":"2011-03-08T23:05:13","date_gmt":"2011-03-08T23:05:13","guid":{"rendered":"http:\/\/www.agriatv.hu\/?p=3648"},"modified":"2011-03-08T23:05:13","modified_gmt":"2011-03-08T23:05:13","slug":"%e2%80%9ekerdesek-az-alkotmanyrol%e2%80%9d","status":"publish","type":"post","link":"https:\/\/www.agriatv.hu\/?p=3648","title":{"rendered":"\u201eK\u00c9RD\u00c9SEK AZ ALKOTM\u00c1NYR\u00d3L\u201d"},"content":{"rendered":"<p class=\"cikkcikkei\">&nbsp;<\/p>\n<p><img loading=\"lazy\" decoding=\"async\" class=\"kiskepcikkhez alignleft\" src=\"http:\/\/www.egriszin.hu\/RenderedContents\/IndexImages\/7\/7384-20110308120459-konyv.jpg\" alt=\"\" width=\"150\" height=\"75\" \/><\/p>\n<p><strong>&#8222;K\u00e9rd\u00e9sek az \u00faj Alkotm\u00e1nyr\u00f3l&#8221; c\u00edmmel tart nemzeti konzult\u00e1ci\u00f3t Eger Megyei Jog\u00fa V\u00e1ros \u00d6nkorm\u00e1nyzata m\u00e1rcius 11-\u00e9n, 15.00 \u00f3rakor a Kereszt\u00e9ny Ifj\u00fas\u00e1gi Klubban. <\/strong><\/p>\n<p>A k\u00e9sz\u00fcl\u0151 alapt\u00f6rv\u00e9ny \u00fcgy\u00e9t nagyon fontosnak tartjuk \u00e9s sz\u00e1m\u00edtunk a lakoss\u00e1g v\u00e9lem\u00e9ny\u00e9re. El\u0151ad\u00f3nk dr. Luk\u00e1cs Tam\u00e1s, a parlamenti Alkotm\u00e1ny-el\u0151k\u00e9sz\u00edt\u0151 eseti Bizotts\u00e1g tagja.<br \/>\nAz \u00f6nkorm\u00e1nyzat k\u00e9ri az egri polg\u00e1rokat, hogy sz\u00e1njanak n\u00e9h\u00e1ny percet egy -12 k\u00e9rd\u00e9sb\u0151l \u00e1ll\u00f3- k\u00e9rd\u0151\u00edv kit\u00f6lt\u00e9s\u00e9re a kerdoiv.eger.hu oldalon, ezzel is seg\u00edtve a konzult\u00e1ci\u00f3 folyamat\u00e1t.<\/p>\n<p>A visszajelz\u00e9seket \u00f6nkorm\u00e1nyzatunk m\u00e1rcius k\u00f6zep\u00e9n eljuttatja a Nemzeti Konzult\u00e1ci\u00f3s Test\u00fclethez.<\/p>\n","protected":false},"excerpt":{"rendered":"<p>&nbsp;<\/p>\n<p>&#8222;K\u00e9rd\u00e9sek az \u00faj Alkotm\u00e1nyr\u00f3l&#8221; c\u00edmmel tart nemzeti konzult\u00e1ci\u00f3t Eger Megyei Jog\u00fa V\u00e1ros \u00d6nkorm\u00e1nyzata m\u00e1rcius 11-\u00e9n, 15.00 \u00f3rakor a Kereszt\u00e9ny Ifj\u00fas\u00e1gi Klubban.<br \/>\nA k\u00e9sz\u00fcl\u0151 alapt\u00f6rv\u00e9ny \u00fcgy\u00e9t nagyon fontosnak tartjuk \u00e9s sz\u00e1m\u00edtunk a lakoss\u00e1g v\u00e9lem\u00e9ny\u00e9re. El\u0151ad\u00f3nk dr. Luk\u00e1cs Tam\u00e1s, a parlamenti Alkotm\u00e1ny-el\u0151k\u00e9sz\u00edt\u0151 eseti Bizotts\u00e1g tagja.<br \/>\nAz \u00f6nkorm\u00e1nyzat k\u00e9ri az egri polg\u00e1rokat, hogy sz\u00e1njanak n\u00e9h\u00e1ny percet egy -12 k\u00e9rd\u00e9sb\u0151l [&#8230;]<\/p>\n","protected":false},"author":4,"featured_media":0,"comment_status":"open","ping_status":"closed","sticky":false,"template":"","format":"standard","meta":{"footnotes":""},"categories":[3],"tags":[],"class_list":["post-3648","post","type-post","status-publish","format-standard","hentry","category-politika"],"_links":{"self":[{"href":"https:\/\/www.agriatv.hu\/index.php?rest_route=\/wp\/v2\/posts\/3648","targetHints":{"allow":["GET"]}}],"collection":[{"href":"https:\/\/www.agriatv.hu\/index.php?rest_route=\/wp\/v2\/posts"}],"about":[{"href":"https:\/\/www.agriatv.hu\/index.php?rest_route=\/wp\/v2\/types\/post"}],"author":[{"embeddable":true,"href":"https:\/\/www.agriatv.hu\/index.php?rest_route=\/wp\/v2\/users\/4"}],"replies":[{"embeddable":true,"href":"https:\/\/www.agriatv.hu\/index.php?rest_route=%2Fwp%2Fv2%2Fcomments&post=3648"}],"version-history":[{"count":2,"href":"https:\/\/www.agriatv.hu\/index.php?rest_route=\/wp\/v2\/posts\/3648\/revisions"}],"predecessor-version":[{"id":3650,"href":"https:\/\/www.agriatv.hu\/index.php?rest_route=\/wp\/v2\/posts\/3648\/revisions\/3650"}],"wp:attachment":[{"href":"https:\/\/www.agriatv.hu\/index.php?rest_route=%2Fwp%2Fv2%2Fmedia&parent=3648"}],"wp:term":[{"taxonomy":"category","embeddable":true,"href":"https:\/\/www.agriatv.hu\/index.php?rest_route=%2Fwp%2Fv2%2Fcategories&post=3648"},{"taxonomy":"post_tag","embeddable":true,"href":"https:\/\/www.agriatv.hu\/index.php?rest_route=%2Fwp%2Fv2%2Ftags&post=3648"}],"curies":[{"name":"wp","href":"https:\/\/api.w.org\/{rel}","templated":true}]}}