{"id":3652,"date":"2011-03-09T23:12:25","date_gmt":"2011-03-09T23:12:25","guid":{"rendered":"http:\/\/www.agriatv.hu\/?p=3652"},"modified":"2011-03-09T23:12:25","modified_gmt":"2011-03-09T23:12:25","slug":"megyei-megmerettetes-biologiabol","status":"publish","type":"post","link":"https:\/\/www.agriatv.hu\/?p=3652","title":{"rendered":"Megyei megm\u00e9rettet\u00e9s biol\u00f3gi\u00e1b\u00f3l"},"content":{"rendered":"<p><a href=\"https:\/\/www.agriatv.hu\/wp-content\/uploads\/2011\/03\/0309eu_V.jpg\"><img loading=\"lazy\" decoding=\"async\" class=\"alignleft size-medium wp-image-3654\" title=\"0309eu_V\" src=\"https:\/\/www.agriatv.hu\/wp-content\/uploads\/2011\/03\/0309eu_V-300x240.jpg\" alt=\"\" width=\"121\" height=\"97\" srcset=\"https:\/\/www.agriatv.hu\/wp-content\/uploads\/2011\/03\/0309eu_V-300x240.jpg 300w, https:\/\/www.agriatv.hu\/wp-content\/uploads\/2011\/03\/0309eu_V.jpg 720w\" sizes=\"auto, (max-width: 121px) 100vw, 121px\" \/><\/a>A Kossuth Zsuzsa Gimn\u00e1zium, Szakk\u00e9pz\u0151 Iskola \u00e9s Koll\u00e9gium adott otthont a Kitaibel P\u00e1l K\u00f6z\u00e9piskolai Biol\u00f3giai \u00e9s K\u00f6rnyezetv\u00e9delmi tanulm\u00e1nyi verseny m\u00e1sodik fordul\u00f3j\u00e1nak. A rangos esem\u00e9nyen 30 megyei di\u00e1k vett r\u00e9szt, ebb\u0151l 7 hazai p\u00e1ly\u00e1n versenyz\u0151 di\u00e1k akik az eg\u00e9szs\u00e9g\u00fcgyi iskol\u00e1t k\u00e9pviselik &#8211; mondta el Mat\u00fazn\u00e9 Nagy Ildik\u00f3 igazgat\u00f3n\u0151. A\u00a0 \u00a02 \u00f3r\u00e1s megm\u00e9rettet\u00e9s ut\u00e1n a 9. \u00e9s 10. \u00e9vfolyamb\u00f3l 2-2 gimn\u00e1ziumi \u00e9s 1-1 szakk\u00f6z\u00e9piskolai tanul\u00f3 jut tov\u00e1bb az orsz\u00e1gos d\u00f6nt\u0151re, amit m\u00e1jus elej\u00e9n rendeznek a mosonmagyar\u00f3v\u00e1ri Egyetemen.<\/p>\n<div class=\"wordtube\">\n<div class=\"wordtube single227\" id=\"WT1_1\" style=\"width:320px; height:240px;\">\n<a href=\"http:\/\/www.macromedia.com\/go\/getflashplayer\">Get the Flash Player<\/a> to see the wordTube Media Player.\n<\/div><\/div>\n\t<script type=\"text\/javascript\" defer=\"defer\">\nvar WT1_1 = {\n\tparams : {\n\t\twmode : \"opaque\",\n\t\tallowscriptaccess : \"always\",\n\t\tallownetworking : \"all\",\n\t\tallowfullscreen : \"true\"},\n\tflashvars : {\n\t\tfile : \"http%3A%2F%2Fwww.agriatv.hu%2Fwp-content%2Fuploads%2F2011%2F03%2F0309eu.flv\",\n\t\tvolume : \"80\",\n\t\tbufferlength : \"5\",\n\t\tquality : \"false\",\n\t\t'logo.hide' : \"false\",\n\t\timage : \"http%3A%2F%2Fwww.agriatv.hu%2Fwp-content%2Fuploads%2F2011%2F03%2F0309eu.jpg\",\n\t\ttitle : \"0309eu.flv\",\n\t\tlinktarget : \"_self\"},\n\tattr : {\n\t\tid : \"WT1\",\n\t\tname : \"WT1\"},\n\tstart : function() {\n\t\tswfobject.embedSWF(\"https:\/\/www.agriatv.hu\/\/player.swf\", \"WT1_1\", \"320\", \"240\", \"9.0.0\", false, this.flashvars, this.params , this.attr );\n\t}\n}\nWT1_1.start();\n\t<\/script>\n\n","protected":false},"excerpt":{"rendered":"<p>A Kossuth Zsuzsa Gimn\u00e1zium, Szakk\u00e9pz\u0151 Iskola \u00e9s Koll\u00e9gium adott otthont a Kitaibel P\u00e1l K\u00f6z\u00e9piskolai Biol\u00f3giai \u00e9s K\u00f6rnyezetv\u00e9delmi tanulm\u00e1nyi verseny m\u00e1sodik fordul\u00f3j\u00e1nak. A rangos esem\u00e9nyen 30 megyei di\u00e1k vett r\u00e9szt, ebb\u0151l 7 hazai p\u00e1ly\u00e1n versenyz\u0151 di\u00e1k akik az eg\u00e9szs\u00e9g\u00fcgyi iskol\u00e1t k\u00e9pviselik &#8211; mondta el Mat\u00fazn\u00e9 Nagy Ildik\u00f3 igazgat\u00f3n\u0151. A\u00a0 \u00a02 \u00f3r\u00e1s megm\u00e9rettet\u00e9s ut\u00e1n a 9. \u00e9s [&#8230;]<\/p>\n","protected":false},"author":4,"featured_media":0,"comment_status":"open","ping_status":"closed","sticky":false,"template":"","format":"standard","meta":{"footnotes":""},"categories":[9],"tags":[],"class_list":["post-3652","post","type-post","status-publish","format-standard","hentry","category-oktatas"],"_links":{"self":[{"href":"https:\/\/www.agriatv.hu\/index.php?rest_route=\/wp\/v2\/posts\/3652","targetHints":{"allow":["GET"]}}],"collection":[{"href":"https:\/\/www.agriatv.hu\/index.php?rest_route=\/wp\/v2\/posts"}],"about":[{"href":"https:\/\/www.agriatv.hu\/index.php?rest_route=\/wp\/v2\/types\/post"}],"author":[{"embeddable":true,"href":"https:\/\/www.agriatv.hu\/index.php?rest_route=\/wp\/v2\/users\/4"}],"replies":[{"embeddable":true,"href":"https:\/\/www.agriatv.hu\/index.php?rest_route=%2Fwp%2Fv2%2Fcomments&post=3652"}],"version-history":[{"count":4,"href":"https:\/\/www.agriatv.hu\/index.php?rest_route=\/wp\/v2\/posts\/3652\/revisions"}],"predecessor-version":[{"id":3657,"href":"https:\/\/www.agriatv.hu\/index.php?rest_route=\/wp\/v2\/posts\/3652\/revisions\/3657"}],"wp:attachment":[{"href":"https:\/\/www.agriatv.hu\/index.php?rest_route=%2Fwp%2Fv2%2Fmedia&parent=3652"}],"wp:term":[{"taxonomy":"category","embeddable":true,"href":"https:\/\/www.agriatv.hu\/index.php?rest_route=%2Fwp%2Fv2%2Fcategories&post=3652"},{"taxonomy":"post_tag","embeddable":true,"href":"https:\/\/www.agriatv.hu\/index.php?rest_route=%2Fwp%2Fv2%2Ftags&post=3652"}],"curies":[{"name":"wp","href":"https:\/\/api.w.org\/{rel}","templated":true}]}}