{"id":3658,"date":"2011-03-10T17:47:42","date_gmt":"2011-03-10T17:47:42","guid":{"rendered":"http:\/\/www.agriatv.hu\/?p=3658"},"modified":"2011-03-10T18:00:45","modified_gmt":"2011-03-10T18:00:45","slug":"racs-mogott-az-egri-kepviselok","status":"publish","type":"post","link":"https:\/\/www.agriatv.hu\/?p=3658","title":{"rendered":"R\u00e1cs m\u00f6g\u00f6tt az egri k\u00e9pvisel\u0151k"},"content":{"rendered":"<p><a href=\"https:\/\/www.agriatv.hu\/wp-content\/uploads\/2011\/03\/03010borton_V.bmp\"><img loading=\"lazy\" decoding=\"async\" class=\"alignleft size-full wp-image-3660\" title=\"03010borton_V\" src=\"https:\/\/www.agriatv.hu\/wp-content\/uploads\/2011\/03\/03010borton_V.bmp\" alt=\"\" width=\"142\" height=\"114\" \/><\/a>Egri \u00f6nkorm\u00e1nyzat k\u00e9pvisel\u0151k tettek ma l\u00e1togat\u00e1st a Heves megyei B\u00fcntet\u00e9s V\u00e9grehajt\u00e1si int\u00e9zm\u00e9nyben.<\/p>\n<p>A v\u00e1rosi d\u00f6nt\u00e9shoz\u00f3k el\u0151sz\u00f6r \u00a0a 2010. j\u00fanius \u00f3ta Bel\u00fcgyminiszt\u00e9riumi  fel\u00fcgyelet alatt \u00e1ll\u00f3 egys\u00e9ggel ismerkedtek meg. Magyarorsz\u00e1g jelenleg  kriminol\u00f3giailag a k\u00f6z\u00e9pmez\u0151nyben helyezkedik el, a k\u00f6zel 16700  fogvatartottj\u00e1val, mely egy kisebb v\u00e1ros l\u00e9tsz\u00e1ma. \u00a0Egerben jelenleg 204  b\u0171nelk\u00f6vet\u0151 vagy el\u0151zetes letartoztat\u00e1sban l\u00e9v\u0151 \u00e1llampolg\u00e1runk t\u00f6lti  mindennapjait a r\u00e1csok m\u00f6g\u00f6tt. Az el\u0151zetes-h\u00e1z \u00e9s let\u00f6ltend\u0151-h\u00e1zk\u00e9nt is  funkcion\u00e1l\u00f3 b\u00f6rt\u00f6n mind a n\u00e9gy fogvatart\u00e1si kateg\u00f3ri\u00e1t kiszolg\u00e1lja.  Egerben z\u00f6mmel n\u0151i el\u00edt\u00e9ltek t\u00f6ltik b\u00fcntet\u00e9s\u00fcket, \u0151ket 100 %-ban  foglalkoztatj\u00e1k nagyr\u00e9szt az Ipoly cip\u0151gy\u00e1r alkalmaz\u00e1s\u00e1ban. A 20 f\u00e9rfi  el\u00edt\u00e9lt, f\u0151leg karbantart\u00e1si feladatokat l\u00e1t el a 103 \u00e9ves \u00e9p\u00fcletben.<\/p>\n<p>Az  egri b\u00f6rt\u00f6n kihaszn\u00e1lts\u00e1ga majdnem dupl\u00e1ja az Eu-s el\u0151\u00edr\u00e1soknak, a  szem\u00e9lyenk\u00e9nti 3,5 -4 m2 sem biztos\u00edtott. H\u00e1rom \u00e9vre vezethet\u0151 vissza az a program, amit a b\u00f6rt\u00f6nben b\u00fcntet\u00e9s\u00fcket t\u00f6lt\u0151 el\u00edt\u00e9ltek tesznek \u00e9s v\u00e9geznek k\u00f6rnyezet\u00fcnk sz\u00e9p\u00edt\u00e9s\u00e9\u00e9rt, a \u201eB\u00f6rt\u00f6n a v\u00e1ros\u00e9rt\u201d program. Juh\u00e1sz Attila parancsnok betekint\u00e9st ny\u00fajtott a k\u00e9pvisel\u0151test\u00fclet tagjainak int\u00e9zm\u00e9ny\u00fck mindennapjaiba, eloszlatva azokat a t\u00e9ves sztereot\u00edpi\u00e1kat, amelyek nem csak a v\u00e1roslak\u00f3kban mer\u00fclnek fel.<\/p>\n<p>M\u00e1rcius 15. k\u00f6zeledt\u00e9vel 29. alkalommal sz\u00e9p\u00edtik a v\u00e1ros k\u00f6zter\u00fcleteit a b\u00f6rt\u00f6nlak\u00f3k, ez tev\u00e9kenys\u00e9g nagyban hozz\u00e1j\u00e1rul a reintegr\u00e1ci\u00f3hoz, a k\u00fclvil\u00e1gba val\u00f3 ism\u00e9telt beilleszked\u00e9shez.<div class=\"wordtube\">\n<div class=\"wordtube single228\" id=\"WT1_1\" style=\"width:320px; height:240px;\">\n<a href=\"http:\/\/www.macromedia.com\/go\/getflashplayer\">Get the Flash Player<\/a> to see the wordTube Media Player.\n<\/div><\/div>\n\t<script type=\"text\/javascript\" defer=\"defer\">\nvar WT1_1 = {\n\tparams : {\n\t\twmode : \"opaque\",\n\t\tallowscriptaccess : \"always\",\n\t\tallownetworking : \"all\",\n\t\tallowfullscreen : \"true\"},\n\tflashvars : {\n\t\tfile : \"http%3A%2F%2Fwww.agriatv.hu%2Fwp-content%2Fuploads%2F2011%2F03%2F0310borton.flv\",\n\t\tvolume : \"80\",\n\t\tbufferlength : \"5\",\n\t\tquality : \"false\",\n\t\t'logo.hide' : \"false\",\n\t\timage : \"http%3A%2F%2Fwww.agriatv.hu%2Fwp-content%2Fuploads%2F2011%2F03%2F0310borton.jpg\",\n\t\ttitle : \"0310borton.flv\",\n\t\tlinktarget : \"_self\"},\n\tattr : {\n\t\tid : \"WT1\",\n\t\tname : \"WT1\"},\n\tstart : function() {\n\t\tswfobject.embedSWF(\"https:\/\/www.agriatv.hu\/\/player.swf\", \"WT1_1\", \"320\", \"240\", \"9.0.0\", false, this.flashvars, this.params , this.attr );\n\t}\n}\nWT1_1.start();\n\t<\/script>\n<\/p>\n<p>Az angol mint\u00e1b\u00f3l adapt\u00e1lt programot sikeresen alkalmazt\u00e1k Egerben \u00e9s az \u00f3ta t\u00f6bb B\u00fcntet\u00e9s V\u00e9grehajt\u00e1si int\u00e9zm\u00e9ny is beillesztette mindennapi \u00e9let\u00e9be. Fontosnak tartj\u00e1k, hogy el\u00edt\u00e9ltek ne szakadjanak el a csal\u00e1dt\u00f3l, hozz\u00e1tartoz\u00f3kt\u00f3l, ez\u00e9rt tavaly beind\u00edtott\u00e1k az \u201eEsti mese\u201d programjukat. Ruzsi Marg\u00f3 meseter\u00e1pi\u00e1s programja seg\u00edts\u00e9g\u00e9vel megismerkedtek a magyar n\u00e9pmes\u00e9k vil\u00e1g\u00e1val, megtanulva azokat, Dvd form\u00e1j\u00e1ban eljuttatt\u00e1k szeretteiknek kar\u00e1csonyra.<\/p>\n<p>Sa\u00e1rossy Kinga alpolg\u00e1rmester asszony tov\u00e1bbra is fontosnak tartja a v\u00e1ros \u00e9s a b\u00f6rt\u00f6n egy\u00fcttm\u0171k\u00f6d\u00e9s\u00e9t, az elk\u00f6vetkezend\u0151kben is nagy hangs\u00falyt k\u00edv\u00e1n helyezni a lehet\u0151s\u00e9gekhez m\u00e9rt seg\u00edts\u00e9gny\u00fajt\u00e1sra.<\/p>\n<p>&nbsp;<\/p>\n","protected":false},"excerpt":{"rendered":"<p>Egri \u00f6nkorm\u00e1nyzat k\u00e9pvisel\u0151k tettek ma l\u00e1togat\u00e1st a Heves megyei B\u00fcntet\u00e9s V\u00e9grehajt\u00e1si int\u00e9zm\u00e9nyben.<br \/>\nA v\u00e1rosi d\u00f6nt\u00e9shoz\u00f3k el\u0151sz\u00f6r \u00a0a 2010. j\u00fanius \u00f3ta Bel\u00fcgyminiszt\u00e9riumi  fel\u00fcgyelet alatt \u00e1ll\u00f3 egys\u00e9ggel ismerkedtek meg. Magyarorsz\u00e1g jelenleg  kriminol\u00f3giailag a k\u00f6z\u00e9pmez\u0151nyben helyezkedik el, a k\u00f6zel 16700  fogvatartottj\u00e1val, mely egy kisebb v\u00e1ros l\u00e9tsz\u00e1ma. \u00a0Egerben jelenleg 204  b\u0171nelk\u00f6vet\u0151 vagy el\u0151zetes letartoztat\u00e1sban l\u00e9v\u0151 \u00e1llampolg\u00e1runk [&#8230;]<\/p>\n","protected":false},"author":4,"featured_media":0,"comment_status":"open","ping_status":"closed","sticky":false,"template":"","format":"standard","meta":{"footnotes":""},"categories":[3],"tags":[],"class_list":["post-3658","post","type-post","status-publish","format-standard","hentry","category-politika"],"_links":{"self":[{"href":"https:\/\/www.agriatv.hu\/index.php?rest_route=\/wp\/v2\/posts\/3658","targetHints":{"allow":["GET"]}}],"collection":[{"href":"https:\/\/www.agriatv.hu\/index.php?rest_route=\/wp\/v2\/posts"}],"about":[{"href":"https:\/\/www.agriatv.hu\/index.php?rest_route=\/wp\/v2\/types\/post"}],"author":[{"embeddable":true,"href":"https:\/\/www.agriatv.hu\/index.php?rest_route=\/wp\/v2\/users\/4"}],"replies":[{"embeddable":true,"href":"https:\/\/www.agriatv.hu\/index.php?rest_route=%2Fwp%2Fv2%2Fcomments&post=3658"}],"version-history":[{"count":8,"href":"https:\/\/www.agriatv.hu\/index.php?rest_route=\/wp\/v2\/posts\/3658\/revisions"}],"predecessor-version":[{"id":3674,"href":"https:\/\/www.agriatv.hu\/index.php?rest_route=\/wp\/v2\/posts\/3658\/revisions\/3674"}],"wp:attachment":[{"href":"https:\/\/www.agriatv.hu\/index.php?rest_route=%2Fwp%2Fv2%2Fmedia&parent=3658"}],"wp:term":[{"taxonomy":"category","embeddable":true,"href":"https:\/\/www.agriatv.hu\/index.php?rest_route=%2Fwp%2Fv2%2Fcategories&post=3658"},{"taxonomy":"post_tag","embeddable":true,"href":"https:\/\/www.agriatv.hu\/index.php?rest_route=%2Fwp%2Fv2%2Ftags&post=3658"}],"curies":[{"name":"wp","href":"https:\/\/api.w.org\/{rel}","templated":true}]}}