{"id":3675,"date":"2011-03-11T11:31:35","date_gmt":"2011-03-11T11:31:35","guid":{"rendered":"http:\/\/www.agriatv.hu\/?p=3675"},"modified":"2011-03-11T11:31:35","modified_gmt":"2011-03-11T11:31:35","slug":"paralimpia-egerben","status":"publish","type":"post","link":"https:\/\/www.agriatv.hu\/?p=3675","title":{"rendered":"Paralimpia Egerben"},"content":{"rendered":"<p><a href=\"https:\/\/www.agriatv.hu\/wp-content\/uploads\/2011\/03\/0311para_v.jpg\"><img loading=\"lazy\" decoding=\"async\" class=\"alignleft size-medium wp-image-3676\" title=\"0311para_v\" src=\"https:\/\/www.agriatv.hu\/wp-content\/uploads\/2011\/03\/0311para_v-300x240.jpg\" alt=\"\" width=\"138\" height=\"110\" srcset=\"https:\/\/www.agriatv.hu\/wp-content\/uploads\/2011\/03\/0311para_v-300x240.jpg 300w, https:\/\/www.agriatv.hu\/wp-content\/uploads\/2011\/03\/0311para_v.jpg 720w\" sizes=\"auto, (max-width: 138px) 100vw, 138px\" \/><\/a>26 orsz\u00e1g, 170 versenyz\u0151je vesz r\u00e9szt az Egerben megrendez\u00e9sre ker\u00fcl\u0151 Hungarian Open nemzetk\u00f6zi paralimpiai asztalitenisz versenyen, a Hotel Egerben. Versenyz\u0151k \u00e9rkeztek t\u00f6bbek k\u00f6z\u00f6tt Brazil\u00ed\u00e1b\u00f3l \u00e9s Ausztr\u00e1li\u00e1b\u00f3l is. <div class=\"wordtube\">\n<div class=\"wordtube single229\" id=\"WT1_1\" style=\"width:320px; height:240px;\">\n<a href=\"http:\/\/www.macromedia.com\/go\/getflashplayer\">Get the Flash Player<\/a> to see the wordTube Media Player.\n<\/div><\/div>\n\t<script type=\"text\/javascript\" defer=\"defer\">\nvar WT1_1 = {\n\tparams : {\n\t\twmode : \"opaque\",\n\t\tallowscriptaccess : \"always\",\n\t\tallownetworking : \"all\",\n\t\tallowfullscreen : \"true\"},\n\tflashvars : {\n\t\tfile : \"http%3A%2F%2Fwww.agriatv.hu%2Fwp-content%2Fuploads%2F2011%2F03%2F0311para.flv\",\n\t\tvolume : \"80\",\n\t\tbufferlength : \"5\",\n\t\tquality : \"false\",\n\t\t'logo.hide' : \"false\",\n\t\timage : \"http%3A%2F%2Fwww.agriatv.hu%2Fwp-content%2Fuploads%2F2011%2F03%2F0311para.jpg\",\n\t\ttitle : \"0311para.flv\",\n\t\tlinktarget : \"_self\"},\n\tattr : {\n\t\tid : \"WT1\",\n\t\tname : \"WT1\"},\n\tstart : function() {\n\t\tswfobject.embedSWF(\"https:\/\/www.agriatv.hu\/\/player.swf\", \"WT1_1\", \"320\", \"240\", \"9.0.0\", false, this.flashvars, this.params , this.attr );\n\t}\n}\nWT1_1.start();\n\t<\/script>\n<\/p>\n","protected":false},"excerpt":{"rendered":"<p>26 orsz\u00e1g, 170 versenyz\u0151je vesz r\u00e9szt az Egerben megrendez\u00e9sre ker\u00fcl\u0151 Hungarian Open nemzetk\u00f6zi paralimpiai asztalitenisz versenyen, a Hotel Egerben. Versenyz\u0151k \u00e9rkeztek t\u00f6bbek k\u00f6z\u00f6tt Brazil\u00ed\u00e1b\u00f3l \u00e9s Ausztr\u00e1li\u00e1b\u00f3l is. <\/p>\n","protected":false},"author":4,"featured_media":0,"comment_status":"open","ping_status":"closed","sticky":false,"template":"","format":"standard","meta":{"footnotes":""},"categories":[11],"tags":[],"class_list":["post-3675","post","type-post","status-publish","format-standard","hentry","category-sport"],"_links":{"self":[{"href":"https:\/\/www.agriatv.hu\/index.php?rest_route=\/wp\/v2\/posts\/3675","targetHints":{"allow":["GET"]}}],"collection":[{"href":"https:\/\/www.agriatv.hu\/index.php?rest_route=\/wp\/v2\/posts"}],"about":[{"href":"https:\/\/www.agriatv.hu\/index.php?rest_route=\/wp\/v2\/types\/post"}],"author":[{"embeddable":true,"href":"https:\/\/www.agriatv.hu\/index.php?rest_route=\/wp\/v2\/users\/4"}],"replies":[{"embeddable":true,"href":"https:\/\/www.agriatv.hu\/index.php?rest_route=%2Fwp%2Fv2%2Fcomments&post=3675"}],"version-history":[{"count":4,"href":"https:\/\/www.agriatv.hu\/index.php?rest_route=\/wp\/v2\/posts\/3675\/revisions"}],"predecessor-version":[{"id":3680,"href":"https:\/\/www.agriatv.hu\/index.php?rest_route=\/wp\/v2\/posts\/3675\/revisions\/3680"}],"wp:attachment":[{"href":"https:\/\/www.agriatv.hu\/index.php?rest_route=%2Fwp%2Fv2%2Fmedia&parent=3675"}],"wp:term":[{"taxonomy":"category","embeddable":true,"href":"https:\/\/www.agriatv.hu\/index.php?rest_route=%2Fwp%2Fv2%2Fcategories&post=3675"},{"taxonomy":"post_tag","embeddable":true,"href":"https:\/\/www.agriatv.hu\/index.php?rest_route=%2Fwp%2Fv2%2Ftags&post=3675"}],"curies":[{"name":"wp","href":"https:\/\/api.w.org\/{rel}","templated":true}]}}