{"id":369,"date":"2010-07-07T15:21:12","date_gmt":"2010-07-07T15:21:12","guid":{"rendered":"http:\/\/www.agriatv.hu\/?p=369"},"modified":"2010-07-07T15:26:58","modified_gmt":"2010-07-07T15:26:58","slug":"alkototabor-sirokban","status":"publish","type":"post","link":"https:\/\/www.agriatv.hu\/?p=369","title":{"rendered":"Alkot\u00f3t\u00e1bor Sirokban"},"content":{"rendered":"<p class=\"cikkcikkei\">&nbsp;<\/p>\n<p><img decoding=\"async\" align=\"left\" class=\"kiskepcikkhez\" src=\"http:\/\/www.egriszin.hu\/RenderedContents\/IndexImages\/5\/5756-20100707152409-SANY7943.JPG\" title=\"\" \/><\/p>\n<p><b>K&eacute;t &eacute;vtizedes m&uacute;ltra tekint vissza a minden ny&aacute;ron megrendezett &bdquo;Pedag&oacute;gusok Siroki Alkot&oacute;m\u0171helye&rdquo;, melynek nyit&oacute;ki&aacute;ll&iacute;t&aacute;s&aacute;n a helyi polg&aacute;rmester k&ouml;sz&ouml;nt&ouml;tte az idei t&aacute;bor r&eacute;sztvev\u0151it tegnap este. Az egy h&eacute;ten &aacute;t m\u0171k&ouml;d\u0151 alkot&oacute;m\u0171helyben, kihaszn&aacute;lva a vid&eacute;k &eacute;s a term&eacute;szet k&uuml;l&ouml;nleges adotts&aacute;gait, az orsz&aacute;g k&uuml;l&ouml;nb&ouml;z\u0151 pontjair&oacute;l &eacute;rkezett rajztan&aacute;rok k&ouml;z&ouml;tt &ouml;t egri m\u0171v&eacute;sz is tev&eacute;kenykedik.<\/b><\/p>\n<p align=\"justify\">Elm&eacute;ly&uuml;lts&eacute;g &eacute;s szakralit&aacute;s &aacute;rad a m\u0171vekb\u0151l, &eacute;s mindez benne van a helyi atmoszf&eacute;r&aacute;ban is, hangs&uacute;lyozta Szalay J&oacute;zsef, a Magyar Rajztan&aacute;rok Orsz&aacute;gos Egyes&uuml;let&eacute;nek eln&ouml;ke megnyit&oacute;besz&eacute;d&eacute;ben. A k&ouml;z&ouml;s &eacute;lm&eacute;nyek miszt&eacute;rium&aacute;nak kisug&aacute;rz&aacute;s&aacute;t k&ouml;zvet&iacute;ti a k&ouml;z&ouml;s t&aacute;rlat, ami emberl&eacute;pt&eacute;k\u0171 viszonyt jelent a vil&aacute;ggal, egyfajta &aacute;that&aacute;st a racionalit&aacute;s &eacute;s a misztikum k&ouml;z&ouml;tt.<br \/>\n\tA siroki k&ouml;nyvt&aacute;r ad otthont a k&ouml;zs&eacute;g &ouml;nkorm&aacute;nyzata &aacute;ltal 20 &eacute;ve megrendezett Pedag&oacute;gusok Siroki Alkot&oacute;m\u0171helye idei nyit&oacute;ki&aacute;ll&iacute;t&aacute;s&aacute;nak, amelyen j&oacute;r&eacute;szt a tavalyi m\u0171helymunka legsikeresebb darabjai l&aacute;that&oacute;k.<br \/>\n\tAz idei t&aacute;borban 15 alkot&oacute; vesz r&eacute;szt, az orsz&aacute;g k&uuml;l&ouml;nb&ouml;z\u0151 pontjair&oacute;l.<br \/>\n\tA m\u0171v&eacute;szek k&ouml;z&uuml;l Borics J&oacute;zsef, aki egyben a tal&aacute;lkoz&oacute; szervez\u0151je is, Sirok k&ouml;zs&eacute;get k&eacute;pviseli. Balog K&aacute;lm&aacute;n Hatvanb&oacute;l, Fodor L&aacute;szl&oacute;n&eacute; Hevesr\u0151l, Kapa Melinda T&aacute;tr&oacute;l, Cserni P&eacute;tern&eacute; Esztergomb&oacute;l, G&aacute;l &Eacute;va, K&aacute;llai Margit, Dr. Sz\u0151k&eacute;n&eacute; Mata Magdolna, K&aacute;ntorn&eacute; B&oacute;di Ilona &eacute;s T&oacute;th L&aacute;szl&oacute; Egerb\u0151l, K&ouml;rnyein&eacute; Gere Zsuzsa, Dr. K&ouml;rnyei Zsuzsanna, P&aacute;lffy Katalin, V&aacute;radi Iv&aacute;n Attila &eacute;s Vicsek Tam&aacute;s Budapestr\u0151l &eacute;rkezett.<br \/>\n\tA t&aacute;bornak nemcsak m&uacute;ltja, hanem j&ouml;v\u0151je is van, jelentette ki Lakatos Istv&aacute;n polg&aacute;rmester k&ouml;sz&ouml;nt\u0151j&eacute;ben, hozz&aacute;t&eacute;ve hogy az orsz&aacute;gban jelenleg t&ouml;bb hasonl&oacute; k&ouml;z&ouml;ss&eacute;g is m\u0171k&ouml;dik, de egynek sincs olyan m&uacute;ltja, mint a sirokinak.<br \/>\n\tAhogyan a polg&aacute;rmester elmondta, a t&aacute;bor t&ouml;rt&eacute;nete 1990-ben kezd\u0151d&ouml;tt. Azzal a c&eacute;llal indult, hogy a Sirokban &eacute;l\u0151 m\u0171v&eacute;szek alkot&aacute;si, bemutatkoz&aacute;si lehet\u0151s&eacute;get kapjanak, a m&aacute;shol &eacute;l\u0151ket pedig idecs&aacute;b&iacute;ts&aacute;k a helyi lehet\u0151s&eacute;gek, perspekt&iacute;v&aacute;k, adotts&aacute;gok vonzerej&eacute;vel. Az &uuml;gynek m&aacute;r a kezdetekkor siker&uuml;lt t&aacute;mogat&oacute;kat tal&aacute;lni, &iacute;gy a Heves Megyei M\u0171vel\u0151d&eacute;si K&ouml;zpont, a Pedag&oacute;giai Int&eacute;zet m&aacute;r k&eacute;t &eacute;vtizede seg&iacute;ti a m\u0171hely munk&aacute;j&aacute;t. <br \/>\n\tEredetileg sz\u0171kebb bar&aacute;ti k&ouml;z&ouml;ss&eacute;gb\u0151l alakult ki a rendszeresen r&eacute;szt vev\u0151 csapat, egym&aacute;st aj&aacute;nlott&aacute;k az alkot&oacute;k.<br \/>\n\tA telep&uuml;l&eacute;s &eacute;let&eacute;ben fontos a m\u0171v&eacute;szet, k&ouml;sz&ouml;nhet\u0151en a 20. sz&aacute;zadban &eacute;lt &eacute;s alkotott Borics P&aacute;lnak akit a &bdquo;K\u0151 gyermek&eacute;nek&rdquo; is neveznek, &eacute;s aki a helyi k\u0151farag&oacute;k nev&eacute;ben a telep&uuml;l&eacute;s h&iacute;rnev&eacute;t szerte az orsz&aacute;gban terjesztette. Az \u0151 munk&aacute;i l&aacute;that&oacute;k a k&ouml;nyvt&aacute;rban, ahol az alkot&oacute;m\u0171hely m\u0171v&eacute;szei is ki&aacute;ll&iacute;tott&aacute;k m\u0171veiket.<br \/>\n\tA m\u0171v&eacute;szek az itt tal&aacute;lhat&oacute; t&aacute;jat, az itt &eacute;l\u0151 embereket form&aacute;lj&aacute;k meg munk&aacute;ikban, a hely szelleme r&aacute;nyomja b&eacute;lyeg&eacute;t az alkot&aacute;sokra.<br \/>\n\tA nemr&eacute;g d&iacute;szpolg&aacute;rr&aacute; avatott Borics J&oacute;zsef tan&aacute;r &uacute;r a kezdetek &oacute;ta f&aacute;radhatatlan mozgat&oacute;rug&oacute;ja az alkot&oacute;m\u0171helynek, maga is nagyszer\u0171 alkot&aacute;sok szer&eacute;ny l&eacute;trehoz&oacute;ja, aki nem felt&eacute;tlen keresi a nyilv&aacute;noss&aacute;got. A t&aacute;bor kapcs&aacute;n elmondta, hogy mindig az el\u0151z\u0151 &eacute;vek tapasztalataib&oacute;l kiindulva szervezik meg a tal&aacute;lkoz&oacute;t. A telep&uuml;l&eacute;s &eacute;let&eacute;ben fontos helyet foglal el a m\u0171hely, &eacute;rdekes sz&iacute;nfoltja a ny&aacute;rnak, a helyieket &eacute;rdekli, sz&aacute;m&iacute;tanak r&aacute;. A m\u0171v&eacute;sz azt is kiemelte, hogy a k&ouml;rnyezet, a t&aacute;j inspir&aacute;l&oacute;lag hat a r&eacute;sztvev\u0151kre, rengeteg t&eacute;m&aacute;t k&iacute;n&aacute;l a hely.<\/p>\n<p align=\"justify\">Forr&aacute;s: Egrisz&iacute;n<\/p>\n","protected":false},"excerpt":{"rendered":"<p>&nbsp;<\/p>\n<p>K&eacute;t &eacute;vtizedes m&uacute;ltra tekint vissza a minden ny&aacute;ron megrendezett &bdquo;Pedag&oacute;gusok Siroki Alkot&oacute;m\u0171helye&rdquo;, melynek nyit&oacute;ki&aacute;ll&iacute;t&aacute;s&aacute;n a helyi polg&aacute;rmester k&ouml;sz&ouml;nt&ouml;tte az idei t&aacute;bor r&eacute;sztvev\u0151it tegnap este. Az egy h&eacute;ten &aacute;t m\u0171k&ouml;d\u0151 alkot&oacute;m\u0171helyben, kihaszn&aacute;lva a vid&eacute;k &eacute;s a term&eacute;szet k&uuml;l&ouml;nleges adotts&aacute;gait, az orsz&aacute;g k&uuml;l&ouml;nb&ouml;z\u0151 pontjair&oacute;l &eacute;rkezett rajztan&aacute;rok k&ouml;z&ouml;tt &ouml;t egri m\u0171v&eacute;sz is tev&eacute;kenykedik.<br \/>\nElm&eacute;ly&uuml;lts&eacute;g &eacute;s szakralit&aacute;s &aacute;rad a m\u0171vekb\u0151l, [&#8230;]<\/p>\n","protected":false},"author":4,"featured_media":0,"comment_status":"open","ping_status":"open","sticky":false,"template":"","format":"standard","meta":{"footnotes":""},"categories":[8],"tags":[],"class_list":["post-369","post","type-post","status-publish","format-standard","hentry","category-kultura"],"_links":{"self":[{"href":"https:\/\/www.agriatv.hu\/index.php?rest_route=\/wp\/v2\/posts\/369","targetHints":{"allow":["GET"]}}],"collection":[{"href":"https:\/\/www.agriatv.hu\/index.php?rest_route=\/wp\/v2\/posts"}],"about":[{"href":"https:\/\/www.agriatv.hu\/index.php?rest_route=\/wp\/v2\/types\/post"}],"author":[{"embeddable":true,"href":"https:\/\/www.agriatv.hu\/index.php?rest_route=\/wp\/v2\/users\/4"}],"replies":[{"embeddable":true,"href":"https:\/\/www.agriatv.hu\/index.php?rest_route=%2Fwp%2Fv2%2Fcomments&post=369"}],"version-history":[{"count":2,"href":"https:\/\/www.agriatv.hu\/index.php?rest_route=\/wp\/v2\/posts\/369\/revisions"}],"predecessor-version":[{"id":374,"href":"https:\/\/www.agriatv.hu\/index.php?rest_route=\/wp\/v2\/posts\/369\/revisions\/374"}],"wp:attachment":[{"href":"https:\/\/www.agriatv.hu\/index.php?rest_route=%2Fwp%2Fv2%2Fmedia&parent=369"}],"wp:term":[{"taxonomy":"category","embeddable":true,"href":"https:\/\/www.agriatv.hu\/index.php?rest_route=%2Fwp%2Fv2%2Fcategories&post=369"},{"taxonomy":"post_tag","embeddable":true,"href":"https:\/\/www.agriatv.hu\/index.php?rest_route=%2Fwp%2Fv2%2Ftags&post=369"}],"curies":[{"name":"wp","href":"https:\/\/api.w.org\/{rel}","templated":true}]}}