{"id":3695,"date":"2011-03-14T15:46:34","date_gmt":"2011-03-14T15:46:34","guid":{"rendered":"http:\/\/www.agriatv.hu\/?p=3695"},"modified":"2011-03-14T15:46:34","modified_gmt":"2011-03-14T15:46:34","slug":"magyar-sikerek-a-paralimpiai-versenyen","status":"publish","type":"post","link":"https:\/\/www.agriatv.hu\/?p=3695","title":{"rendered":"Magyar sikerek a paralimpiai versenyen"},"content":{"rendered":"<p><a href=\"https:\/\/www.agriatv.hu\/wp-content\/uploads\/2011\/03\/0313parazaro_v.jpg\"><img loading=\"lazy\" decoding=\"async\" class=\"alignleft size-medium wp-image-3696\" title=\"0313parazaro_v\" src=\"https:\/\/www.agriatv.hu\/wp-content\/uploads\/2011\/03\/0313parazaro_v-300x240.jpg\" alt=\"\" width=\"140\" height=\"112\" srcset=\"https:\/\/www.agriatv.hu\/wp-content\/uploads\/2011\/03\/0313parazaro_v-300x240.jpg 300w, https:\/\/www.agriatv.hu\/wp-content\/uploads\/2011\/03\/0313parazaro_v.jpg 720w\" sizes=\"auto, (max-width: 140px) 100vw, 140px\" \/><\/a> <strong>Szenz\u00e1ci\u00f3san szerepeltek a magyarok az egri Hotel Eger &amp; Parkban, illetve a Sportcsarnokban rendezett Hungarian Open nemzetk\u00f6zi asztalitenisz ranglista-versenyen.<\/strong><\/p>\n<p>A magyar csapat \u00f6t arany-, egy ez\u00fcst- \u00e9s egy bronz\u00e9remmel z\u00e1rta a Hungarian Open nemzetk\u00f6zi asztalitenisz ranglista-versenyt a Hotel Eger &amp; Parkban, \u00e9s a Dr. Kem\u00e9ny Ferenc Sportcsarnokban.<br \/>\nA vas\u00e1rnap befejez\u0151d\u00f6tt csapatversenyben a magyar m\u00e9rleg h\u00e1rom arany\u00e9rem \u00e9s egy negyedik helyez\u00e9s. A d\u00edjakat a most zajl\u00f3 z\u00e1r\u00f3 cerem\u00f3ni\u00e1n <strong>Czene Attila<\/strong>, a Nemzeti Er\u0151forr\u00e1s Miniszt\u00e9rium sport\u00e9rt felel\u0151s \u00e1llamtitk\u00e1ra jelenl\u00e9t\u00e9ben veszik \u00e1t a legjobbak.<\/p>\n<p>A 3-as kateg\u00f3ri\u00e1ban a kerekessz\u00e9kesekn\u00e9l <strong>Barab\u00e1s Bal\u00e1zs<\/strong> szerb csapatt\u00e1rs\u00e1val mindenkit legy\u0151zve (\u00f6t egy\u00fcttes nevezett, ez\u00e9rt k\u00f6rm\u00e9rk\u0151z\u00e9ses rendszerben bonyol\u00edtott\u00e1k le a viadalt) v\u00e9gzett az \u00e9len \u2013 t\u00e1j\u00e9koztatta port\u00e1lunkat <strong>Bernau P\u00e9ter<\/strong>, a Magyar Paralimpiai Bizotts\u00e1g sajt\u00f3f\u0151n\u00f6ke.<\/p>\n<p>A 10-esekn\u00e9l <strong>Bics\u00e1k Bettina<\/strong> brazil t\u00e1rssal a negyedd\u00f6nt\u0151ben 3:2-nyert egy norv\u00e9g-belga kett\u0151s ellen, az el\u0151d\u00f6nt\u0151ben szint\u00e9n 3:2-re gy\u0151z\u00f6tt a v\u00e9gs\u0151 gy\u0151zelemre leges\u00e9lyesebbnek tartott ausztr\u00e1l kett\u0151s ellen, \u00e9s a d\u00f6nt\u0151ben 3-1-re verte azt az olasz-szlov\u00e9n p\u00e1rost, amely a negyedd\u00f6nt\u0151ben <strong>Arl\u00f3y Zs\u00f3fi\u00e1t<\/strong> \u00e9s szlov\u00e1k partner\u00e9t b\u00facs\u00faztatta 3:2-vel.<\/p>\n<div class=\"wordtube\">\n<div class=\"wordtube single232\" id=\"WT1_1\" style=\"width:320px; height:240px;\">\n<a href=\"http:\/\/www.macromedia.com\/go\/getflashplayer\">Get the Flash Player<\/a> to see the wordTube Media Player.\n<\/div><\/div>\n\t<script type=\"text\/javascript\" defer=\"defer\">\nvar WT1_1 = {\n\tparams : {\n\t\twmode : \"opaque\",\n\t\tallowscriptaccess : \"always\",\n\t\tallownetworking : \"all\",\n\t\tallowfullscreen : \"true\"},\n\tflashvars : {\n\t\tfile : \"http%3A%2F%2Fwww.agriatv.hu%2Fwp-content%2Fuploads%2F2011%2F03%2F0313parazaro.flv\",\n\t\tvolume : \"80\",\n\t\tbufferlength : \"5\",\n\t\tquality : \"false\",\n\t\t'logo.hide' : \"false\",\n\t\timage : \"http%3A%2F%2Fwww.agriatv.hu%2Fwp-content%2Fuploads%2F2011%2F03%2F0313parazaro.jpg\",\n\t\ttitle : \"0313parazaro.flv\",\n\t\tlinktarget : \"_self\"},\n\tattr : {\n\t\tid : \"WT1\",\n\t\tname : \"WT1\"},\n\tstart : function() {\n\t\tswfobject.embedSWF(\"https:\/\/www.agriatv.hu\/\/player.swf\", \"WT1_1\", \"320\", \"240\", \"9.0.0\", false, this.flashvars, this.params , this.attr );\n\t}\n}\nWT1_1.start();\n\t<\/script>\n\n<p>A f\u00e9rfiakn\u00e1l a 10-es kateg\u00f3ri\u00e1ban a <strong>Berecki-testv\u00e9rek<\/strong> remekeltek. <strong>Zsolt<\/strong> \u00e9s <strong>Dezs\u0151<\/strong> az el\u0151d\u00f6nt\u0151ben magabiztosan nyertek 3:0-ra a brazil csapat ellen, majd a fin\u00e1l\u00e9ban hatalmas k\u00fczdelemben gy\u0151ztek 3:2-re a nagyon er\u0151s francia kett\u0151s ellen, az utols\u00f3, mindent eld\u00f6nt\u0151 tal\u00e1lkoz\u00f3n Zsolt t\u00f6bbsz\u00f6r is rem\u00e9nytelennek t\u0171n\u0151 helyzetb\u0151l j\u00f6tt vissza a m\u00e9rk\u0151z\u00e9sbe, \u201eterm\u00e9szetes\u201d ennek is 3:2 lett a v\u00e9ge, mint a d\u00f6nt\u0151 \u00f6t meccs\u00e9b\u0151l n\u00e9gynek.<br \/>\nA f\u00e9rfiak 8:9-es \u00f6sszevont kateg\u00f3ri\u00e1j\u00e1ban a <strong>Csonka Andr\u00e1s<\/strong>, <strong>Zborai Gyula<\/strong> \u00f6ssze\u00e1ll\u00edt\u00e1s\u00fa csapatunk az el\u0151d\u00f6nt\u0151ben 3:1-es veres\u00e9get szenvedett att\u00f3l a francia csapatt\u00f3l, amelyik a koreai vil\u00e1gbajnoks\u00e1gon is nyert a mieink ellen a n\u00e9gy k\u00f6z\u00f6tt, majd a harmadik hely\u00e9rt a mal\u00e1j, cseh du\u00f3 is 3-1-re nyert a mieink ellen.<\/p>\n<p>&#8211; Az eg\u00e9sz magyar csapat j\u00f3l szerepelt, mindenki megtette a mag\u00e1\u00e9t \u2013 \u00e9rt\u00e9kelt port\u00e1lunknak az egy\u00e9niben kiv\u00e1l\u00f3an j\u00e1tszott Csonka Andr\u00e1s. \u2013 A csapatbeli szerepl\u00e9sre r\u00e1nyomta a b\u00e9lyeg\u00e9t az id\u0151k\u00f6zben szerzett h\u00e1ts\u00e9r\u00fcl\u00e9sem. A Hotel Eger &amp; Park kiv\u00e1l\u00f3 helysz\u00ednnek bizonyult, \u00e9s az is sokat sz\u00e1m\u00edtott, hogy a kerekessz\u00e9kesek \u00e9s az \u00e1llva versenyz\u0151k k\u00fcl\u00f6n j\u00e1tszottak. Ha nagyon kifog\u00e1st akarn\u00e9k keresni, akkor tal\u00e1n azt eml\u00edten\u00e9m, hogy a s\u00e1rga labda jobb lett volna a feh\u00e9r helyett a feh\u00e9r padl\u00f3zaton. De ez t\u00e9nyleg csak apr\u00f3s\u00e1g, \u00f6sszess\u00e9g\u00e9ben nagyon el\u00e9gedettek lehet\u00fcnk.<\/p>\n<p>Forr\u00e1s: HEOL<\/p>\n","protected":false},"excerpt":{"rendered":"<p> Szenz\u00e1ci\u00f3san szerepeltek a magyarok az egri Hotel Eger &amp; Parkban, illetve a Sportcsarnokban rendezett Hungarian Open nemzetk\u00f6zi asztalitenisz ranglista-versenyen.<br \/>\nA magyar csapat \u00f6t arany-, egy ez\u00fcst- \u00e9s egy bronz\u00e9remmel z\u00e1rta a Hungarian Open nemzetk\u00f6zi asztalitenisz ranglista-versenyt a Hotel Eger &amp; Parkban, \u00e9s a Dr. Kem\u00e9ny Ferenc Sportcsarnokban.<br \/>\nA vas\u00e1rnap befejez\u0151d\u00f6tt csapatversenyben a magyar m\u00e9rleg h\u00e1rom arany\u00e9rem [&#8230;]<\/p>\n","protected":false},"author":4,"featured_media":0,"comment_status":"open","ping_status":"closed","sticky":false,"template":"","format":"standard","meta":{"footnotes":""},"categories":[11],"tags":[],"class_list":["post-3695","post","type-post","status-publish","format-standard","hentry","category-sport"],"_links":{"self":[{"href":"https:\/\/www.agriatv.hu\/index.php?rest_route=\/wp\/v2\/posts\/3695","targetHints":{"allow":["GET"]}}],"collection":[{"href":"https:\/\/www.agriatv.hu\/index.php?rest_route=\/wp\/v2\/posts"}],"about":[{"href":"https:\/\/www.agriatv.hu\/index.php?rest_route=\/wp\/v2\/types\/post"}],"author":[{"embeddable":true,"href":"https:\/\/www.agriatv.hu\/index.php?rest_route=\/wp\/v2\/users\/4"}],"replies":[{"embeddable":true,"href":"https:\/\/www.agriatv.hu\/index.php?rest_route=%2Fwp%2Fv2%2Fcomments&post=3695"}],"version-history":[{"count":4,"href":"https:\/\/www.agriatv.hu\/index.php?rest_route=\/wp\/v2\/posts\/3695\/revisions"}],"predecessor-version":[{"id":3700,"href":"https:\/\/www.agriatv.hu\/index.php?rest_route=\/wp\/v2\/posts\/3695\/revisions\/3700"}],"wp:attachment":[{"href":"https:\/\/www.agriatv.hu\/index.php?rest_route=%2Fwp%2Fv2%2Fmedia&parent=3695"}],"wp:term":[{"taxonomy":"category","embeddable":true,"href":"https:\/\/www.agriatv.hu\/index.php?rest_route=%2Fwp%2Fv2%2Fcategories&post=3695"},{"taxonomy":"post_tag","embeddable":true,"href":"https:\/\/www.agriatv.hu\/index.php?rest_route=%2Fwp%2Fv2%2Ftags&post=3695"}],"curies":[{"name":"wp","href":"https:\/\/api.w.org\/{rel}","templated":true}]}}