{"id":3701,"date":"2011-03-14T21:26:10","date_gmt":"2011-03-14T21:26:10","guid":{"rendered":"http:\/\/www.agriatv.hu\/?p=3701"},"modified":"2011-03-14T21:26:10","modified_gmt":"2011-03-14T21:26:10","slug":"marcius-15","status":"publish","type":"post","link":"https:\/\/www.agriatv.hu\/?p=3701","title":{"rendered":"M\u00e1rcius 15."},"content":{"rendered":"<p class=\"cikkcikkei\">&nbsp;<\/p>\n<p><img loading=\"lazy\" decoding=\"async\" class=\"kiskepcikkhez alignleft\" src=\"http:\/\/www.egriszin.hu\/RenderedContents\/IndexImages\/7\/7407-20110314204356-kokarda.jpg\" alt=\"\" width=\"87\" height=\"150\" \/><\/p>\n<p><strong>Az \u00fcnneps\u00e9g 10 \u00f3rakor szentmis\u00e9vel kezd\u0151dik a Bazilik\u00e1ban, majd 11 \u00f3rakor a G\u00e1rdonyi G\u00e9za Sz\u00ednh\u00e1zban folytat\u00f3dik a 1848\/49-es forradalom \u00e9s szabads\u00e1gharc tisztelet\u00e9re rendezett megeml\u00e9kez\u00e9s, ahol k\u00f6sz\u00f6nt\u0151t mond Habis L\u00e1szl\u00f3 polg\u00e1rmester.<\/strong><\/p>\n<p>Ezut\u00e1n \u201eKarth\u00e1g\u00f3i harangok\u201d c\u00edmmel irodalmi m\u0171sor l\u00e1that\u00f3 a sz\u00ednh\u00e1z  m\u0171v\u00e9szeinek el\u0151ad\u00e1s\u00e1ban. K\u00f6zrem\u0171k\u00f6dnek: Balogh Andr\u00e1s, Feh\u00e9r Istv\u00e1n,  Horv\u00e1th Ferenc, H\u00fcse Csaba, N\u00e1dasy Erika, Sz\u00edv\u00f3s Gy\u0151z\u0151, valamint az  Andornakt\u00e1lyai Faluk\u00f3rus, V\u00e1mosi L\u00e1szl\u00f3 vezet\u00e9s\u00e9vel.<\/p>\n<p>12.00 \u00f3r\u00e1t\u00f3l t\u00e9rzene sz\u00f3l a Pet\u0151fi-szoborn\u00e1l a Fels\u0151t\u00e1rk\u00e1nyi F\u00fav\u00f3szenekar j\u00f3volt\u00e1b\u00f3l, majd 12.30-t\u00f3l a k\u00f6z\u00e9piskolai sz\u00f3noki besz\u00e9d\u00edr\u00f3 verseny gy\u0151ztes\u00e9t, Varga Gerg\u0151t, az EKF Gyakorl\u00f3 \u00c1ltanos Iskola tanul\u00f3j\u00e1t hallgathatja meg a k\u00f6z\u00f6ns\u00e9g. A rendezv\u00e9ny koszor\u00faz\u00e1ssal \u00e9r v\u00e9get.<\/p>\n","protected":false},"excerpt":{"rendered":"<p>&nbsp;<\/p>\n<p>Az \u00fcnneps\u00e9g 10 \u00f3rakor szentmis\u00e9vel kezd\u0151dik a Bazilik\u00e1ban, majd 11 \u00f3rakor a G\u00e1rdonyi G\u00e9za Sz\u00ednh\u00e1zban folytat\u00f3dik a 1848\/49-es forradalom \u00e9s szabads\u00e1gharc tisztelet\u00e9re rendezett megeml\u00e9kez\u00e9s, ahol k\u00f6sz\u00f6nt\u0151t mond Habis L\u00e1szl\u00f3 polg\u00e1rmester.<br \/>\nEzut\u00e1n \u201eKarth\u00e1g\u00f3i harangok\u201d c\u00edmmel irodalmi m\u0171sor l\u00e1that\u00f3 a sz\u00ednh\u00e1z  m\u0171v\u00e9szeinek el\u0151ad\u00e1s\u00e1ban. K\u00f6zrem\u0171k\u00f6dnek: Balogh Andr\u00e1s, Feh\u00e9r Istv\u00e1n,  Horv\u00e1th Ferenc, H\u00fcse Csaba, N\u00e1dasy Erika, Sz\u00edv\u00f3s Gy\u0151z\u0151, [&#8230;]<\/p>\n","protected":false},"author":4,"featured_media":0,"comment_status":"open","ping_status":"closed","sticky":false,"template":"","format":"standard","meta":{"footnotes":""},"categories":[6,8,4],"tags":[],"class_list":["post-3701","post","type-post","status-publish","format-standard","hentry","category-belfold","category-kultura","category-szabadido"],"_links":{"self":[{"href":"https:\/\/www.agriatv.hu\/index.php?rest_route=\/wp\/v2\/posts\/3701","targetHints":{"allow":["GET"]}}],"collection":[{"href":"https:\/\/www.agriatv.hu\/index.php?rest_route=\/wp\/v2\/posts"}],"about":[{"href":"https:\/\/www.agriatv.hu\/index.php?rest_route=\/wp\/v2\/types\/post"}],"author":[{"embeddable":true,"href":"https:\/\/www.agriatv.hu\/index.php?rest_route=\/wp\/v2\/users\/4"}],"replies":[{"embeddable":true,"href":"https:\/\/www.agriatv.hu\/index.php?rest_route=%2Fwp%2Fv2%2Fcomments&post=3701"}],"version-history":[{"count":2,"href":"https:\/\/www.agriatv.hu\/index.php?rest_route=\/wp\/v2\/posts\/3701\/revisions"}],"predecessor-version":[{"id":3703,"href":"https:\/\/www.agriatv.hu\/index.php?rest_route=\/wp\/v2\/posts\/3701\/revisions\/3703"}],"wp:attachment":[{"href":"https:\/\/www.agriatv.hu\/index.php?rest_route=%2Fwp%2Fv2%2Fmedia&parent=3701"}],"wp:term":[{"taxonomy":"category","embeddable":true,"href":"https:\/\/www.agriatv.hu\/index.php?rest_route=%2Fwp%2Fv2%2Fcategories&post=3701"},{"taxonomy":"post_tag","embeddable":true,"href":"https:\/\/www.agriatv.hu\/index.php?rest_route=%2Fwp%2Fv2%2Ftags&post=3701"}],"curies":[{"name":"wp","href":"https:\/\/api.w.org\/{rel}","templated":true}]}}