{"id":3705,"date":"2011-03-15T20:04:49","date_gmt":"2011-03-15T20:04:49","guid":{"rendered":"http:\/\/www.agriatv.hu\/?p=3705"},"modified":"2011-03-15T20:04:49","modified_gmt":"2011-03-15T20:04:49","slug":"marcius-15-egerben","status":"publish","type":"post","link":"https:\/\/www.agriatv.hu\/?p=3705","title":{"rendered":"M\u00e1rcius 15. Egerben"},"content":{"rendered":"<p><a href=\"https:\/\/www.agriatv.hu\/wp-content\/uploads\/2011\/03\/0315koszoru_V.jpg\"><img loading=\"lazy\" decoding=\"async\" class=\"alignleft size-medium wp-image-3707\" title=\"0315koszoru_V\" src=\"https:\/\/www.agriatv.hu\/wp-content\/uploads\/2011\/03\/0315koszoru_V-300x240.jpg\" alt=\"\" width=\"130\" height=\"104\" srcset=\"https:\/\/www.agriatv.hu\/wp-content\/uploads\/2011\/03\/0315koszoru_V-300x240.jpg 300w, https:\/\/www.agriatv.hu\/wp-content\/uploads\/2011\/03\/0315koszoru_V.jpg 720w\" sizes=\"auto, (max-width: 130px) 100vw, 130px\" \/><\/a>\u201eM\u00e1rcius 15-e h\u0151seit\u0151l meg kell tanulni, hogy a szabads\u00e1g nem g\u00e1tl\u00e1stalans\u00e1got, nem szabadoss\u00e1got jelent, hanem m\u00e9rs\u00e9kletess\u00e9get, nagyobb \u00f6nfegyelmet, szeretetet \u00e9s meg\u00e9rt\u00e9st.\u201d- ezekkel a szavakkal z\u00e1rta Habis L\u00e1szl\u00f3 polg\u00e1rmester besz\u00e9d\u00e9t a G\u00e1rdonyi G\u00e9za sz\u00ednh\u00e1zban, a hagyom\u00e1nyos 1848-as megeml\u00e9kez\u00e9sen. A rendezv\u00e9nyt megel\u0151z\u0151en szentmis\u00e9t tartottak a Bazilik\u00e1ban. Z\u00e1r\u00f3 programk\u00e9nt t\u00f6bb sz\u00e1zan vettek r\u00e9szt a ver\u0151f\u00e9nyes tavaszi naps\u00fct\u00e9sben a Pet\u0151fi t\u00e9ren d\u00e9li 12.00 \u00f3rakor kezd\u0151d\u00f6tt koszor\u00faz\u00e1son. Kelemen Csaba sz\u00ednm\u0171v\u00e9sz el\u0151ad\u00e1s\u00e1ban hallhattuk a Nemzeti dalt, majd Varga Gerg\u0151 az EKF Gyakorl\u00f3iskol\u00e1j\u00e1nak tanul\u00f3ja olvasta fel d\u00edjnyertes munk\u00e1j\u00e1t, mint a sz\u00f3noki besz\u00e9d\u00edr\u00f3 verseny gy\u0151ztese.<\/p>\n<p><div class=\"wordtube\">\n<div class=\"wordtube single233\" id=\"WT1_1\" style=\"width:320px; height:240px;\">\n<a href=\"http:\/\/www.macromedia.com\/go\/getflashplayer\">Get the Flash Player<\/a> to see the wordTube Media Player.\n<\/div><\/div>\n\t<script type=\"text\/javascript\" defer=\"defer\">\nvar WT1_1 = {\n\tparams : {\n\t\twmode : \"opaque\",\n\t\tallowscriptaccess : \"always\",\n\t\tallownetworking : \"all\",\n\t\tallowfullscreen : \"true\"},\n\tflashvars : {\n\t\tfile : \"http%3A%2F%2Fwww.agriatv.hu%2Fwp-content%2Fuploads%2F2011%2F03%2F0315koszoru.flv\",\n\t\tvolume : \"80\",\n\t\tbufferlength : \"5\",\n\t\tquality : \"false\",\n\t\t'logo.hide' : \"false\",\n\t\timage : \"http%3A%2F%2Fwww.agriatv.hu%2Fwp-content%2Fuploads%2F2011%2F03%2F0315koszoru.jpg\",\n\t\ttitle : \"0315koszoru.flv\",\n\t\tlinktarget : \"_self\"},\n\tattr : {\n\t\tid : \"WT1\",\n\t\tname : \"WT1\"},\n\tstart : function() {\n\t\tswfobject.embedSWF(\"https:\/\/www.agriatv.hu\/\/player.swf\", \"WT1_1\", \"320\", \"240\", \"9.0.0\", false, this.flashvars, this.params , this.attr );\n\t}\n}\nWT1_1.start();\n\t<\/script>\nK\u00f6zel 70 koszor\u00fat helyeztek el k\u00fcl\u00f6nb\u00f6z\u0151 \u00e1llami-, t\u00e1rsadalmi- \u00e9s civilszervezetek, politikai p\u00e1rtok, iskol\u00e1k k\u00e9pvisel\u0151i.<\/p>\n","protected":false},"excerpt":{"rendered":"<p>\u201eM\u00e1rcius 15-e h\u0151seit\u0151l meg kell tanulni, hogy a szabads\u00e1g nem g\u00e1tl\u00e1stalans\u00e1got, nem szabadoss\u00e1got jelent, hanem m\u00e9rs\u00e9kletess\u00e9get, nagyobb \u00f6nfegyelmet, szeretetet \u00e9s meg\u00e9rt\u00e9st.\u201d- ezekkel a szavakkal z\u00e1rta Habis L\u00e1szl\u00f3 polg\u00e1rmester besz\u00e9d\u00e9t a G\u00e1rdonyi G\u00e9za sz\u00ednh\u00e1zban, a hagyom\u00e1nyos 1848-as megeml\u00e9kez\u00e9sen. A rendezv\u00e9nyt megel\u0151z\u0151en szentmis\u00e9t tartottak a Bazilik\u00e1ban. Z\u00e1r\u00f3 programk\u00e9nt t\u00f6bb sz\u00e1zan vettek r\u00e9szt a ver\u0151f\u00e9nyes tavaszi naps\u00fct\u00e9sben a [&#8230;]<\/p>\n","protected":false},"author":4,"featured_media":0,"comment_status":"open","ping_status":"closed","sticky":false,"template":"","format":"standard","meta":{"footnotes":""},"categories":[3],"tags":[],"class_list":["post-3705","post","type-post","status-publish","format-standard","hentry","category-politika"],"_links":{"self":[{"href":"https:\/\/www.agriatv.hu\/index.php?rest_route=\/wp\/v2\/posts\/3705","targetHints":{"allow":["GET"]}}],"collection":[{"href":"https:\/\/www.agriatv.hu\/index.php?rest_route=\/wp\/v2\/posts"}],"about":[{"href":"https:\/\/www.agriatv.hu\/index.php?rest_route=\/wp\/v2\/types\/post"}],"author":[{"embeddable":true,"href":"https:\/\/www.agriatv.hu\/index.php?rest_route=\/wp\/v2\/users\/4"}],"replies":[{"embeddable":true,"href":"https:\/\/www.agriatv.hu\/index.php?rest_route=%2Fwp%2Fv2%2Fcomments&post=3705"}],"version-history":[{"count":5,"href":"https:\/\/www.agriatv.hu\/index.php?rest_route=\/wp\/v2\/posts\/3705\/revisions"}],"predecessor-version":[{"id":3711,"href":"https:\/\/www.agriatv.hu\/index.php?rest_route=\/wp\/v2\/posts\/3705\/revisions\/3711"}],"wp:attachment":[{"href":"https:\/\/www.agriatv.hu\/index.php?rest_route=%2Fwp%2Fv2%2Fmedia&parent=3705"}],"wp:term":[{"taxonomy":"category","embeddable":true,"href":"https:\/\/www.agriatv.hu\/index.php?rest_route=%2Fwp%2Fv2%2Fcategories&post=3705"},{"taxonomy":"post_tag","embeddable":true,"href":"https:\/\/www.agriatv.hu\/index.php?rest_route=%2Fwp%2Fv2%2Ftags&post=3705"}],"curies":[{"name":"wp","href":"https:\/\/api.w.org\/{rel}","templated":true}]}}