{"id":3715,"date":"2011-03-17T16:48:30","date_gmt":"2011-03-17T16:48:30","guid":{"rendered":"http:\/\/www.agriatv.hu\/?p=3715"},"modified":"2011-03-17T16:48:30","modified_gmt":"2011-03-17T16:48:30","slug":"ismet-eger-rallye","status":"publish","type":"post","link":"https:\/\/www.agriatv.hu\/?p=3715","title":{"rendered":"Ism\u00e9t Eger Rallye"},"content":{"rendered":"<p><a href=\"https:\/\/www.agriatv.hu\/wp-content\/uploads\/2011\/03\/0317rallye-v.jpg\"><img loading=\"lazy\" decoding=\"async\" class=\"alignleft size-medium wp-image-3716\" title=\"0317rallye-v\" src=\"https:\/\/www.agriatv.hu\/wp-content\/uploads\/2011\/03\/0317rallye-v-300x240.jpg\" alt=\"\" width=\"133\" height=\"106\" srcset=\"https:\/\/www.agriatv.hu\/wp-content\/uploads\/2011\/03\/0317rallye-v-300x240.jpg 300w, https:\/\/www.agriatv.hu\/wp-content\/uploads\/2011\/03\/0317rallye-v.jpg 720w\" sizes=\"auto, (max-width: 133px) 100vw, 133px\" \/><\/a><strong>A p\u00e9nz\u00fcgyi h\u00e1tt\u00e9r miatt Turi Tam\u00e1s nagy val\u00f3sz\u00edn\u0171s\u00e9g  szerint nem \u00e1ll rajthoz a 2011-es rali orsz\u00e1gos bajnoks\u00e1g \u00e1prilis 1-jei  egri nyit\u00e1ny\u00e1n. <\/strong>\u2013 Elkeser\u00edt\u0151, de jelenleg \u00fagy t\u0171nik, hogy kihagyni k\u00e9nyszer\u00fcl\u00f6k az egri futamot \u2013 kesergett a megyesz\u00e9khelyi <strong>Turi Tam\u00e1s<\/strong> a v\u00e1rosh\u00e1z\u00e1n tartott cs\u00fct\u00f6rt\u00f6ki sajt\u00f3t\u00e1j\u00e9koztat\u00f3n. \u2013 Sajnos Egerben egyetlen szponzort sem siker\u00fclt tal\u00e1lnom, de megy\u00e9n k\u00edv\u00fcl sem egyszer\u0171bb a helyzet. Holnap lesz egy t\u00e1rgyal\u00e1s, ahol tal\u00e1n kapok biztat\u00e1st a folytat\u00e1st illet\u0151en, de erre m\u00e9g v\u00e1rni kell. Nagyon f\u00e1jlalom, hogy ahol a legjobban szerettem volna versenyezni, ott nem tudok rajthoz \u00e1llni. A financi\u00e1lis h\u00e1tt\u00e9rrel m\u00e1r tavaly is akadtak gondjaink, \u00e9s b\u00e1r 2010-ben harmadik helyen v\u00e9geztem az ob-n, az utols\u00f3 k\u00e9t futamon a p\u00e9nzhi\u00e1ny miatt nem indulhattam.<\/p>\n<div class=\"wordtube\">\n<div class=\"wordtube single234\" id=\"WT1_1\" style=\"width:320px; height:240px;\">\n<a href=\"http:\/\/www.macromedia.com\/go\/getflashplayer\">Get the Flash Player<\/a> to see the wordTube Media Player.\n<\/div><\/div>\n\t<script type=\"text\/javascript\" defer=\"defer\">\nvar WT1_1 = {\n\tparams : {\n\t\twmode : \"opaque\",\n\t\tallowscriptaccess : \"always\",\n\t\tallownetworking : \"all\",\n\t\tallowfullscreen : \"true\"},\n\tflashvars : {\n\t\tfile : \"http%3A%2F%2Fwww.agriatv.hu%2Fwp-content%2Fuploads%2F2011%2F03%2F0317rallye.flv\",\n\t\tvolume : \"80\",\n\t\tbufferlength : \"5\",\n\t\tquality : \"false\",\n\t\t'logo.hide' : \"false\",\n\t\timage : \"http%3A%2F%2Fwww.agriatv.hu%2Fwp-content%2Fuploads%2F2011%2F03%2F0317rallye.jpg\",\n\t\ttitle : \"0317rallye.flv\",\n\t\tlinktarget : \"_self\"},\n\tattr : {\n\t\tid : \"WT1\",\n\t\tname : \"WT1\"},\n\tstart : function() {\n\t\tswfobject.embedSWF(\"https:\/\/www.agriatv.hu\/\/player.swf\", \"WT1_1\", \"320\", \"240\", \"9.0.0\", false, this.flashvars, this.params , this.attr );\n\t}\n}\nWT1_1.start();\n\t<\/script>\n\n<p>A roml\u00f3 gazdas\u00e1gi k\u00f6rnyezet a nevez\u0151k list\u00e1j\u00e1n is megl\u00e1tszik, noha <strong>Lakatos R\u00f3bert<\/strong> f\u0151szervez\u0151 ebben a tekintetben nem lehet el\u00e9gedetlen.<br \/>\n\u2013 Az els\u0151 oszt\u00e1ly mez\u0151ny\u00e9t 100 p\u00e1ros alkotja, k\u00f6zte a magyar ob-n negyedik alkalommal r\u00e9sztvev\u0151 szlov\u00e1k bajnoks\u00e1g pil\u00f3t\u00e1val \u2013 k\u00f6z\u00f6lte a Laroco Motosport Egyes\u00fclet vezet\u0151je, aki nyolcadik \u00e9ve rendezi Egerben a szezonnyit\u00f3t. \u2013 \u00c9szaki szomsz\u00e9daink mellett csehek \u00e9s osztr\u00e1kok is aut\u00f3ba \u00fclnek majd, az 1-es rajtsz\u00e1mmal p\u00e9ld\u00e1ul a cseh<strong> V\u00e1clav Pech<\/strong> szerepel. A II. oszt\u00e1lyban 34, a rali t\u00fara kateg\u00f3ri\u00e1ban pedig mintegy 100 nevez\u00e9s \u00e9rkezett, \u00edgy 230\u2013240 startol\u00f3val sz\u00e1molhatunk \u00f6sszesen.<\/p>\n<p><strong><\/strong>Forr\u00e1s: HEOL<\/p>\n","protected":false},"excerpt":{"rendered":"<p>A p\u00e9nz\u00fcgyi h\u00e1tt\u00e9r miatt Turi Tam\u00e1s nagy val\u00f3sz\u00edn\u0171s\u00e9g  szerint nem \u00e1ll rajthoz a 2011-es rali orsz\u00e1gos bajnoks\u00e1g \u00e1prilis 1-jei  egri nyit\u00e1ny\u00e1n. \u2013 Elkeser\u00edt\u0151, de jelenleg \u00fagy t\u0171nik, hogy kihagyni k\u00e9nyszer\u00fcl\u00f6k az egri futamot \u2013 kesergett a megyesz\u00e9khelyi Turi Tam\u00e1s a v\u00e1rosh\u00e1z\u00e1n tartott cs\u00fct\u00f6rt\u00f6ki sajt\u00f3t\u00e1j\u00e9koztat\u00f3n. \u2013 Sajnos Egerben egyetlen szponzort sem siker\u00fclt tal\u00e1lnom, de [&#8230;]<\/p>\n","protected":false},"author":4,"featured_media":0,"comment_status":"open","ping_status":"closed","sticky":false,"template":"","format":"standard","meta":{"footnotes":""},"categories":[11,4],"tags":[],"class_list":["post-3715","post","type-post","status-publish","format-standard","hentry","category-sport","category-szabadido"],"_links":{"self":[{"href":"https:\/\/www.agriatv.hu\/index.php?rest_route=\/wp\/v2\/posts\/3715","targetHints":{"allow":["GET"]}}],"collection":[{"href":"https:\/\/www.agriatv.hu\/index.php?rest_route=\/wp\/v2\/posts"}],"about":[{"href":"https:\/\/www.agriatv.hu\/index.php?rest_route=\/wp\/v2\/types\/post"}],"author":[{"embeddable":true,"href":"https:\/\/www.agriatv.hu\/index.php?rest_route=\/wp\/v2\/users\/4"}],"replies":[{"embeddable":true,"href":"https:\/\/www.agriatv.hu\/index.php?rest_route=%2Fwp%2Fv2%2Fcomments&post=3715"}],"version-history":[{"count":3,"href":"https:\/\/www.agriatv.hu\/index.php?rest_route=\/wp\/v2\/posts\/3715\/revisions"}],"predecessor-version":[{"id":3720,"href":"https:\/\/www.agriatv.hu\/index.php?rest_route=\/wp\/v2\/posts\/3715\/revisions\/3720"}],"wp:attachment":[{"href":"https:\/\/www.agriatv.hu\/index.php?rest_route=%2Fwp%2Fv2%2Fmedia&parent=3715"}],"wp:term":[{"taxonomy":"category","embeddable":true,"href":"https:\/\/www.agriatv.hu\/index.php?rest_route=%2Fwp%2Fv2%2Fcategories&post=3715"},{"taxonomy":"post_tag","embeddable":true,"href":"https:\/\/www.agriatv.hu\/index.php?rest_route=%2Fwp%2Fv2%2Ftags&post=3715"}],"curies":[{"name":"wp","href":"https:\/\/api.w.org\/{rel}","templated":true}]}}