{"id":3721,"date":"2011-03-20T18:53:52","date_gmt":"2011-03-20T18:53:52","guid":{"rendered":"http:\/\/www.agriatv.hu\/?p=3721"},"modified":"2011-03-20T18:53:52","modified_gmt":"2011-03-20T18:53:52","slug":"diakolimpiai-donto","status":"publish","type":"post","link":"https:\/\/www.agriatv.hu\/?p=3721","title":{"rendered":"Di\u00e1kolimpiai d\u00f6nt\u0151"},"content":{"rendered":"<p><a href=\"https:\/\/www.agriatv.hu\/wp-content\/uploads\/2011\/03\/0320sport_V.jpg\"><img loading=\"lazy\" decoding=\"async\" class=\"alignleft size-medium wp-image-3725\" title=\"0320sport_V\" src=\"https:\/\/www.agriatv.hu\/wp-content\/uploads\/2011\/03\/0320sport_V-300x240.jpg\" alt=\"\" width=\"124\" height=\"99\" srcset=\"https:\/\/www.agriatv.hu\/wp-content\/uploads\/2011\/03\/0320sport_V-300x240.jpg 300w, https:\/\/www.agriatv.hu\/wp-content\/uploads\/2011\/03\/0320sport_V.jpg 720w\" sizes=\"auto, (max-width: 124px) 100vw, 124px\" \/><\/a>Eger adott otthont az Orsz\u00e1gos Di\u00e1kolimpiai d\u00f6nt\u0151nek, melynek helysz\u00edne a dr. Kem\u00e9ny Ferenc Sportcsarnok volt. 275 iskola szeretett volna bejutni erre a rangos esem\u00e9nyre, v\u00e9g\u00fcl 8 csapat, Szombathely, Hajd\u00fab\u00f6sz\u00f6rm\u00e9ny, Ag\u00e1rd, Hatvan, Kiskunhalas, Buda\u00f6rs, Marcali \u00e9s term\u00e9szetesen Eger k\u00fczd\u00f6tt meg a f\u00e9nyes \u00e9rmek\u00e9rt \u00e9s kup\u00e1k\u00e9rt. Hatalmas szurkol\u00f3 t\u00e1bor el\u0151tt bizony\u00edthatt\u00e1k kitart\u00e1sukat, fegyelmezetts\u00e9g\u00fcket \u00e9s \u00f6sszetart\u00e1sukat.<\/p>\n<p>Ballag\u00f3 Zolt\u00e1n elmondta: az \u00d6nkorm\u00e1nyzat mindig is kiemelten t\u00e1mogatta a di\u00e1ksportot, nagy \u00f6r\u00f6m\u00fckre szolg\u00e1lt, hogy a mai d\u00f6nt\u0151n egri csapat is r\u00e9szt vett.<\/p>\n<p>H\u00f3napokig tart\u00f3 felk\u00e9sz\u00fcl\u00e9s, \u00e9s versenyek ut\u00e1n a Hunyadi M\u00e1ty\u00e1s \u00e1ltal\u00e1nos iskola k\u00e9pviselte Eger sz\u00edneit. Bodn\u00e1r G\u00e1bor az iskola igazgat\u00f3ja elmondta: 18. alkalommal vesznek r\u00e9szt ezen a versenyen ebb\u0151l 7-szer m\u00e1r arany\u00e9remmel t\u00e1voztak de, m\u00e1r 2 ez\u00fcst- \u00e9s 1 bronz\u00e9rem is \u00e9kes\u00edti az \u00e9remt\u00e1bl\u00e1jukat. A mai els\u0151 helyez\u00e9s\u00fckh\u00f6z nagyban hozz\u00e1j\u00e1rultak a sz\u00fcl\u0151k is, akik t\u00e1mogatt\u00e1k \u00e9s buzd\u00edtott\u00e1k gyermekeiket, k\u00e9sz\u00fcltek a versenyekre ak\u00e1r a csal\u00e1di programok fel\u00e1ldoz\u00e1s\u00e1val is.<\/p>\n<div class=\"wordtube\">\n<div class=\"wordtube single235\" id=\"WT1_1\" style=\"width:320px; height:240px;\">\n<a href=\"http:\/\/www.macromedia.com\/go\/getflashplayer\">Get the Flash Player<\/a> to see the wordTube Media Player.\n<\/div><\/div>\n\t<script type=\"text\/javascript\" defer=\"defer\">\nvar WT1_1 = {\n\tparams : {\n\t\twmode : \"opaque\",\n\t\tallowscriptaccess : \"always\",\n\t\tallownetworking : \"all\",\n\t\tallowfullscreen : \"true\"},\n\tflashvars : {\n\t\tfile : \"http%3A%2F%2Fwww.agriatv.hu%2Fwp-content%2Fuploads%2F2011%2F03%2F0320sport.flv\",\n\t\tvolume : \"80\",\n\t\tbufferlength : \"5\",\n\t\tquality : \"false\",\n\t\t'logo.hide' : \"false\",\n\t\timage : \"http%3A%2F%2Fwww.agriatv.hu%2Fwp-content%2Fuploads%2F2011%2F03%2F0320sport.jpg\",\n\t\ttitle : \"0320sport.flv\",\n\t\tlinktarget : \"_self\"},\n\tattr : {\n\t\tid : \"WT1\",\n\t\tname : \"WT1\"},\n\tstart : function() {\n\t\tswfobject.embedSWF(\"https:\/\/www.agriatv.hu\/\/player.swf\", \"WT1_1\", \"320\", \"240\", \"9.0.0\", false, this.flashvars, this.params , this.attr );\n\t}\n}\nWT1_1.start();\n\t<\/script>\n\n<p>Az eg\u00e9sz napos esem\u00e9ny \u00a0d\u00edj\u00e1tad\u00f3j\u00e1n Habis L\u00e1szl\u00f3 polg\u00e1rmester mellett, \u00a0Martinek J\u00e1nos olimpiai bajnok \u00f6ttus\u00e1z\u00f3 adta \u00e1t az \u00e9rmeket a dobog\u00f3 els\u0151 h\u00e1rom fok\u00e1n helyet foglal\u00f3 csapatoknak.\u00a0\u00a0 A h\u00e1zigazd\u00e1k jelent\u0151s f\u00f6l\u00e9nnyel szerezt\u00e9k meg az els\u0151 helyez\u00e9st, m\u00e1sodikak a hajd\u00fab\u00f6sz\u00f6rm\u00e9nyi di\u00e1kok, a harmadikak pedig az ag\u00e1rdi iskol\u00e1sok lettek.<\/p>\n<p>&nbsp;<\/p>\n","protected":false},"excerpt":{"rendered":"<p>Eger adott otthont az Orsz\u00e1gos Di\u00e1kolimpiai d\u00f6nt\u0151nek, melynek helysz\u00edne a dr. Kem\u00e9ny Ferenc Sportcsarnok volt. 275 iskola szeretett volna bejutni erre a rangos esem\u00e9nyre, v\u00e9g\u00fcl 8 csapat, Szombathely, Hajd\u00fab\u00f6sz\u00f6rm\u00e9ny, Ag\u00e1rd, Hatvan, Kiskunhalas, Buda\u00f6rs, Marcali \u00e9s term\u00e9szetesen Eger k\u00fczd\u00f6tt meg a f\u00e9nyes \u00e9rmek\u00e9rt \u00e9s kup\u00e1k\u00e9rt. Hatalmas szurkol\u00f3 t\u00e1bor el\u0151tt bizony\u00edthatt\u00e1k kitart\u00e1sukat, fegyelmezetts\u00e9g\u00fcket \u00e9s \u00f6sszetart\u00e1sukat.<br \/>\nBallag\u00f3 Zolt\u00e1n elmondta: [&#8230;]<\/p>\n","protected":false},"author":4,"featured_media":0,"comment_status":"open","ping_status":"closed","sticky":false,"template":"","format":"standard","meta":{"footnotes":""},"categories":[11,4],"tags":[],"class_list":["post-3721","post","type-post","status-publish","format-standard","hentry","category-sport","category-szabadido"],"_links":{"self":[{"href":"https:\/\/www.agriatv.hu\/index.php?rest_route=\/wp\/v2\/posts\/3721","targetHints":{"allow":["GET"]}}],"collection":[{"href":"https:\/\/www.agriatv.hu\/index.php?rest_route=\/wp\/v2\/posts"}],"about":[{"href":"https:\/\/www.agriatv.hu\/index.php?rest_route=\/wp\/v2\/types\/post"}],"author":[{"embeddable":true,"href":"https:\/\/www.agriatv.hu\/index.php?rest_route=\/wp\/v2\/users\/4"}],"replies":[{"embeddable":true,"href":"https:\/\/www.agriatv.hu\/index.php?rest_route=%2Fwp%2Fv2%2Fcomments&post=3721"}],"version-history":[{"count":3,"href":"https:\/\/www.agriatv.hu\/index.php?rest_route=\/wp\/v2\/posts\/3721\/revisions"}],"predecessor-version":[{"id":3726,"href":"https:\/\/www.agriatv.hu\/index.php?rest_route=\/wp\/v2\/posts\/3721\/revisions\/3726"}],"wp:attachment":[{"href":"https:\/\/www.agriatv.hu\/index.php?rest_route=%2Fwp%2Fv2%2Fmedia&parent=3721"}],"wp:term":[{"taxonomy":"category","embeddable":true,"href":"https:\/\/www.agriatv.hu\/index.php?rest_route=%2Fwp%2Fv2%2Fcategories&post=3721"},{"taxonomy":"post_tag","embeddable":true,"href":"https:\/\/www.agriatv.hu\/index.php?rest_route=%2Fwp%2Fv2%2Ftags&post=3721"}],"curies":[{"name":"wp","href":"https:\/\/api.w.org\/{rel}","templated":true}]}}