{"id":3727,"date":"2011-03-20T22:26:06","date_gmt":"2011-03-20T22:26:06","guid":{"rendered":"http:\/\/www.agriatv.hu\/?p=3727"},"modified":"2011-03-20T22:37:04","modified_gmt":"2011-03-20T22:37:04","slug":"tiszta-tanc-2","status":"publish","type":"post","link":"https:\/\/www.agriatv.hu\/?p=3727","title":{"rendered":"Tiszta t\u00e1nc"},"content":{"rendered":"<p><a href=\"https:\/\/www.agriatv.hu\/wp-content\/uploads\/2011\/03\/0318tisztatanc_V.jpg\"><img loading=\"lazy\" decoding=\"async\" class=\"alignleft size-medium wp-image-3732\" title=\"0318tisztatanc_V\" src=\"https:\/\/www.agriatv.hu\/wp-content\/uploads\/2011\/03\/0318tisztatanc_V-300x225.jpg\" alt=\"\" width=\"130\" height=\"97\" srcset=\"https:\/\/www.agriatv.hu\/wp-content\/uploads\/2011\/03\/0318tisztatanc_V-300x225.jpg 300w, https:\/\/www.agriatv.hu\/wp-content\/uploads\/2011\/03\/0318tisztatanc_V-1024x768.jpg 1024w, https:\/\/www.agriatv.hu\/wp-content\/uploads\/2011\/03\/0318tisztatanc_V.jpg 1440w\" sizes=\"auto, (max-width: 130px) 100vw, 130px\" \/><\/a>\u201eJ\u00f3l esik, ha azt hallom, sz\u00fcks\u00e9g van r\u00e1nk itthon.\u201d &#8211; nyilatkozta <em>Barta D\u00f3ra<\/em>.<\/p>\n<p>&nbsp;<\/p>\n<p>Tiszta T\u00e1nc c\u00edmmel k\u00e9sz\u00fclt az a produkci\u00f3, amit Barta D\u00f3ra t\u00e1rsulata a T\u00e1nckar t\u0171z\u00f6tt m\u00e1rcius 18-\u00e1n sz\u00ednpadra. Az Egri Tavaszi Fesztiv\u00e1l keretein bel\u00fcl \u00e9vr\u0151l \u00e9vre sz\u00ednpadra \u00e1ll\u00edtanak egy eg\u00e9sz est\u00e9t<em> <\/em>bet\u00f6lt\u0151 t\u00e1ncot, hangulatot, \u00e9rz\u00e9st bemutat\u00f3 m\u0171vet.<em> Zach\u00e1r L\u00f3r\u00e1nd \u00e9s Joseph Tmim<\/em>, izraeli koreogr\u00e1fus pr\u00f3b\u00e1lt a t\u00e1rsulattal. Telth\u00e1z el\u0151tt nyitotta meg az el\u0151ad\u00e1sukat Barta D\u00f3ra, amelyben megk\u00f6sz\u00f6nte a t\u00e1ncot kedvel\u0151 n\u00e9z\u0151k szeretet\u00e9t, rem\u00e9lve hogy, a T\u00e1nckar megsz\u0171n\u00e9se nem veszi kedv\u00fcket a m\u0171faj szeretete ir\u00e1nt. Aj\u00e1nlotta kicsiknek \u00e9s nagyoknak, fiataloknak \u00e9s id\u0151sebbeknek, nem volt megtervezett vonal, amit mindenk\u00e9ppen a darabbal meg szeretett volna mutatni, mindenki fant\u00e1zi\u00e1j\u00e1ra b\u00edzta a m\u0171ben rejl\u0151 sz\u00e9ps\u00e9geket, biztatott mindenkit tal\u00e1lja meg benne mindenki \u00f6nmag\u00e1t, a j\u00f3t \u00e9s a nyugalmat.<\/p>\n<p>Az \u00f6n\u00e1ll\u00f3 t\u00e1nch\u00e1zi bemutat\u00f3val lehet\u0151s\u00e9get kaptak a t\u00e1ncosok egyedis\u00e9g\u00fck hangs\u00falyoz\u00e1s\u00e1ra, a munk\u00e1ba fektetett \u00e9rt\u00e9kek megmutat\u00e1s\u00e1ra, Barta D\u00f3ra erre tette fel \u00e9let\u00e9t k\u00fclf\u00f6ldi lehet\u0151s\u00e9geket visszautas\u00edtva itthon sz\u0171kebb haz\u00e1j\u00e1ban, Egerben szerette volna megmutatni mi is a modern t\u00e1ncm\u0171v\u00e9szet, amire minden koroszt\u00e1ly vev\u0151. Most ez a folyamat megszakadt\u2026<\/p>\n<div class=\"wordtube\">\n<div class=\"wordtube single236\" id=\"WT1_1\" style=\"width:320px; height:240px;\">\n<a href=\"http:\/\/www.macromedia.com\/go\/getflashplayer\">Get the Flash Player<\/a> to see the wordTube Media Player.\n<\/div><\/div>\n\t<script type=\"text\/javascript\" defer=\"defer\">\nvar WT1_1 = {\n\tparams : {\n\t\twmode : \"opaque\",\n\t\tallowscriptaccess : \"always\",\n\t\tallownetworking : \"all\",\n\t\tallowfullscreen : \"true\"},\n\tflashvars : {\n\t\tfile : \"http%3A%2F%2Fwww.agriatv.hu%2Fwp-content%2Fuploads%2F2011%2F03%2F0318tisztatanc.flv\",\n\t\tvolume : \"80\",\n\t\tbufferlength : \"5\",\n\t\tquality : \"false\",\n\t\t'logo.hide' : \"false\",\n\t\timage : \"http%3A%2F%2Fwww.agriatv.hu%2Fwp-content%2Fuploads%2F2011%2F03%2F0318tisztatanc.jpg\",\n\t\ttitle : \"0318tisztatanc.flv\",\n\t\tlinktarget : \"_self\"},\n\tattr : {\n\t\tid : \"WT1\",\n\t\tname : \"WT1\"},\n\tstart : function() {\n\t\tswfobject.embedSWF(\"https:\/\/www.agriatv.hu\/\/player.swf\", \"WT1_1\", \"320\", \"240\", \"9.0.0\", false, this.flashvars, this.params , this.attr );\n\t}\n}\nWT1_1.start();\n\t<\/script>\n\n<p>&#8222;Am\u00edg t\u00e1ncolhatunk, nem \u00e9rdekel, hogy van e bar\u00e1tn\u0151nk\/bar\u00e1tunk, vagy, hogy bejuthattunk-e egy j\u00f3 f\u0151iskol\u00e1ra. Egy\u00e1ltal\u00e1n nem \u00e9rdekel minket, hogy a t\u00e1rsadalom hogyan tekint r\u00e1nk. Az egyetlen dolog, amit\u0151l f\u00e9l\u00fcnk, hogy soha t\u00f6bb\u00e9 nem t\u00e1ncolhatunk.&#8221;<\/p>\n","protected":false},"excerpt":{"rendered":"<p>\u201eJ\u00f3l esik, ha azt hallom, sz\u00fcks\u00e9g van r\u00e1nk itthon.\u201d &#8211; nyilatkozta Barta D\u00f3ra.<br \/>\n&nbsp;<br \/>\nTiszta T\u00e1nc c\u00edmmel k\u00e9sz\u00fclt az a produkci\u00f3, amit Barta D\u00f3ra t\u00e1rsulata a T\u00e1nckar t\u0171z\u00f6tt m\u00e1rcius 18-\u00e1n sz\u00ednpadra. Az Egri Tavaszi Fesztiv\u00e1l keretein bel\u00fcl \u00e9vr\u0151l \u00e9vre sz\u00ednpadra \u00e1ll\u00edtanak egy eg\u00e9sz est\u00e9t bet\u00f6lt\u0151 t\u00e1ncot, hangulatot, \u00e9rz\u00e9st bemutat\u00f3 m\u0171vet. Zach\u00e1r L\u00f3r\u00e1nd \u00e9s Joseph Tmim, izraeli koreogr\u00e1fus [&#8230;]<\/p>\n","protected":false},"author":4,"featured_media":0,"comment_status":"open","ping_status":"closed","sticky":false,"template":"","format":"standard","meta":{"footnotes":""},"categories":[8,4],"tags":[],"class_list":["post-3727","post","type-post","status-publish","format-standard","hentry","category-kultura","category-szabadido"],"_links":{"self":[{"href":"https:\/\/www.agriatv.hu\/index.php?rest_route=\/wp\/v2\/posts\/3727","targetHints":{"allow":["GET"]}}],"collection":[{"href":"https:\/\/www.agriatv.hu\/index.php?rest_route=\/wp\/v2\/posts"}],"about":[{"href":"https:\/\/www.agriatv.hu\/index.php?rest_route=\/wp\/v2\/types\/post"}],"author":[{"embeddable":true,"href":"https:\/\/www.agriatv.hu\/index.php?rest_route=\/wp\/v2\/users\/4"}],"replies":[{"embeddable":true,"href":"https:\/\/www.agriatv.hu\/index.php?rest_route=%2Fwp%2Fv2%2Fcomments&post=3727"}],"version-history":[{"count":8,"href":"https:\/\/www.agriatv.hu\/index.php?rest_route=\/wp\/v2\/posts\/3727\/revisions"}],"predecessor-version":[{"id":3739,"href":"https:\/\/www.agriatv.hu\/index.php?rest_route=\/wp\/v2\/posts\/3727\/revisions\/3739"}],"wp:attachment":[{"href":"https:\/\/www.agriatv.hu\/index.php?rest_route=%2Fwp%2Fv2%2Fmedia&parent=3727"}],"wp:term":[{"taxonomy":"category","embeddable":true,"href":"https:\/\/www.agriatv.hu\/index.php?rest_route=%2Fwp%2Fv2%2Fcategories&post=3727"},{"taxonomy":"post_tag","embeddable":true,"href":"https:\/\/www.agriatv.hu\/index.php?rest_route=%2Fwp%2Fv2%2Ftags&post=3727"}],"curies":[{"name":"wp","href":"https:\/\/api.w.org\/{rel}","templated":true}]}}