{"id":3735,"date":"2011-03-20T22:30:21","date_gmt":"2011-03-20T22:30:21","guid":{"rendered":"http:\/\/www.agriatv.hu\/?p=3735"},"modified":"2011-03-20T22:30:21","modified_gmt":"2011-03-20T22:30:21","slug":"gyozelemmel-mutatkozott-be-batorfi-agria-ktk","status":"publish","type":"post","link":"https:\/\/www.agriatv.hu\/?p=3735","title":{"rendered":"Gy\u0151zelemmel mutatkozott be B\u00e1torfi-Agria KTK"},"content":{"rendered":"<p>&nbsp;<\/p>\n<p><img loading=\"lazy\" decoding=\"async\" class=\"alignleft\" src=\"http:\/\/www.egriszin.hu\/RenderedContents\/IndexImages\/7\/7427-20110320200809-mez.jpg\" alt=\"\" width=\"150\" height=\"86\" \/><\/p>\n<p><strong>Naps\u00fct\u00e9ses, de szeles id\u0151j\u00e1r\u00e1s v\u00e1rta a II. F\u00e9lsziget Kupa  r\u00e9sztvev\u0151it a h\u00e9tv\u00e9g\u00e9n Tihanyban. Az orsz\u00e1g\u00fati ker\u00e9kp\u00e1rosok szezonnyit\u00f3  verseny\u00e9re mintegy 200 f\u0151s mez\u0151ny gy\u0171lt \u00f6ssze. <\/strong><\/p>\n<p>A tavasszal megszokott iram jellemezte a viadalt, a  r\u00e9sztvev\u0151k felfel\u00e9 \u00e9s lefel\u00e9 sem k\u00edm\u00e9lt\u00e9k magukat. A kilom\u00e9ter\u00f3r\u00e1k  gyakran mutattak 60-65 kilom\u00e9ter\/ \u00f3r\u00e1s sebess\u00e9get. A nagy l\u00e9tsz\u00e1m\u00fa  csapatok pr\u00f3b\u00e1ltak sz\u00e1mukra el\u0151ny\u00f6s elmen\u00e9sekkel el\u0151nyt szerezni. A  mez\u0151ny azonban mindig \u00f6sszez\u00e1rt, szerelte ezeket a pr\u00f3b\u00e1lkoz\u00e1sokat. Egy  k\u00eds\u00e9rletet tett az Batorfi-Agria KTK versenyz\u0151je, K\u00f3nya Tam\u00e1s is, aki a  hatk\u00f6r\u00f6s verseny m\u00e1sodik \u00e9s harmadik k\u00f6r\u00e9ben l\u00e9pett el. Azonban az er\u0151s  \u00e9szaki sz\u00e9lben nem tudott \u00fagy haladni, mint a mez\u0151ny, s \u00edgy elolvadt az  el\u0151nye. Az \u00f6t\u00f6dik k\u00f6rben egy \u00fajabb n\u00e9gyf\u0151s csapat pr\u00f3b\u00e1lkozott a  sz\u00f6k\u00e9ssel, ez\u00fattal sikerrel. Ennek tagja volt Fejes G\u00e1bor, az egriek  kiv\u00e1l\u00f3s\u00e1ga is, aki az er\u0151f\u00f6l\u00e9ny\u00e9t kihaszn\u00e1lva a legutols\u00f3 hegyen  otthagyta sz\u00f6kev\u00e9nyt\u00e1rsait, s mintegy 10 kilom\u00e9teren kereszt\u00fcl egyed\u00fcl  hajtva meg\u0151rizte az el\u0151ny\u00e9t, \u00f6sszetett els\u0151k\u00e9nt \u00e9rkezve a c\u00e9lba. Az  agri\u00e1s K\u00f3nya Tam\u00e1s, T\u00f3th Norbert \u00e9s Lengyel G\u00e1bor a mez\u0151ny els\u0151 fel\u00e9ben  \u00e9rkezett. Kir\u00e1ly Zolt\u00e1n, a negyven feletti f\u00e9rfiak k\u00f6z\u00f6tt a dobog\u00f3r\u00f3l  \u00e9ppen lemaradva a negyedik helyen v\u00e9gzett.<\/p>\n","protected":false},"excerpt":{"rendered":"<p>&nbsp;<\/p>\n<p>Naps\u00fct\u00e9ses, de szeles id\u0151j\u00e1r\u00e1s v\u00e1rta a II. F\u00e9lsziget Kupa  r\u00e9sztvev\u0151it a h\u00e9tv\u00e9g\u00e9n Tihanyban. Az orsz\u00e1g\u00fati ker\u00e9kp\u00e1rosok szezonnyit\u00f3  verseny\u00e9re mintegy 200 f\u0151s mez\u0151ny gy\u0171lt \u00f6ssze.<br \/>\nA tavasszal megszokott iram jellemezte a viadalt, a  r\u00e9sztvev\u0151k felfel\u00e9 \u00e9s lefel\u00e9 sem k\u00edm\u00e9lt\u00e9k magukat. A kilom\u00e9ter\u00f3r\u00e1k  gyakran mutattak 60-65 kilom\u00e9ter\/ \u00f3r\u00e1s sebess\u00e9get. A nagy l\u00e9tsz\u00e1m\u00fa  [&#8230;]<\/p>\n","protected":false},"author":4,"featured_media":0,"comment_status":"open","ping_status":"closed","sticky":false,"template":"","format":"standard","meta":{"footnotes":""},"categories":[11],"tags":[],"class_list":["post-3735","post","type-post","status-publish","format-standard","hentry","category-sport"],"_links":{"self":[{"href":"https:\/\/www.agriatv.hu\/index.php?rest_route=\/wp\/v2\/posts\/3735","targetHints":{"allow":["GET"]}}],"collection":[{"href":"https:\/\/www.agriatv.hu\/index.php?rest_route=\/wp\/v2\/posts"}],"about":[{"href":"https:\/\/www.agriatv.hu\/index.php?rest_route=\/wp\/v2\/types\/post"}],"author":[{"embeddable":true,"href":"https:\/\/www.agriatv.hu\/index.php?rest_route=\/wp\/v2\/users\/4"}],"replies":[{"embeddable":true,"href":"https:\/\/www.agriatv.hu\/index.php?rest_route=%2Fwp%2Fv2%2Fcomments&post=3735"}],"version-history":[{"count":2,"href":"https:\/\/www.agriatv.hu\/index.php?rest_route=\/wp\/v2\/posts\/3735\/revisions"}],"predecessor-version":[{"id":3737,"href":"https:\/\/www.agriatv.hu\/index.php?rest_route=\/wp\/v2\/posts\/3735\/revisions\/3737"}],"wp:attachment":[{"href":"https:\/\/www.agriatv.hu\/index.php?rest_route=%2Fwp%2Fv2%2Fmedia&parent=3735"}],"wp:term":[{"taxonomy":"category","embeddable":true,"href":"https:\/\/www.agriatv.hu\/index.php?rest_route=%2Fwp%2Fv2%2Fcategories&post=3735"},{"taxonomy":"post_tag","embeddable":true,"href":"https:\/\/www.agriatv.hu\/index.php?rest_route=%2Fwp%2Fv2%2Ftags&post=3735"}],"curies":[{"name":"wp","href":"https:\/\/api.w.org\/{rel}","templated":true}]}}