{"id":3740,"date":"2011-03-21T20:35:21","date_gmt":"2011-03-21T20:35:21","guid":{"rendered":"http:\/\/www.agriatv.hu\/?p=3740"},"modified":"2011-03-21T20:35:21","modified_gmt":"2011-03-21T20:35:21","slug":"mszp-politikai-tamadas-indult-a-szinhaz-ellen","status":"publish","type":"post","link":"https:\/\/www.agriatv.hu\/?p=3740","title":{"rendered":"MSZP: politikai t\u00e1mad\u00e1s indult a sz\u00ednh\u00e1z ellen"},"content":{"rendered":"<p><strong><a href=\"https:\/\/www.agriatv.hu\/wp-content\/uploads\/2011\/03\/0321mszp_V.jpg\"><img loading=\"lazy\" decoding=\"async\" class=\"alignleft size-medium wp-image-3741\" title=\"0321mszp_V\" src=\"https:\/\/www.agriatv.hu\/wp-content\/uploads\/2011\/03\/0321mszp_V-300x240.jpg\" alt=\"\" width=\"139\" height=\"111\" srcset=\"https:\/\/www.agriatv.hu\/wp-content\/uploads\/2011\/03\/0321mszp_V-300x240.jpg 300w, https:\/\/www.agriatv.hu\/wp-content\/uploads\/2011\/03\/0321mszp_V.jpg 720w\" sizes=\"auto, (max-width: 139px) 100vw, 139px\" \/><\/a>Politikai t\u00e1mad\u00e1snak v\u00e9li az elm\u00falt ciklus tiszt\u00e1zatlan \u00fcgyeit vizsg\u00e1l\u00f3 bizotts\u00e1g meg\u00e1llap\u00edt\u00e1sait a G\u00e1rdonyi G\u00e9za Sz\u00ednh\u00e1z gazd\u00e1lkod\u00e1s\u00e1val kapcsolatban dr. Nagy Imre szocialista k\u00e9pvisel\u0151.<\/strong><\/p>\n<p>Val\u00f3di, el\u0151remutat\u00f3 munk\u00e1ra sz\u00f3l\u00edtotta fel a megyei \u00f6nkorm\u00e1nyzat Fideszes vezet\u00e9s\u00e9t <strong>dr. Nagy Imre<\/strong> szocialista politikus h\u00e9tf\u0151i sajt\u00f3t\u00e1j\u00e9koztat\u00f3j\u00e1n. A megyei k\u00f6zgy\u0171l\u00e9s P\u00e9nz\u00fcgyi \u00e9s Ellen\u0151rz\u0151 Bizotts\u00e1g\u00e1nak eln\u00f6ke. Az elm\u00falt ciklus tiszt\u00e1zatlan \u00fcgyeit vizsg\u00e1l\u00f3 bizotts\u00e1g munk\u00e1ja kapcs\u00e1n a Megyeh\u00e1z\u00e1n elmondta: az eseti szervezetnek a t\u00e9nyszer\u0171 felt\u00e1r\u00e1shoz nincs sok k\u00f6ze, l\u00e9trej\u00f6tte marketing szempontoknak k\u00f6sz\u00f6nhet\u0151. \u00dagy v\u00e9li: az elk\u00e9pzel\u00e9sek n\u00e9lk\u00fcli j\u00f6v\u0151 leplez\u00e9s\u00e9re szolg\u00e1lnak azok az akci\u00f3k, amelyekkel azt pr\u00f3b\u00e1lj\u00e1k bebizony\u00edtani, hogy minden\u00e9rt a m\u00falt a hib\u00e1s.<\/p>\n<p>A bizotts\u00e1g legut\u00f3bbi meg\u00e1llap\u00edt\u00e1sair\u00f3l, miszerint az egri G\u00e1rdonyi G\u00e9za Sz\u00ednh\u00e1z gazd\u00e1lkod\u00e1s\u00e1ban sz\u00e1mos szab\u00e1lytalans\u00e1g mer\u00fclt fel, a szocialista politikus \u00fagy nyilatkozott: aljas politikai t\u00e1mad\u00e1s t\u00f6rt\u00e9nt, amely c\u00e9lja, hogy hiteltelenn\u00e9 tegy\u00e9k <strong>Barta D\u00f3ra<\/strong>, <strong>Csizmadia Tibor<\/strong> \u00e9s a sz\u00ednh\u00e1z eddigi munk\u00e1j\u00e1t.<\/p>\n<p><div class=\"wordtube\">\n<div class=\"wordtube single237\" id=\"WT1_1\" style=\"width:320px; height:240px;\">\n<a href=\"http:\/\/www.macromedia.com\/go\/getflashplayer\">Get the Flash Player<\/a> to see the wordTube Media Player.\n<\/div><\/div>\n\t<script type=\"text\/javascript\" defer=\"defer\">\nvar WT1_1 = {\n\tparams : {\n\t\twmode : \"opaque\",\n\t\tallowscriptaccess : \"always\",\n\t\tallownetworking : \"all\",\n\t\tallowfullscreen : \"true\"},\n\tflashvars : {\n\t\tfile : \"http%3A%2F%2Fwww.agriatv.hu%2Fwp-content%2Fuploads%2F2011%2F03%2F0321mszp.flv\",\n\t\tvolume : \"80\",\n\t\tbufferlength : \"5\",\n\t\tquality : \"false\",\n\t\t'logo.hide' : \"false\",\n\t\timage : \"http%3A%2F%2Fwww.agriatv.hu%2Fwp-content%2Fuploads%2F2011%2F03%2F0321mszp.jpg\",\n\t\ttitle : \"0321mszp.flv\",\n\t\tlinktarget : \"_self\"},\n\tattr : {\n\t\tid : \"WT1\",\n\t\tname : \"WT1\"},\n\tstart : function() {\n\t\tswfobject.embedSWF(\"https:\/\/www.agriatv.hu\/\/player.swf\", \"WT1_1\", \"320\", \"240\", \"9.0.0\", false, this.flashvars, this.params , this.attr );\n\t}\n}\nWT1_1.start();\n\t<\/script>\n<br \/>\n\u2013 A www.hevesmegye.hu internetes oldalon napokon bel\u00fcl el\u00e9rhet\u0151 lesz a bizotts\u00e1g legut\u00f3bbi \u00fcl\u00e9s\u00e9nek jegyz\u0151k\u00f6nyve. Ennek alapj\u00e1n mindenki maga m\u00e9rlegelheti, hogy vajon t\u00f6rt\u00e9ntek-e szab\u00e1lytalans\u00e1gok az egri G\u00e1rdonyi G\u00e9za Sz\u00ednh\u00e1z gazd\u00e1lkod\u00e1s\u00e1ban \u2013 reag\u00e1lt a sajt\u00f3t\u00e1j\u00e9koztat\u00f3n elhangzottakra <strong>Szab\u00f3 R\u00f3bert<\/strong>, a Heves Megyei K\u00f6zgy\u0171l\u00e9s eln\u00f6ke.<\/p>\n<p>Forr\u00e1s: HEOL<\/p>\n","protected":false},"excerpt":{"rendered":"<p>Politikai t\u00e1mad\u00e1snak v\u00e9li az elm\u00falt ciklus tiszt\u00e1zatlan \u00fcgyeit vizsg\u00e1l\u00f3 bizotts\u00e1g meg\u00e1llap\u00edt\u00e1sait a G\u00e1rdonyi G\u00e9za Sz\u00ednh\u00e1z gazd\u00e1lkod\u00e1s\u00e1val kapcsolatban dr. Nagy Imre szocialista k\u00e9pvisel\u0151.<br \/>\nVal\u00f3di, el\u0151remutat\u00f3 munk\u00e1ra sz\u00f3l\u00edtotta fel a megyei \u00f6nkorm\u00e1nyzat Fideszes vezet\u00e9s\u00e9t dr. Nagy Imre szocialista politikus h\u00e9tf\u0151i sajt\u00f3t\u00e1j\u00e9koztat\u00f3j\u00e1n. A megyei k\u00f6zgy\u0171l\u00e9s P\u00e9nz\u00fcgyi \u00e9s Ellen\u0151rz\u0151 Bizotts\u00e1g\u00e1nak eln\u00f6ke. Az elm\u00falt ciklus tiszt\u00e1zatlan \u00fcgyeit vizsg\u00e1l\u00f3 bizotts\u00e1g munk\u00e1ja kapcs\u00e1n [&#8230;]<\/p>\n","protected":false},"author":4,"featured_media":0,"comment_status":"open","ping_status":"open","sticky":false,"template":"","format":"standard","meta":{"footnotes":""},"categories":[3],"tags":[],"class_list":["post-3740","post","type-post","status-publish","format-standard","hentry","category-politika"],"_links":{"self":[{"href":"https:\/\/www.agriatv.hu\/index.php?rest_route=\/wp\/v2\/posts\/3740","targetHints":{"allow":["GET"]}}],"collection":[{"href":"https:\/\/www.agriatv.hu\/index.php?rest_route=\/wp\/v2\/posts"}],"about":[{"href":"https:\/\/www.agriatv.hu\/index.php?rest_route=\/wp\/v2\/types\/post"}],"author":[{"embeddable":true,"href":"https:\/\/www.agriatv.hu\/index.php?rest_route=\/wp\/v2\/users\/4"}],"replies":[{"embeddable":true,"href":"https:\/\/www.agriatv.hu\/index.php?rest_route=%2Fwp%2Fv2%2Fcomments&post=3740"}],"version-history":[{"count":1,"href":"https:\/\/www.agriatv.hu\/index.php?rest_route=\/wp\/v2\/posts\/3740\/revisions"}],"predecessor-version":[{"id":3742,"href":"https:\/\/www.agriatv.hu\/index.php?rest_route=\/wp\/v2\/posts\/3740\/revisions\/3742"}],"wp:attachment":[{"href":"https:\/\/www.agriatv.hu\/index.php?rest_route=%2Fwp%2Fv2%2Fmedia&parent=3740"}],"wp:term":[{"taxonomy":"category","embeddable":true,"href":"https:\/\/www.agriatv.hu\/index.php?rest_route=%2Fwp%2Fv2%2Fcategories&post=3740"},{"taxonomy":"post_tag","embeddable":true,"href":"https:\/\/www.agriatv.hu\/index.php?rest_route=%2Fwp%2Fv2%2Ftags&post=3740"}],"curies":[{"name":"wp","href":"https:\/\/api.w.org\/{rel}","templated":true}]}}