{"id":3743,"date":"2011-03-23T11:41:20","date_gmt":"2011-03-23T11:41:20","guid":{"rendered":"http:\/\/www.agriatv.hu\/?p=3743"},"modified":"2011-03-23T11:41:37","modified_gmt":"2011-03-23T11:41:37","slug":"st-martin-koncert-jotekony-celra","status":"publish","type":"post","link":"https:\/\/www.agriatv.hu\/?p=3743","title":{"rendered":"St. Martin koncert &#8211; j\u00f3t\u00e9kony c\u00e9lra"},"content":{"rendered":"<p style=\"text-align: center;\"><a href=\"https:\/\/www.agriatv.hu\/wp-content\/uploads\/2011\/03\/0323stmartin_V.jpg\"><img loading=\"lazy\" decoding=\"async\" class=\"size-medium wp-image-3745 alignleft\" title=\"0323stmartin_V\" src=\"https:\/\/www.agriatv.hu\/wp-content\/uploads\/2011\/03\/0323stmartin_V-300x240.jpg\" alt=\"\" width=\"107\" height=\"85\" srcset=\"https:\/\/www.agriatv.hu\/wp-content\/uploads\/2011\/03\/0323stmartin_V-300x240.jpg 300w, https:\/\/www.agriatv.hu\/wp-content\/uploads\/2011\/03\/0323stmartin_V.jpg 720w\" sizes=\"auto, (max-width: 107px) 100vw, 107px\" \/><\/a>A Heves Megyei \u00d6nkorm\u00e1nyzat<\/p>\n<p style=\"text-align: center;\">Fogyat\u00e9kosok Otthona \u00e9s Rehabilit\u00e1ci\u00f3s Int\u00e9zet<\/p>\n<p style=\"text-align: center;\">\u201eJelen\u00fcnk\u00e9rt \u00e9s J\u00f6v\u0151nk\u00e9rt\u201d Alap\u00edtv\u00e1nya felk\u00e9r\u00e9s\u00e9re<\/p>\n<p style=\"text-align: center;\"><strong>St. Martin <\/strong><\/p>\n<p style=\"text-align: center;\"><strong>J\u00f3t\u00e9konys\u00e1gi Koncertet ad<\/strong><\/p>\n<p style=\"text-align: center;\">2011. m\u00e1rcius 27-\u00e9n 17 \u00f3r\u00e1t\u00f3l<\/p>\n<p style=\"text-align: center;\">LELKEK \u00c9RINT\u00c9SE c\u00edmmel.<\/p>\n<p style=\"text-align: center;\"><strong> <\/strong><\/p>\n<p style=\"text-align: center;\"><strong><span style=\"text-decoration: underline;\">A koncert helye<\/span><\/strong><strong>:<\/strong><strong> <\/strong>Eger<strong>, <\/strong>Dob\u00f3 t\u00e9ri Minorita Templom<\/p>\n<p style=\"text-align: center;\">&nbsp;<\/p>\n<p style=\"text-align: center;\"><strong><span style=\"text-decoration: underline;\">Inform\u00e1ci\u00f3, jegyrendel\u00e9s az al\u00e1bbi telefonsz\u00e1mokon:<\/span><\/strong><\/p>\n<p style=\"text-align: center;\">Szutorn\u00e9 Ujv\u00e1ri M\u00e1ria 36\/430-127<\/p>\n<p style=\"text-align: center;\">T\u00f3th Istv\u00e1nn\u00e9 70\/639-2753<\/p>\n<p style=\"text-align: center;\">Az \u00f6sszegy\u0171jt\u00f6tt jegyrendel\u00e9seket a fenti telefonsz\u00e1mokon t\u00f6rt\u00e9n\u0151 egyeztet\u00e9s ut\u00e1n a megbesz\u00e9ltek szerint eljuttatjuk \u00d6n\u00f6knek.<\/p>\n<p style=\"text-align: center;\">&nbsp;<\/p>\n<p style=\"text-align: center;\"><strong><span style=\"text-decoration: underline;\">Jegyek megv\u00e1s\u00e1rolhat\u00f3k:<\/span><\/strong><\/p>\n<p style=\"text-align: center;\"><strong>Agria Park Bev\u00e1s\u00e1rl\u00f3k\u00f6zpont <\/strong>1. em. Inform\u00e1ci\u00f3s pult<\/p>\n<p style=\"text-align: center;\">H \u2013SZ : 9<sup>00<\/sup>-21<sup>00<\/sup><\/p>\n<p style=\"text-align: center;\">V<sup> : <\/sup>9<sup>00<\/sup>-19<sup>00<\/sup><\/p>\n<p style=\"text-align: center;\"><sup> <\/sup><\/p>\n<p style=\"text-align: center;\">A bel\u00e9p\u0151jegy \u00e1ra el\u0151v\u00e9telben: 1.500  Ft<\/p>\n<p style=\"text-align: center;\">T\u00e1mogat\u00f3i k\u00e1rtya kaphat\u00f3 az adom\u00e1nyoz\u00f3 \u00e1ltal felaj\u00e1nlott \u00f6sszeg\u00e9rt.<\/p>\n<p style=\"text-align: center;\">&nbsp;<\/p>\n<p style=\"text-align: center;\"><strong>A M\u0171v\u00e9sz \u00dar a koncert teljes bev\u00e9tel\u00e9t az andornakt\u00e1lyai int\u00e9zet enyhe \u00e9s k\u00f6z\u00e9ps\u00falyos \u00e9rtelmileg akad\u00e1lyozott lak\u00f3i \u00e9letmin\u0151s\u00e9g\u00e9nek jav\u00edt\u00e1s\u00e1ra aj\u00e1nlotta fel.<\/strong><\/p>\n<p style=\"text-align: center;\">&nbsp;<\/p>\n<p style=\"text-align: center;\"><strong>Szeretettel v\u00e1runk minden \u00e9rdekl\u0151d\u0151t! <\/strong><\/p>\n<p style=\"text-align: center;\"><strong><div class=\"wordtube\">\n<div class=\"wordtube single238\" id=\"WT1_1\" style=\"width:320px; height:240px;\">\n<a href=\"http:\/\/www.macromedia.com\/go\/getflashplayer\">Get the Flash Player<\/a> to see the wordTube Media Player.\n<\/div><\/div>\n\t<script type=\"text\/javascript\" defer=\"defer\">\nvar WT1_1 = {\n\tparams : {\n\t\twmode : \"opaque\",\n\t\tallowscriptaccess : \"always\",\n\t\tallownetworking : \"all\",\n\t\tallowfullscreen : \"true\"},\n\tflashvars : {\n\t\tfile : \"http%3A%2F%2Fwww.agriatv.hu%2Fwp-content%2Fuploads%2F2011%2F03%2F0323stmartin.flv\",\n\t\tvolume : \"80\",\n\t\tbufferlength : \"5\",\n\t\tquality : \"false\",\n\t\t'logo.hide' : \"false\",\n\t\timage : \"http%3A%2F%2Fwww.agriatv.hu%2Fwp-content%2Fuploads%2F2011%2F03%2F0323stmartin.jpg\",\n\t\ttitle : \"0323stmartin.flv\",\n\t\tlinktarget : \"_self\"},\n\tattr : {\n\t\tid : \"WT1\",\n\t\tname : \"WT1\"},\n\tstart : function() {\n\t\tswfobject.embedSWF(\"https:\/\/www.agriatv.hu\/\/player.swf\", \"WT1_1\", \"320\", \"240\", \"9.0.0\", false, this.flashvars, this.params , this.attr );\n\t}\n}\nWT1_1.start();\n\t<\/script>\n<br \/>\n<\/strong><\/p>\n","protected":false},"excerpt":{"rendered":"<p>A Heves Megyei \u00d6nkorm\u00e1nyzat<br \/>\nFogyat\u00e9kosok Otthona \u00e9s Rehabilit\u00e1ci\u00f3s Int\u00e9zet<br \/>\n\u201eJelen\u00fcnk\u00e9rt \u00e9s J\u00f6v\u0151nk\u00e9rt\u201d Alap\u00edtv\u00e1nya felk\u00e9r\u00e9s\u00e9re<br \/>\nSt. Martin<br \/>\nJ\u00f3t\u00e9konys\u00e1gi Koncertet ad<br \/>\n2011. m\u00e1rcius 27-\u00e9n 17 \u00f3r\u00e1t\u00f3l<br \/>\nLELKEK \u00c9RINT\u00c9SE c\u00edmmel.<\/p>\n<p>A koncert helye: Eger, Dob\u00f3 t\u00e9ri Minorita Templom<br \/>\n&nbsp;<br \/>\nInform\u00e1ci\u00f3, jegyrendel\u00e9s az al\u00e1bbi telefonsz\u00e1mokon:<br \/>\nSzutorn\u00e9 Ujv\u00e1ri M\u00e1ria 36\/430-127<br \/>\nT\u00f3th Istv\u00e1nn\u00e9 70\/639-2753<br \/>\nAz \u00f6sszegy\u0171jt\u00f6tt jegyrendel\u00e9seket a fenti telefonsz\u00e1mokon t\u00f6rt\u00e9n\u0151 egyeztet\u00e9s ut\u00e1n a megbesz\u00e9ltek szerint eljuttatjuk \u00d6n\u00f6knek.<br \/>\n&nbsp;<br \/>\nJegyek megv\u00e1s\u00e1rolhat\u00f3k:<br \/>\nAgria Park Bev\u00e1s\u00e1rl\u00f3k\u00f6zpont [&#8230;]<\/p>\n","protected":false},"author":4,"featured_media":0,"comment_status":"open","ping_status":"open","sticky":false,"template":"","format":"standard","meta":{"footnotes":""},"categories":[8,4],"tags":[],"class_list":["post-3743","post","type-post","status-publish","format-standard","hentry","category-kultura","category-szabadido"],"_links":{"self":[{"href":"https:\/\/www.agriatv.hu\/index.php?rest_route=\/wp\/v2\/posts\/3743","targetHints":{"allow":["GET"]}}],"collection":[{"href":"https:\/\/www.agriatv.hu\/index.php?rest_route=\/wp\/v2\/posts"}],"about":[{"href":"https:\/\/www.agriatv.hu\/index.php?rest_route=\/wp\/v2\/types\/post"}],"author":[{"embeddable":true,"href":"https:\/\/www.agriatv.hu\/index.php?rest_route=\/wp\/v2\/users\/4"}],"replies":[{"embeddable":true,"href":"https:\/\/www.agriatv.hu\/index.php?rest_route=%2Fwp%2Fv2%2Fcomments&post=3743"}],"version-history":[{"count":6,"href":"https:\/\/www.agriatv.hu\/index.php?rest_route=\/wp\/v2\/posts\/3743\/revisions"}],"predecessor-version":[{"id":3750,"href":"https:\/\/www.agriatv.hu\/index.php?rest_route=\/wp\/v2\/posts\/3743\/revisions\/3750"}],"wp:attachment":[{"href":"https:\/\/www.agriatv.hu\/index.php?rest_route=%2Fwp%2Fv2%2Fmedia&parent=3743"}],"wp:term":[{"taxonomy":"category","embeddable":true,"href":"https:\/\/www.agriatv.hu\/index.php?rest_route=%2Fwp%2Fv2%2Fcategories&post=3743"},{"taxonomy":"post_tag","embeddable":true,"href":"https:\/\/www.agriatv.hu\/index.php?rest_route=%2Fwp%2Fv2%2Ftags&post=3743"}],"curies":[{"name":"wp","href":"https:\/\/api.w.org\/{rel}","templated":true}]}}