{"id":3761,"date":"2011-03-26T10:30:17","date_gmt":"2011-03-26T10:30:17","guid":{"rendered":"http:\/\/www.agriatv.hu\/?p=3761"},"modified":"2011-03-26T10:31:03","modified_gmt":"2011-03-26T10:31:03","slug":"szebb-jovot-dijak","status":"publish","type":"post","link":"https:\/\/www.agriatv.hu\/?p=3761","title":{"rendered":"Szebb J\u00f6v\u0151t D\u00edjak"},"content":{"rendered":"<p><a href=\"https:\/\/www.agriatv.hu\/wp-content\/uploads\/2011\/03\/0325kossuthzs_V.jpg\"><img loading=\"lazy\" decoding=\"async\" class=\"alignleft size-medium wp-image-3762\" title=\"0325kossuthzs_V\" src=\"https:\/\/www.agriatv.hu\/wp-content\/uploads\/2011\/03\/0325kossuthzs_V-300x240.jpg\" alt=\"\" width=\"124\" height=\"99\" srcset=\"https:\/\/www.agriatv.hu\/wp-content\/uploads\/2011\/03\/0325kossuthzs_V-300x240.jpg 300w, https:\/\/www.agriatv.hu\/wp-content\/uploads\/2011\/03\/0325kossuthzs_V.jpg 720w\" sizes=\"auto, (max-width: 124px) 100vw, 124px\" \/><\/a>Az Egy\u00fctt Halmajugr\u00e1\u00e9rt Roma Magyar Egyes\u00fclet 2002-ben alakult, a halmozottan h\u00e1tr\u00e1nyos helyzet\u0171 rom\u00e1k megseg\u00edt\u00e9s\u00e9t tartja fontos c\u00e9lkit\u0171z\u00e9snek. Minden \u00e9vben, elismer\u00e9sk\u00e9nt d\u00edjazz\u00e1k azon partnereiket, akik legt\u00f6bbet tesznek t\u00e9rs\u00e9g\u00fckben a rom\u00e1k integr\u00e1ci\u00f3j\u00e1\u00e9rt.<\/p>\n<p>Ebben az \u00e9vben <strong>Eleni Tsakopoulos Kounalakis, <\/strong>amerikai nagyk\u00f6vet, valamint <strong>Dr. B\u00e1nhidy P\u00e9ter <\/strong>Heves Megyei V\u00edzm\u0171 Zrt.vez\u00e9rigazgat\u00f3ja mellett <strong>Mat\u00fazn\u00e9 Nagy Ildik\u00f3<\/strong> a Kossuth Zsuzsa Gimn\u00e1zium, Szakiskola \u00e9s Koll\u00e9gium igazgat\u00f3n\u0151je is \u00e1tvehette ezt az elismer\u0151 oklevelet.<\/p>\n<p><div class=\"wordtube\">\n<div class=\"wordtube single241\" id=\"WT1_1\" style=\"width:320px; height:240px;\">\n<a href=\"http:\/\/www.macromedia.com\/go\/getflashplayer\">Get the Flash Player<\/a> to see the wordTube Media Player.\n<\/div><\/div>\n\t<script type=\"text\/javascript\" defer=\"defer\">\nvar WT1_1 = {\n\tparams : {\n\t\twmode : \"opaque\",\n\t\tallowscriptaccess : \"always\",\n\t\tallownetworking : \"all\",\n\t\tallowfullscreen : \"true\"},\n\tflashvars : {\n\t\tfile : \"http%3A%2F%2Fwww.agriatv.hu%2Fwp-content%2Fuploads%2F2011%2F03%2F0325kossuthzs.flv\",\n\t\tvolume : \"80\",\n\t\tbufferlength : \"5\",\n\t\tquality : \"false\",\n\t\t'logo.hide' : \"false\",\n\t\timage : \"http%3A%2F%2Fwww.agriatv.hu%2Fwp-content%2Fuploads%2F2011%2F03%2F0325kossuthzs.jpg\",\n\t\ttitle : \"0325kossuthzs.flv\",\n\t\tlinktarget : \"_self\"},\n\tattr : {\n\t\tid : \"WT1\",\n\t\tname : \"WT1\"},\n\tstart : function() {\n\t\tswfobject.embedSWF(\"https:\/\/www.agriatv.hu\/\/player.swf\", \"WT1_1\", \"320\", \"240\", \"9.0.0\", false, this.flashvars, this.params , this.attr );\n\t}\n}\nWT1_1.start();\n\t<\/script>\nK\u00f6sz\u00f6n\u0151 besz\u00e9d\u00e9ben elmondta, hogy a k\u00f6zel 600 f\u0151s k\u00f6z\u00e9piskol\u00e1ban nincs m\u00e1ss\u00e1g, csak milyens\u00e9g. Azt a fontos szerepet kapt\u00e1k, mint tan\u00e1rok, hogy a di\u00e1kjaikb\u00f3l kiegyens\u00falyozott boldog feln\u0151tteket neveljenek \u00e9s ez \u00e1ltal, mint az \u00e9letben, mint a munk\u00e1juk ter\u00fclet\u00e9n sikeres \u00e9s eg\u00e9sz emberekk\u00e9 v\u00e1lhassanak. Az egyes\u00fclet javaslat\u00e1ra iskol\u00e1juk hamarosan adom\u00e1nyokban fog r\u00e9szes\u00fclni az Amerikai Egyes\u00fclt \u00c1llamok j\u00f3volt\u00e1b\u00f3l.<\/p>\n<p>Az iskola tanul\u00f3i m\u0171sorral is k\u00e9sz\u00fcltek az esem\u00e9nyre, melyet\u00a0 Schmittn\u00e9 Makray Katalin, a K\u00f6zt\u00e1rsas\u00e1gi eln\u00f6k feles\u00e9ge is megtisztelte jelenl\u00e9t\u00e9vel.<\/p>\n","protected":false},"excerpt":{"rendered":"<p>Az Egy\u00fctt Halmajugr\u00e1\u00e9rt Roma Magyar Egyes\u00fclet 2002-ben alakult, a halmozottan h\u00e1tr\u00e1nyos helyzet\u0171 rom\u00e1k megseg\u00edt\u00e9s\u00e9t tartja fontos c\u00e9lkit\u0171z\u00e9snek. Minden \u00e9vben, elismer\u00e9sk\u00e9nt d\u00edjazz\u00e1k azon partnereiket, akik legt\u00f6bbet tesznek t\u00e9rs\u00e9g\u00fckben a rom\u00e1k integr\u00e1ci\u00f3j\u00e1\u00e9rt.<br \/>\nEbben az \u00e9vben Eleni Tsakopoulos Kounalakis, amerikai nagyk\u00f6vet, valamint Dr. B\u00e1nhidy P\u00e9ter Heves Megyei V\u00edzm\u0171 Zrt.vez\u00e9rigazgat\u00f3ja mellett Mat\u00fazn\u00e9 Nagy Ildik\u00f3 a Kossuth Zsuzsa Gimn\u00e1zium, Szakiskola \u00e9s [&#8230;]<\/p>\n","protected":false},"author":4,"featured_media":0,"comment_status":"open","ping_status":"closed","sticky":false,"template":"","format":"standard","meta":{"footnotes":""},"categories":[9],"tags":[],"class_list":["post-3761","post","type-post","status-publish","format-standard","hentry","category-oktatas"],"_links":{"self":[{"href":"https:\/\/www.agriatv.hu\/index.php?rest_route=\/wp\/v2\/posts\/3761","targetHints":{"allow":["GET"]}}],"collection":[{"href":"https:\/\/www.agriatv.hu\/index.php?rest_route=\/wp\/v2\/posts"}],"about":[{"href":"https:\/\/www.agriatv.hu\/index.php?rest_route=\/wp\/v2\/types\/post"}],"author":[{"embeddable":true,"href":"https:\/\/www.agriatv.hu\/index.php?rest_route=\/wp\/v2\/users\/4"}],"replies":[{"embeddable":true,"href":"https:\/\/www.agriatv.hu\/index.php?rest_route=%2Fwp%2Fv2%2Fcomments&post=3761"}],"version-history":[{"count":3,"href":"https:\/\/www.agriatv.hu\/index.php?rest_route=\/wp\/v2\/posts\/3761\/revisions"}],"predecessor-version":[{"id":3765,"href":"https:\/\/www.agriatv.hu\/index.php?rest_route=\/wp\/v2\/posts\/3761\/revisions\/3765"}],"wp:attachment":[{"href":"https:\/\/www.agriatv.hu\/index.php?rest_route=%2Fwp%2Fv2%2Fmedia&parent=3761"}],"wp:term":[{"taxonomy":"category","embeddable":true,"href":"https:\/\/www.agriatv.hu\/index.php?rest_route=%2Fwp%2Fv2%2Fcategories&post=3761"},{"taxonomy":"post_tag","embeddable":true,"href":"https:\/\/www.agriatv.hu\/index.php?rest_route=%2Fwp%2Fv2%2Ftags&post=3761"}],"curies":[{"name":"wp","href":"https:\/\/api.w.org\/{rel}","templated":true}]}}