{"id":3775,"date":"2011-03-28T20:57:18","date_gmt":"2011-03-28T20:57:18","guid":{"rendered":"http:\/\/www.agriatv.hu\/?p=3775"},"modified":"2011-03-28T20:57:18","modified_gmt":"2011-03-28T20:57:18","slug":"megnyilt-a-xxi-magyar-studioszinhazi-fesztival","status":"publish","type":"post","link":"https:\/\/www.agriatv.hu\/?p=3775","title":{"rendered":"Megny\u00edlt a XXI. Magyar St\u00fadi\u00f3sz\u00ednh\u00e1zi Fesztiv\u00e1l"},"content":{"rendered":"<p class=\"cikkcikkei\">&nbsp;<\/p>\n<p><img loading=\"lazy\" decoding=\"async\" class=\"kiskepcikkhez alignleft\" src=\"http:\/\/www.egriszin.hu\/RenderedContents\/IndexImages\/7\/7471-20110328112735-Blasko_Balazs.jpg\" alt=\"\" width=\"150\" height=\"95\" \/><\/p>\n<p><strong>A tavalyi \u00e9vad legjobb kamara el\u0151ad\u00e1sai tal\u00e1lkoznak Egerben, az  Egri Tavaszi Fesztiv\u00e1lon. A G\u00e1rdonyi G\u00e9za Sz\u00ednh\u00e1z m\u00e1rcius 27. \u00e9s \u00e1prilis  2. k\u00f6z\u00f6tt rendezi meg a XXI. Magyar St\u00fadi\u00f3sz\u00ednh\u00e1zi Fesztiv\u00e1lt, melyen  11 sz\u00ednh\u00e1z produkci\u00f3ja l\u00e1that\u00f3. A programsorozat a Sz\u00ednh\u00e1zi Vil\u00e1gnapon  kezd\u0151d\u00f6tt, melyet 1961 \u00f3ta \u00fcnnepelnek vil\u00e1gszerte.<\/strong><\/p>\n<p>\u201eA sz\u00ednh\u00e1z sz\u00f3sz\u00f3l\u00f3ja \u00e9s eszk\u00f6ze a k\u00f6z\u00f6ss\u00e9g halad\u00f3  gondolatainak, amelyeket v\u00e9delmezn\u00fcnk kell, ha vesz\u00e9lybe ker\u00fclnek. A  sz\u00ednh\u00e1z egyetemes kifejez\u00e9sm\u00f3d, nyelv, amely a b\u00e9kess\u00e9g \u00e9s a megnyugv\u00e1s  \u00fczenet\u00e9t k\u00fcldi.\u201d \u2013 fogalmazta meg az idei vil\u00e1gnapi \u00fczenetet az  Ugand\u00e1ban \u00e9l\u0151 Jessica Kaahwa dr\u00e1ma\u00edr\u00f3, sz\u00edn\u00e9sz, rendez\u0151, kutat\u00f3, melyet  Tunyogi P\u00e9ter olvasott fel a st\u00fadi\u00f3sz\u00ednpadon. \u00cdgy ny\u00edlt meg a XXI.  Magyar St\u00fadi\u00f3sz\u00ednh\u00e1zi Fesztiv\u00e1l. A n\u00e9z\u0151ket Blask\u00f3 Bal\u00e1zs, a G\u00e1rdonyi  G\u00e9za Sz\u00ednh\u00e1z igazgat\u00f3ja k\u00f6sz\u00f6nt\u00f6tte. Azt hangs\u00falyozta, hogy a sz\u00ednh\u00e1z a  v\u00e9lem\u00e9ny, a magatart\u00e1s \u00e9s a p\u00e9ldaad\u00e1s h\u00e1rmas egys\u00e9gek\u00e9nt \u00e9l\u0151 kapcsolatot  tart a n\u00e9z\u0151kkel, el\u0151ad\u00e1sr\u00f3l el\u0151ad\u00e1sra a legk\u00f6zvetlenebb m\u00f3don hat, ak\u00e1r  klasszikus \u00e9rt\u00e9keket sug\u00e1roz, ak\u00e1r t\u00e1rsadalmi mozg\u00e1shoz, napi  aktualit\u00e1sokhoz f\u0171z\u0151d\u0151 probl\u00e9m\u00e1t vet fel.<br \/>\nA  h\u00e1zigazd\u00e1k L\u00e1togat\u00f3k c\u00edm\u0171 el\u0151ad\u00e1s\u00e1val kezd\u0151d\u00f6tt a programsorozat, amely  egy egri polg\u00e1ri csal\u00e1d szenved\u00e9sekkel teli t\u00f6rt\u00e9net\u00e9t dolgoz fel  Kert\u00e9sz Lilly \u00f6n\u00e9let\u00edr\u00e1sa alapj\u00e1n.<br \/>\nMit tehet  az ember, ha f\u0151n\u00f6ke egyr\u00e9szt a vil\u00e1g, vagy legal\u00e1bbis a R\u00f3mai Birodalom  teljhatalm\u00fa ura, m\u00e1sr\u00e9szt egy t\u00e9bolyult, akit\u0151l minden kitelik, azaz  Caligula? \u2013 erre ad v\u00e1laszt a kecskem\u00e9ti Katona J\u00f3zsef Sz\u00ednh\u00e1z \u00e9s a  budapesti Th\u00e1lia Sz\u00ednh\u00e1z Bag\u00f3 Bertalan rendezte el\u0151ad\u00e1s m\u00e1rcius 28-\u00e1n,  h\u00e9tf\u0151n este 7 \u00f3r\u00e1t\u00f3l.<br \/>\nSz\u00e9kely J\u00e1nos Caligula  helytart\u00f3j\u00e1t 1978-as \u0151sbemutat\u00f3ja \u00f3ta t\u00f6bbsz\u00f6r is sz\u00ednre vittek hat\u00e1ron  innen \u00e9s t\u00fal. A darab olyan \u00e1ltal\u00e1nos \u00e9rv\u00e9ny\u0171 mor\u00e1lis k\u00e9rd\u00e9seket  feszeget, amiknek k\u00f6sz\u00f6nhet\u0151en a dr\u00e1ma mit sem vesz\u00edt naprak\u00e9szs\u00e9g\u00e9b\u0151l; a  verses trag\u00e9dia mindaddig \u00e9rv\u00e9nyes marad, am\u00edg l\u00e9tezik hatalom \u00e9s a  hatalomnak kiszolg\u00e1ltatott ember.<br \/>\nA  st\u00fadi\u00f3sz\u00ednpadon 21 \u00f3r\u00e1t\u00f3l az egri t\u00e1nctagozat Id\u0151k folyam\u00e1n c\u00edm\u0171  koreogr\u00e1fi\u00e1ja l\u00e1that\u00f3. Feledi J\u00e1nost a n\u0151i lelkek, \u00e9rz\u00e9sek izgatt\u00e1k, az  el\u0151ad\u00e1s az \u00d3r\u00e1k c\u00edm\u0171 film nyom\u00e1n k\u00e9sz\u00fclt.<\/p>\n<p>Negyedik alkalommal  rendezik meg Egerben a fesztiv\u00e1lt, el\u0151tte G\u00f6d\u00f6ll\u0151 \u00e9s a budapesti B\u00e1rka  Sz\u00ednh\u00e1z adott otthont a programnak. Id\u00e9n 11 sz\u00ednh\u00e1z produkci\u00f3ja l\u00e1that\u00f3 a  XXI. Magyar St\u00fadi\u00f3sz\u00ednh\u00e1zi Tal\u00e1lkoz\u00f3n. A fesztiv\u00e1lt k\u00e9t\u00e9vente rendezik  meg, a legjobb kamara el\u0151ad\u00e1sokkal.<\/p>\n<p>Forr\u00e1s:<a href=\"egriszin.hu\"> Egrisz\u00edn<\/a><\/p>\n","protected":false},"excerpt":{"rendered":"<p>&nbsp;<\/p>\n<p>A tavalyi \u00e9vad legjobb kamara el\u0151ad\u00e1sai tal\u00e1lkoznak Egerben, az  Egri Tavaszi Fesztiv\u00e1lon. A G\u00e1rdonyi G\u00e9za Sz\u00ednh\u00e1z m\u00e1rcius 27. \u00e9s \u00e1prilis  2. k\u00f6z\u00f6tt rendezi meg a XXI. Magyar St\u00fadi\u00f3sz\u00ednh\u00e1zi Fesztiv\u00e1lt, melyen  11 sz\u00ednh\u00e1z produkci\u00f3ja l\u00e1that\u00f3. A programsorozat a Sz\u00ednh\u00e1zi Vil\u00e1gnapon  kezd\u0151d\u00f6tt, melyet 1961 \u00f3ta \u00fcnnepelnek vil\u00e1gszerte.<br \/>\n\u201eA sz\u00ednh\u00e1z sz\u00f3sz\u00f3l\u00f3ja \u00e9s eszk\u00f6ze a k\u00f6z\u00f6ss\u00e9g [&#8230;]<\/p>\n","protected":false},"author":4,"featured_media":0,"comment_status":"open","ping_status":"closed","sticky":false,"template":"","format":"standard","meta":{"footnotes":""},"categories":[8,4],"tags":[],"class_list":["post-3775","post","type-post","status-publish","format-standard","hentry","category-kultura","category-szabadido"],"_links":{"self":[{"href":"https:\/\/www.agriatv.hu\/index.php?rest_route=\/wp\/v2\/posts\/3775","targetHints":{"allow":["GET"]}}],"collection":[{"href":"https:\/\/www.agriatv.hu\/index.php?rest_route=\/wp\/v2\/posts"}],"about":[{"href":"https:\/\/www.agriatv.hu\/index.php?rest_route=\/wp\/v2\/types\/post"}],"author":[{"embeddable":true,"href":"https:\/\/www.agriatv.hu\/index.php?rest_route=\/wp\/v2\/users\/4"}],"replies":[{"embeddable":true,"href":"https:\/\/www.agriatv.hu\/index.php?rest_route=%2Fwp%2Fv2%2Fcomments&post=3775"}],"version-history":[{"count":1,"href":"https:\/\/www.agriatv.hu\/index.php?rest_route=\/wp\/v2\/posts\/3775\/revisions"}],"predecessor-version":[{"id":3776,"href":"https:\/\/www.agriatv.hu\/index.php?rest_route=\/wp\/v2\/posts\/3775\/revisions\/3776"}],"wp:attachment":[{"href":"https:\/\/www.agriatv.hu\/index.php?rest_route=%2Fwp%2Fv2%2Fmedia&parent=3775"}],"wp:term":[{"taxonomy":"category","embeddable":true,"href":"https:\/\/www.agriatv.hu\/index.php?rest_route=%2Fwp%2Fv2%2Fcategories&post=3775"},{"taxonomy":"post_tag","embeddable":true,"href":"https:\/\/www.agriatv.hu\/index.php?rest_route=%2Fwp%2Fv2%2Ftags&post=3775"}],"curies":[{"name":"wp","href":"https:\/\/api.w.org\/{rel}","templated":true}]}}