{"id":3777,"date":"2011-03-29T14:03:42","date_gmt":"2011-03-29T14:03:42","guid":{"rendered":"http:\/\/www.agriatv.hu\/?p=3777"},"modified":"2011-03-29T14:03:42","modified_gmt":"2011-03-29T14:03:42","slug":"nagyszabasu-tavaszi-programok-az-eszterhazy-karoly-foiskolan","status":"publish","type":"post","link":"https:\/\/www.agriatv.hu\/?p=3777","title":{"rendered":"Nagyszab\u00e1s\u00fa tavaszi programok az Eszterh\u00e1zy K\u00e1roly F\u0151iskol\u00e1n"},"content":{"rendered":"<p><a href=\"https:\/\/www.agriatv.hu\/wp-content\/uploads\/2011\/03\/0329ekf_V.jpg\"><img loading=\"lazy\" decoding=\"async\" class=\"alignleft size-medium wp-image-3789\" title=\"0329ekf_V\" src=\"https:\/\/www.agriatv.hu\/wp-content\/uploads\/2011\/03\/0329ekf_V-300x240.jpg\" alt=\"\" width=\"128\" height=\"102\" srcset=\"https:\/\/www.agriatv.hu\/wp-content\/uploads\/2011\/03\/0329ekf_V-300x240.jpg 300w, https:\/\/www.agriatv.hu\/wp-content\/uploads\/2011\/03\/0329ekf_V.jpg 720w\" sizes=\"auto, (max-width: 128px) 100vw, 128px\" \/><\/a>M\u00e1jus 13-14-\u00e9n a matematika olyan oldal\u00e1t ismerhetik meg az \u00e9rdekl\u0151d\u0151k, amelyr\u0151l eddig csak az algebra \u00e9s a geometria szerelmeseinek lehetett tudom\u00e1sa. Az esem\u00e9ny c\u00e9lja, \u00a0egy olyan \u00e9lm\u00e9nyd\u00fas matematikai-m\u0171v\u00e9szeti fesztiv\u00e1l elind\u00edt\u00e1sa, mely Magyarorsz\u00e1gon egyed\u00fcl\u00e1ll\u00f3 nyitott m\u0171helyek \u00e9s ki\u00e1ll\u00edt\u00e1sok sokas\u00e1g\u00e1val, t\u00e1ncsz\u00ednh\u00e1zi el\u0151ad\u00e1ssal \u00e9s k\u00f6z\u00f6s tev\u00e9kenys\u00e9geken kereszt\u00fcl mutatja be a matematik\u00e1t. A rendezv\u00e9ny f\u0151 l\u00e1tv\u00e1nyoss\u00e1gak\u00e9nt, \u00f3vod\u00e1sok, iskol\u00e1sok \u00e9s tan\u00e1rok r\u00e9szv\u00e9telv\u00e9vel fel\u00e9p\u00fcl K\u00f6z\u00e9p-Eur\u00f3pa legnagyobb Zometool konstrukci\u00f3ja, egy 2,5  m\u00e9ter \u00e1tm\u00e9r\u0151j\u0171 Bucky\u201d g\u00f6mb, amely a k\u00e9s\u0151bbiekben az egri f\u0151iskola egyed\u00fcl\u00e1ll\u00f3 idegenforgalmi l\u00e1tv\u00e1nyoss\u00e1g\u00e1v\u00e1 v\u00e1lhat. 13-\u00e1n a Kreat\u00edv Iskolanapon 12 k\u00fcl\u00f6nleges matematikai-m\u0171v\u00e9szeti m\u0171helybe, m\u00e1jus 14 pedig geometrikus vir\u00e1g\u00fcltet\u00e9sre v\u00e1rj\u00e1k a tanul\u00f3kat a f\u0151iskola Le\u00e1nyka \u00fati \u201eC\u201d \u00e9p\u00fclet\u00e9ben. <div class=\"wordtube\">\n<div class=\"wordtube single244\" id=\"WT1_1\" style=\"width:320px; height:240px;\">\n<a href=\"http:\/\/www.macromedia.com\/go\/getflashplayer\">Get the Flash Player<\/a> to see the wordTube Media Player.\n<\/div><\/div>\n\t<script type=\"text\/javascript\" defer=\"defer\">\nvar WT1_1 = {\n\tparams : {\n\t\twmode : \"opaque\",\n\t\tallowscriptaccess : \"always\",\n\t\tallownetworking : \"all\",\n\t\tallowfullscreen : \"true\"},\n\tflashvars : {\n\t\tfile : \"http%3A%2F%2Fwww.agriatv.hu%2Fwp-content%2Fuploads%2F2011%2F03%2F0329ekf.flv\",\n\t\tvolume : \"80\",\n\t\tbufferlength : \"5\",\n\t\tquality : \"false\",\n\t\t'logo.hide' : \"false\",\n\t\timage : \"http%3A%2F%2Fwww.agriatv.hu%2Fwp-content%2Fuploads%2F2011%2F03%2F0329ekf.jpg\",\n\t\ttitle : \"0329ekf.flv\",\n\t\tlinktarget : \"_self\"},\n\tattr : {\n\t\tid : \"WT1\",\n\t\tname : \"WT1\"},\n\tstart : function() {\n\t\tswfobject.embedSWF(\"https:\/\/www.agriatv.hu\/\/player.swf\", \"WT1_1\", \"320\", \"240\", \"9.0.0\", false, this.flashvars, this.params , this.attr );\n\t}\n}\nWT1_1.start();\n\t<\/script>\n<\/p>\n<p>M\u00e1jus 14-\u00e9n Ars Geometrica szakmai szimp\u00f3zium lesz, ahol a m\u0171helytitkokba is betekinthenek a vend\u00e9gek. A MathArt szeml\u00e9let h\u00edres k\u00e9pvisel\u0151i tartanak \u00e9rdekfesz\u00edt\u0151 el\u0151ad\u00e1sokat, mutatj\u00e1k be a leg\u00fajabb eredm\u00e9nyeiket. Ott lesz a helsinki Heur\u00e9ka k\u00f6zpont fejleszt\u00e9si igazgat\u00f3ja, a b\u00fcsszeli Sint Lucas egyetem k\u00e9pvisel\u0151je \u00e9s m\u00e9g sokan m\u00e1sok.<strong><\/strong><\/p>\n","protected":false},"excerpt":{"rendered":"<p>M\u00e1jus 13-14-\u00e9n a matematika olyan oldal\u00e1t ismerhetik meg az \u00e9rdekl\u0151d\u0151k, amelyr\u0151l eddig csak az algebra \u00e9s a geometria szerelmeseinek lehetett tudom\u00e1sa. Az esem\u00e9ny c\u00e9lja, \u00a0egy olyan \u00e9lm\u00e9nyd\u00fas matematikai-m\u0171v\u00e9szeti fesztiv\u00e1l elind\u00edt\u00e1sa, mely Magyarorsz\u00e1gon egyed\u00fcl\u00e1ll\u00f3 nyitott m\u0171helyek \u00e9s ki\u00e1ll\u00edt\u00e1sok sokas\u00e1g\u00e1val, t\u00e1ncsz\u00ednh\u00e1zi el\u0151ad\u00e1ssal \u00e9s k\u00f6z\u00f6s tev\u00e9kenys\u00e9geken kereszt\u00fcl mutatja be a matematik\u00e1t. A rendezv\u00e9ny f\u0151 l\u00e1tv\u00e1nyoss\u00e1gak\u00e9nt, \u00f3vod\u00e1sok, iskol\u00e1sok \u00e9s [&#8230;]<\/p>\n","protected":false},"author":4,"featured_media":0,"comment_status":"open","ping_status":"closed","sticky":false,"template":"","format":"standard","meta":{"footnotes":""},"categories":[9],"tags":[],"class_list":["post-3777","post","type-post","status-publish","format-standard","hentry","category-oktatas"],"_links":{"self":[{"href":"https:\/\/www.agriatv.hu\/index.php?rest_route=\/wp\/v2\/posts\/3777","targetHints":{"allow":["GET"]}}],"collection":[{"href":"https:\/\/www.agriatv.hu\/index.php?rest_route=\/wp\/v2\/posts"}],"about":[{"href":"https:\/\/www.agriatv.hu\/index.php?rest_route=\/wp\/v2\/types\/post"}],"author":[{"embeddable":true,"href":"https:\/\/www.agriatv.hu\/index.php?rest_route=\/wp\/v2\/users\/4"}],"replies":[{"embeddable":true,"href":"https:\/\/www.agriatv.hu\/index.php?rest_route=%2Fwp%2Fv2%2Fcomments&post=3777"}],"version-history":[{"count":6,"href":"https:\/\/www.agriatv.hu\/index.php?rest_route=\/wp\/v2\/posts\/3777\/revisions"}],"predecessor-version":[{"id":3790,"href":"https:\/\/www.agriatv.hu\/index.php?rest_route=\/wp\/v2\/posts\/3777\/revisions\/3790"}],"wp:attachment":[{"href":"https:\/\/www.agriatv.hu\/index.php?rest_route=%2Fwp%2Fv2%2Fmedia&parent=3777"}],"wp:term":[{"taxonomy":"category","embeddable":true,"href":"https:\/\/www.agriatv.hu\/index.php?rest_route=%2Fwp%2Fv2%2Fcategories&post=3777"},{"taxonomy":"post_tag","embeddable":true,"href":"https:\/\/www.agriatv.hu\/index.php?rest_route=%2Fwp%2Fv2%2Ftags&post=3777"}],"curies":[{"name":"wp","href":"https:\/\/api.w.org\/{rel}","templated":true}]}}