{"id":3804,"date":"2011-03-30T21:24:11","date_gmt":"2011-03-30T21:24:11","guid":{"rendered":"http:\/\/www.agriatv.hu\/?p=3804"},"modified":"2011-03-30T21:24:11","modified_gmt":"2011-03-30T21:24:11","slug":"viragszirom-program","status":"publish","type":"post","link":"https:\/\/www.agriatv.hu\/?p=3804","title":{"rendered":"Vir\u00e1gszirom program"},"content":{"rendered":"<p class=\"cikkcikkei\">&nbsp;<\/p>\n<p><img loading=\"lazy\" decoding=\"async\" class=\"kiskepcikkhez alignleft\" src=\"http:\/\/www.egriszin.hu\/RenderedContents\/IndexImages\/7\/7482-20110330090939-virag.jpg\" alt=\"\" width=\"150\" height=\"113\" \/><\/p>\n<p><strong>Az elm\u00falt \u00e9vek hagyom\u00e1ny\u00e1hoz h\u0171en id\u00e9n tavasszal is meghirdeti  Eger Megyei Jog\u00fa V\u00e1ros \u00d6nkorm\u00e1nyzata a sikeres Vir\u00e1gszirom Programot.  Szeretn\u00e9nk megk\u00f6nny\u00edteni a k\u00f6zter\u00fcleti vir\u00e1gki\u00fcltet\u00e9sekhez az egyny\u00e1ri  vir\u00e1gpal\u00e1nt\u00e1k v\u00e1s\u00e1rl\u00e1s\u00e1t.<\/strong><\/p>\n<p>A Vir\u00e1gszirom Program keret\u00e9ben a t\u00e1mogat\u00e1st a  n\u00f6v\u00e9ny v\u00e9tel\u00e1r\u00e1hoz ny\u00fajtjuk, a p\u00e1ly\u00e1z\u00f3k sz\u00e1m\u00e1ra szervezett vir\u00e1gv\u00e1s\u00e1ron  \u00edgy egys\u00e9gesen 50 Ft\/db \u00e1ron szerezhet\u0151k be az egyny\u00e1ri pal\u00e1nt\u00e1k. A  r\u00e9szv\u00e9telhez p\u00e1ly\u00e1zat beny\u00fajt\u00e1sa sz\u00fcks\u00e9ges, a sz\u00fcks\u00e9ges \u0171rlap let\u00f6lthet\u0151  a www.eger.hu oldalr\u00f3l \u00e9s a Polg\u00e1rmesteri Hivatal portaszolg\u00e1lat\u00e1n is  rendelkez\u00e9sre \u00e1ll. A \u201eVir\u00e1gos Eger\u00e9rt Verseny\u201d Szervez\u0151 Bizotts\u00e1g\u00e1nak  k\u00f6zlem\u00e9nye szerint a Vir\u00e1gszirom Programra id\u00e9n \u00e1prilis 22-ig lehet  jelentkezni. A meg\u00edt\u00e9lt t\u00e1mogat\u00e1s m\u00e9rt\u00e9k\u00e9r\u0151l, az egyny\u00e1ri vir\u00e1gv\u00e1s\u00e1r  pontos idej\u00e9r\u0151l \u00e9s helysz\u00edn\u00e9r\u0151l a h\u00f3nap v\u00e9g\u00e9n \u00e9rtes\u00edti a jelentkez\u0151ket a  V\u00e1rosfejleszt\u00e9si \u00e9s \u00dczemeltet\u00e9si Iroda.<\/p>\n<p>Aki r\u00e9szt vesz a  Vir\u00e1gszirom Programban, az egy\u00fattal automatikusan r\u00e9sztvev\u0151je lesz a  \u201eVir\u00e1gos Eger\u00e9rt Versenynek.\u201d P\u00e1ly\u00e1zni lehet n\u00f6v\u00e9ny\u00fcltet\u00e9sre  el\u0151kertekkel, kertekkel, t\u00e1rsash\u00e1zak el\u0151kertjeivel \u00e9s egys\u00e9ges utcak\u00e9p  kialak\u00edt\u00e1sa \u00e9rdek\u00e9ben is, ut\u00f3bbi esetben h\u00e1zsz\u00e1mt\u00f3l-h\u00e1zsz\u00e1mig  megjel\u00f6l\u00e9ssel.<\/p>\n<p>A p\u00e1ly\u00e1zati \u00edveket \u00e1prilis 22-ig v\u00e1rja a  Polg\u00e1rmesteri Hivatal V\u00e1rosfejleszt\u00e9si \u00e9s \u00dczemeltet\u00e9si Irod\u00e1j\u00e1nak  V\u00e1ros\u00fczemeltet\u00e9si Csoportja: Dob\u00f3 t\u00e9r 2., Fax: 523-745, e-mail:  varosuzemeltetes@ph.eger.hu.<\/p>\n","protected":false},"excerpt":{"rendered":"<p>&nbsp;<\/p>\n<p>Az elm\u00falt \u00e9vek hagyom\u00e1ny\u00e1hoz h\u0171en id\u00e9n tavasszal is meghirdeti  Eger Megyei Jog\u00fa V\u00e1ros \u00d6nkorm\u00e1nyzata a sikeres Vir\u00e1gszirom Programot.  Szeretn\u00e9nk megk\u00f6nny\u00edteni a k\u00f6zter\u00fcleti vir\u00e1gki\u00fcltet\u00e9sekhez az egyny\u00e1ri  vir\u00e1gpal\u00e1nt\u00e1k v\u00e1s\u00e1rl\u00e1s\u00e1t.<br \/>\nA Vir\u00e1gszirom Program keret\u00e9ben a t\u00e1mogat\u00e1st a  n\u00f6v\u00e9ny v\u00e9tel\u00e1r\u00e1hoz ny\u00fajtjuk, a p\u00e1ly\u00e1z\u00f3k sz\u00e1m\u00e1ra szervezett vir\u00e1gv\u00e1s\u00e1ron  \u00edgy egys\u00e9gesen 50 Ft\/db \u00e1ron szerezhet\u0151k be az egyny\u00e1ri [&#8230;]<\/p>\n","protected":false},"author":4,"featured_media":0,"comment_status":"open","ping_status":"closed","sticky":false,"template":"","format":"standard","meta":{"footnotes":""},"categories":[4],"tags":[],"class_list":["post-3804","post","type-post","status-publish","format-standard","hentry","category-szabadido"],"_links":{"self":[{"href":"https:\/\/www.agriatv.hu\/index.php?rest_route=\/wp\/v2\/posts\/3804","targetHints":{"allow":["GET"]}}],"collection":[{"href":"https:\/\/www.agriatv.hu\/index.php?rest_route=\/wp\/v2\/posts"}],"about":[{"href":"https:\/\/www.agriatv.hu\/index.php?rest_route=\/wp\/v2\/types\/post"}],"author":[{"embeddable":true,"href":"https:\/\/www.agriatv.hu\/index.php?rest_route=\/wp\/v2\/users\/4"}],"replies":[{"embeddable":true,"href":"https:\/\/www.agriatv.hu\/index.php?rest_route=%2Fwp%2Fv2%2Fcomments&post=3804"}],"version-history":[{"count":1,"href":"https:\/\/www.agriatv.hu\/index.php?rest_route=\/wp\/v2\/posts\/3804\/revisions"}],"predecessor-version":[{"id":3805,"href":"https:\/\/www.agriatv.hu\/index.php?rest_route=\/wp\/v2\/posts\/3804\/revisions\/3805"}],"wp:attachment":[{"href":"https:\/\/www.agriatv.hu\/index.php?rest_route=%2Fwp%2Fv2%2Fmedia&parent=3804"}],"wp:term":[{"taxonomy":"category","embeddable":true,"href":"https:\/\/www.agriatv.hu\/index.php?rest_route=%2Fwp%2Fv2%2Fcategories&post=3804"},{"taxonomy":"post_tag","embeddable":true,"href":"https:\/\/www.agriatv.hu\/index.php?rest_route=%2Fwp%2Fv2%2Ftags&post=3804"}],"curies":[{"name":"wp","href":"https:\/\/api.w.org\/{rel}","templated":true}]}}