{"id":381,"date":"2010-07-07T17:43:24","date_gmt":"2010-07-07T17:43:24","guid":{"rendered":"http:\/\/www.agriatv.hu\/?p=381"},"modified":"2010-07-07T17:44:52","modified_gmt":"2010-07-07T17:44:52","slug":"rendkivuli-kozgyules-az-ifjusagi-haz-ugyeben","status":"publish","type":"post","link":"https:\/\/www.agriatv.hu\/?p=381","title":{"rendered":"Rendk\u00edv\u00fcli k\u00f6zgy\u0171l\u00e9s az Ifj\u00fas\u00e1gi h\u00e1z \u00fcgy\u00e9ben?"},"content":{"rendered":"<p><img decoding=\"async\" align=\"left\" class=\"kiskepcikkhez\" src=\"http:\/\/www.egriszin.hu\/RenderedContents\/IndexImages\/5\/5759-20100707193455-muveszetek_haza.JPG\" title=\"\" \/><\/p>\n<p><b>Rendk&iacute;v&uuml;l k&ouml;zgy\u0171l&eacute;s &ouml;sszeh&iacute;v&aacute;s&aacute;t kezdem&eacute;nyezi B&aacute;ny&aacute;sz R&oacute;bert n&eacute;h&aacute;ny k&eacute;pvisel\u0151t&aacute;rs&aacute;val az Ifj&uacute;s&aacute;gi H&aacute;z k&ouml;r&uuml;l kialakult helyzet kapcs&aacute;n. A k&eacute;pvisel\u0151k nem tarj&aacute;k helyesnek a belv&aacute;ros sz&iacute;v&eacute;ben tal&aacute;lhat&oacute; &eacute;p&uuml;let funkci&oacute;v&aacute;lt&aacute;s&aacute;t.<\/b><\/p>\n<div align=\"justify\">Az Ifj&uacute;s&aacute;gi H&aacute;z &eacute;p&uuml;let&eacute;hez tartoz&oacute; Egri Est Caf&eacute;ban B&aacute;ny&aacute;sz R&oacute;bert &eacute;s De&aacute;k Boldizs&aacute;r &ouml;nkorm&aacute;nyzati k&eacute;pvisel\u0151k besz&eacute;ltek ma kora este arr&oacute;l, hogy annak ellen&eacute;re, hogy elismerik a Kepes-hagyat&eacute;k &eacute;rt&eacute;k&eacute;t, nem tartj&aacute;k helyesnek, hogy az eg&eacute;sz Ifj&uacute;s&aacute;gi H&aacute;zat b&eacute;rleti jog&aacute;t &aacute;tadja az &ouml;nkorm&aacute;nyzat a miskolci sz&eacute;khely\u0171 Alap&iacute;tv&aacute;ny a Komplex Kult&uacute;ra Kutat&aacute;s&aacute;&eacute;rt nev\u0171 szervezetnek.<br \/>\n\tB&aacute;ny&aacute;sz R&oacute;bert szerint azon a k&ouml;zgy\u0171l&eacute;sen, ahol az Ifj&uacute;s&aacute;gi H&aacute;z &uuml;gy&eacute;t t&aacute;rgyalt&aacute;k, megt&eacute;veszt\u0151 el\u0151terjeszt&eacute;s miatt szavaztak t&ouml;bben igennel. Elmond&aacute;sa alapj&aacute;n a k&eacute;pvisel\u0151k azt az &iacute;g&eacute;retet kapt&aacute;k, hogy a h&aacute;z funkci&oacute;ja r&eacute;szben megmarad, csak kieg&eacute;sz&uuml;l a Kepes-hagyat&eacute;kkal &eacute;s az ehhez kapcsol&oacute;d&oacute; programokkal.<br \/>\n\tA rendk&iacute;v&uuml;li k&ouml;zgy\u0171l&eacute;sen szeretn&eacute;k el&eacute;rni, hogy az int&eacute;zm&eacute;ny maradjon az ifj&uacute;s&aacute;g&eacute;, &eacute;s a v&aacute;ros ne herd&aacute;lja el az &eacute;rt&eacute;kes ingatlant. A k&eacute;pvisel\u0151k felvetett&eacute;k annak a lehet\u0151s&eacute;g&eacute;t is, hogy az Ifj&uacute;s&aacute;gi H&aacute;z egy tudatos spekul&aacute;ci&oacute; &aacute;ldozata, &eacute;s hogy minden bizonnyal az &ouml;nkorm&aacute;nyzat &aacute;ltal meg&iacute;t&eacute;lt 15 &eacute;ves b&eacute;rleti id\u0151szak m&eacute;g n&ouml;vekedni is fog.<br \/>\n\tDe&aacute;k Boldizs&aacute;r szerint az &eacute;p&uuml;let fel&uacute;j&iacute;t&aacute;s&aacute;ra az &ouml;nkorm&aacute;nyzat is ugyan&uacute;gy p&aacute;ly&aacute;zhatott volna, mint az alap&iacute;tv&aacute;ny, hiszen az 50 milli&oacute;s &ouml;nr&eacute;szt a v&aacute;ros is ki tudta volna fizetni.<\/div>\n<div align=\"justify\">Forr&aacute;s: Egrisz&iacute;n<\/div>\n","protected":false},"excerpt":{"rendered":"<p>Rendk&iacute;v&uuml;l k&ouml;zgy\u0171l&eacute;s &ouml;sszeh&iacute;v&aacute;s&aacute;t kezdem&eacute;nyezi B&aacute;ny&aacute;sz R&oacute;bert n&eacute;h&aacute;ny k&eacute;pvisel\u0151t&aacute;rs&aacute;val az Ifj&uacute;s&aacute;gi H&aacute;z k&ouml;r&uuml;l kialakult helyzet kapcs&aacute;n. A k&eacute;pvisel\u0151k nem tarj&aacute;k helyesnek a belv&aacute;ros sz&iacute;v&eacute;ben tal&aacute;lhat&oacute; &eacute;p&uuml;let funkci&oacute;v&aacute;lt&aacute;s&aacute;t.<br \/>\nAz Ifj&uacute;s&aacute;gi H&aacute;z &eacute;p&uuml;let&eacute;hez tartoz&oacute; Egri Est Caf&eacute;ban B&aacute;ny&aacute;sz R&oacute;bert &eacute;s De&aacute;k Boldizs&aacute;r &ouml;nkorm&aacute;nyzati k&eacute;pvisel\u0151k besz&eacute;ltek ma kora este arr&oacute;l, hogy annak ellen&eacute;re, hogy elismerik a Kepes-hagyat&eacute;k &eacute;rt&eacute;k&eacute;t, nem tartj&aacute;k [&#8230;]<\/p>\n","protected":false},"author":4,"featured_media":0,"comment_status":"closed","ping_status":"closed","sticky":false,"template":"","format":"standard","meta":{"footnotes":""},"categories":[8],"tags":[],"class_list":["post-381","post","type-post","status-publish","format-standard","hentry","category-kultura"],"_links":{"self":[{"href":"https:\/\/www.agriatv.hu\/index.php?rest_route=\/wp\/v2\/posts\/381","targetHints":{"allow":["GET"]}}],"collection":[{"href":"https:\/\/www.agriatv.hu\/index.php?rest_route=\/wp\/v2\/posts"}],"about":[{"href":"https:\/\/www.agriatv.hu\/index.php?rest_route=\/wp\/v2\/types\/post"}],"author":[{"embeddable":true,"href":"https:\/\/www.agriatv.hu\/index.php?rest_route=\/wp\/v2\/users\/4"}],"replies":[{"embeddable":true,"href":"https:\/\/www.agriatv.hu\/index.php?rest_route=%2Fwp%2Fv2%2Fcomments&post=381"}],"version-history":[{"count":2,"href":"https:\/\/www.agriatv.hu\/index.php?rest_route=\/wp\/v2\/posts\/381\/revisions"}],"predecessor-version":[{"id":383,"href":"https:\/\/www.agriatv.hu\/index.php?rest_route=\/wp\/v2\/posts\/381\/revisions\/383"}],"wp:attachment":[{"href":"https:\/\/www.agriatv.hu\/index.php?rest_route=%2Fwp%2Fv2%2Fmedia&parent=381"}],"wp:term":[{"taxonomy":"category","embeddable":true,"href":"https:\/\/www.agriatv.hu\/index.php?rest_route=%2Fwp%2Fv2%2Fcategories&post=381"},{"taxonomy":"post_tag","embeddable":true,"href":"https:\/\/www.agriatv.hu\/index.php?rest_route=%2Fwp%2Fv2%2Ftags&post=381"}],"curies":[{"name":"wp","href":"https:\/\/api.w.org\/{rel}","templated":true}]}}