{"id":3810,"date":"2011-03-30T21:27:02","date_gmt":"2011-03-30T21:27:02","guid":{"rendered":"http:\/\/www.agriatv.hu\/?p=3810"},"modified":"2011-03-30T21:27:02","modified_gmt":"2011-03-30T21:27:02","slug":"ingyenes-kepzes-az-ekmk-ban","status":"publish","type":"post","link":"https:\/\/www.agriatv.hu\/?p=3810","title":{"rendered":"Ingyenes k\u00e9pz\u00e9s az EKMK-ban"},"content":{"rendered":"<p><img loading=\"lazy\" decoding=\"async\" class=\"kiskepcikkhez alignleft\" src=\"http:\/\/www.egriszin.hu\/RenderedContents\/IndexImages\/7\/7477-20110329130930-EKMK_logo_021.jpg\" alt=\"\" width=\"150\" height=\"143\" \/><strong>A f\u00fczesabonyi V\u00e1rosi Int\u00e9zm\u00e9nyi K\u00f6zpont \u00e9s az Egri Kultur\u00e1lis \u00e9s  M\u0171v\u00e9szeti K\u00f6zpont az Eur\u00f3pai Uni\u00f3 t\u00e1mogat\u00e1s\u00e1val 2011. \u00e1prilis\u00e1t\u00f3l 90  \u00f3r\u00e1s k\u00e9pz\u00e9st ind\u00edt h\u00e1tr\u00e1nyos helyzet\u0171 (\u00e1ll\u00e1skeres\u0151, roma, GYED-en,  GYES-en lev\u0151, p\u00e1lyakezd\u0151) feln\u0151ttek sz\u00e1m\u00e1ra V\u00e1llalkoz\u00f3i k\u00e9szs\u00e9gek  fejleszt\u00e9se c\u00edmmel.<\/strong><\/p>\n<p>A k\u00e9pz\u00e9s ideje: 2011. \u00e1prilis 6 \u2013 2011. j\u00fanius 1. (K\u00e9pz\u00e9si napok kedden, szerd\u00e1n \u00e9s cs\u00fct\u00f6rt\u00f6k\u00f6n 13:00-18:30 k\u00f6z\u00f6tt)<br \/>\nA  k\u00e9pz\u00e9s c\u00e9lja: A k\u00e9pz\u00e9sben r\u00e9sztvev\u0151k megfelel\u0151 v\u00e1llalkoz\u00f3i \u00e9s  p\u00e1ly\u00e1zat\u00edr\u00e1si szaktud\u00e1ssal rendelkezzenek, amely seg\u00edti a hat\u00e9konyabb  elhelyezked\u00e9st a munkaer\u0151piacon egy\u00e9ni v\u00e1llalkoz\u00f3k\u00e9nt vagy  v\u00e1llalkoz\u00e1sban foglalkoztatottk\u00e9nt.<br \/>\nA k\u00e9pz\u00e9s f\u0151bb tartalmi elemei:<br \/>\n&#8211; \u00faj \u00fczleti lehet\u0151s\u00e9gek<br \/>\n&#8211; marketingeszk\u00f6z\u00f6k<br \/>\n&#8211; p\u00e1ly\u00e1zat\u00edr\u00e1si \u00e9s projektmenedzsment ismeretek<br \/>\n&#8211; v\u00e1llalkoz\u00e1si, menedzsment \u00e9s marketing ismeretek<br \/>\n&#8211; inform\u00e1ci\u00f3s adatb\u00e1zisok hat\u00e9kony alkalmaz\u00e1sa.<br \/>\nA k\u00e9pz\u00e9s ideje alatt tanul\u00e1st seg\u00edt\u0151 szolg\u00e1ltat\u00e1sok vehet\u0151k ig\u00e9nybe!<br \/>\nA k\u00e9pz\u00e9s helye: Egri Kultur\u00e1lis \u00e9s M\u0171v\u00e9szeti K\u00f6zpont 3300 Eger, Bart\u00f3k B\u00e9la t\u00e9r 6.<br \/>\nA k\u00e9pz\u00e9s c\u00e9lcsoportja:<br \/>\n\u2022\u00a0\u00a0 \u00a0P\u00e1lyakezd\u0151 munkan\u00e9lk\u00fcliek<br \/>\n\u2022\u00a0\u00a0 \u00a0Tart\u00f3san \u00e1ll\u00e1skeres\u0151k<br \/>\n\u2022\u00a0\u00a0 \u00a0Roma sz\u00e1rmaz\u00e1s\u00fa feln\u0151ttek<br \/>\n\u2022\u00a0\u00a0 \u00a0GYES-en, GYED-en lev\u0151k<br \/>\nA  k\u00e9pz\u00e9s d\u00edjtalan, a k\u00e9pz\u00e9sben r\u00e9sztvev\u0151k k\u00e9pz\u00e9si t\u00e1mogat\u00e1sban  r\u00e9szes\u00fclhetnek (amennyiben m\u00e1s j\u00f6vedelemben nem r\u00e9szes\u00fclnek). Amennyiben  a k\u00e9pz\u00e9sben r\u00e9sztvev\u0151 nem egri lakos, \u00fatik\u00f6lts\u00e9g t\u00e1mogat\u00e1sra jogosult.<br \/>\nA jelentkez\u00e9s felt\u00e9telei: \u00e9retts\u00e9gi<br \/>\nJelentkezni lehet:<br \/>\n\u2022\u00a0\u00a0  \u00a0szem\u00e9lyesen: V\u00e1rosi Int\u00e9zm\u00e9nyi K\u00f6zpont, 3390 F\u00fczesabony, Ifj\u00fas\u00e1g \u00fat  17., Egri Kultur\u00e1lis \u00e9s M\u0171v\u00e9szeti K\u00f6zpont, 3300 Eger, Bart\u00f3k B\u00e9la t\u00e9r 6.  II. emelet 208-as iroda<br \/>\n\u2022\u00a0\u00a0 \u00a0telefonon: Dr. Moln\u00e1r Istv\u00e1nn\u00e9: 06-20\/455-6483 vagy Muliter Mariann 06-20\/779-2883<br \/>\n\u2022\u00a0\u00a0 \u00a0e-mail-en: molinaritr@chello.hu vagy muliter.mariann@gmail.com<\/p>\n","protected":false},"excerpt":{"rendered":"<p>A f\u00fczesabonyi V\u00e1rosi Int\u00e9zm\u00e9nyi K\u00f6zpont \u00e9s az Egri Kultur\u00e1lis \u00e9s  M\u0171v\u00e9szeti K\u00f6zpont az Eur\u00f3pai Uni\u00f3 t\u00e1mogat\u00e1s\u00e1val 2011. \u00e1prilis\u00e1t\u00f3l 90  \u00f3r\u00e1s k\u00e9pz\u00e9st ind\u00edt h\u00e1tr\u00e1nyos helyzet\u0171 (\u00e1ll\u00e1skeres\u0151, roma, GYED-en,  GYES-en lev\u0151, p\u00e1lyakezd\u0151) feln\u0151ttek sz\u00e1m\u00e1ra V\u00e1llalkoz\u00f3i k\u00e9szs\u00e9gek  fejleszt\u00e9se c\u00edmmel.<br \/>\nA k\u00e9pz\u00e9s ideje: 2011. \u00e1prilis 6 \u2013 2011. j\u00fanius 1. (K\u00e9pz\u00e9si napok kedden, szerd\u00e1n \u00e9s cs\u00fct\u00f6rt\u00f6k\u00f6n [&#8230;]<\/p>\n","protected":false},"author":4,"featured_media":0,"comment_status":"open","ping_status":"closed","sticky":false,"template":"","format":"standard","meta":{"footnotes":""},"categories":[6,9],"tags":[],"class_list":["post-3810","post","type-post","status-publish","format-standard","hentry","category-belfold","category-oktatas"],"_links":{"self":[{"href":"https:\/\/www.agriatv.hu\/index.php?rest_route=\/wp\/v2\/posts\/3810","targetHints":{"allow":["GET"]}}],"collection":[{"href":"https:\/\/www.agriatv.hu\/index.php?rest_route=\/wp\/v2\/posts"}],"about":[{"href":"https:\/\/www.agriatv.hu\/index.php?rest_route=\/wp\/v2\/types\/post"}],"author":[{"embeddable":true,"href":"https:\/\/www.agriatv.hu\/index.php?rest_route=\/wp\/v2\/users\/4"}],"replies":[{"embeddable":true,"href":"https:\/\/www.agriatv.hu\/index.php?rest_route=%2Fwp%2Fv2%2Fcomments&post=3810"}],"version-history":[{"count":2,"href":"https:\/\/www.agriatv.hu\/index.php?rest_route=\/wp\/v2\/posts\/3810\/revisions"}],"predecessor-version":[{"id":3812,"href":"https:\/\/www.agriatv.hu\/index.php?rest_route=\/wp\/v2\/posts\/3810\/revisions\/3812"}],"wp:attachment":[{"href":"https:\/\/www.agriatv.hu\/index.php?rest_route=%2Fwp%2Fv2%2Fmedia&parent=3810"}],"wp:term":[{"taxonomy":"category","embeddable":true,"href":"https:\/\/www.agriatv.hu\/index.php?rest_route=%2Fwp%2Fv2%2Fcategories&post=3810"},{"taxonomy":"post_tag","embeddable":true,"href":"https:\/\/www.agriatv.hu\/index.php?rest_route=%2Fwp%2Fv2%2Ftags&post=3810"}],"curies":[{"name":"wp","href":"https:\/\/api.w.org\/{rel}","templated":true}]}}