{"id":3815,"date":"2011-03-31T21:13:29","date_gmt":"2011-03-31T21:13:29","guid":{"rendered":"http:\/\/www.agriatv.hu\/?p=3815"},"modified":"2011-03-31T21:13:51","modified_gmt":"2011-03-31T21:13:51","slug":"neten-a-cegem","status":"publish","type":"post","link":"https:\/\/www.agriatv.hu\/?p=3815","title":{"rendered":"Neten a c\u00e9gem"},"content":{"rendered":"<p><img loading=\"lazy\" decoding=\"async\" class=\"kiskepcikkhez alignleft\" src=\"http:\/\/www.egriszin.hu\/RenderedContents\/IndexImages\/7\/7483-20110330143009-hkik_small.jpg\" alt=\"\" width=\"150\" height=\"131\" \/><strong>A &#8222;Neten a C\u00e9gem program\u201d t\u00e1j\u00e9koztat\u00f3j\u00e1t tartott\u00e1k ma\u00a0 a HKIK sz\u00e9kh\u00e1z\u00e1ban, ahol a szervez\u0151k  ismertett\u00e9k annak az orsz\u00e1gos programnak az els\u0151 jelent\u0151sebb esem\u00e9ny\u00e9t,  melyre az \u00c9szak-magyarorsz\u00e1gi r\u00e9gi\u00f3 kis \u00e9s k\u00f6z\u00e9pv\u00e1llalkoz\u00e1sait v\u00e1rj\u00e1k.<br \/>\n<\/strong><\/p>\n<p>A Neten a C\u00e9gem program szervez\u0151i a program bemutat\u00e1sa c\u00e9lj\u00e1b\u00f3l t\u00f6bb  \u00e1llom\u00e1sb\u00f3l \u00e1ll\u00f3, az orsz\u00e1g nagyv\u00e1rosait \u00e9rint\u0151 k\u00f6r\u00fatra indulnak. A  programsorozat els\u0151 \u00e1llom\u00e1sa \u00e1prilis 28-\u00e1n, Miskolcon lesz, ahol a  M\u0171v\u00e9szetek H\u00e1z\u00e1ban t\u00f6bb sz\u00e1z kisv\u00e1llalkoz\u00e1snak ny\u00edlik lehet\u0151s\u00e9ge az  internetes jelenl\u00e9tben rejl\u0151 el\u0151ny\u00f6k megismer\u00e9s\u00e9re. A r\u00e9sztvev\u0151 c\u00e9gek  m\u00e1r a helysz\u00ednen, ingyenesen l\u00e9trehozhatj\u00e1k saj\u00e1t honlapjukat, melyhez  szakmai seg\u00edts\u00e9get kapnak, valamint ingyenesen elind\u00edthatj\u00e1k online  hirdet\u00e9si kamp\u00e1nyukat.<\/p>\n<div>A  Neten a C\u00e9gem program c\u00e9lja, hogy minden hazai v\u00e1llalkoz\u00e1shoz  eljuttassa az online jelenl\u00e9t fontoss\u00e1g\u00e1r\u00f3l sz\u00f3l\u00f3 inform\u00e1ci\u00f3kat \u00e9s az  ingyenesen kipr\u00f3b\u00e1lhat\u00f3 eszk\u00f6z\u00f6ket. A szervez\u0151k azt v\u00e1rj\u00e1k, hogy m\u00e9g  id\u00e9n 25 000 v\u00e1llalkoz\u00e1s nyisson a digit\u00e1lis jelenl\u00e9t fel\u00e9, hozzon l\u00e9tre  honlapot, \u00e9s alapozza meg j\u00f6v\u0151beni sikereit az online eszk\u00f6z\u00f6k  seg\u00edts\u00e9g\u00e9vel.<\/div>\n<div><div class=\"wordtube\">\n<div class=\"wordtube single245\" id=\"WT1_1\" style=\"width:320px; height:240px;\">\n<a href=\"http:\/\/www.macromedia.com\/go\/getflashplayer\">Get the Flash Player<\/a> to see the wordTube Media Player.\n<\/div><\/div>\n\t<script type=\"text\/javascript\" defer=\"defer\">\nvar WT1_1 = {\n\tparams : {\n\t\twmode : \"opaque\",\n\t\tallowscriptaccess : \"always\",\n\t\tallownetworking : \"all\",\n\t\tallowfullscreen : \"true\"},\n\tflashvars : {\n\t\tfile : \"http%3A%2F%2Fwww.agriatv.hu%2Fwp-content%2Fuploads%2F2011%2F03%2F0331hkik.flv\",\n\t\tvolume : \"80\",\n\t\tbufferlength : \"5\",\n\t\tquality : \"false\",\n\t\t'logo.hide' : \"false\",\n\t\timage : \"http%3A%2F%2Fwww.agriatv.hu%2Fwp-content%2Fuploads%2F2011%2F03%2F0331hkik_v.jpg\",\n\t\ttitle : \"0331hkik.flv\",\n\t\tlinktarget : \"_self\"},\n\tattr : {\n\t\tid : \"WT1\",\n\t\tname : \"WT1\"},\n\tstart : function() {\n\t\tswfobject.embedSWF(\"https:\/\/www.agriatv.hu\/\/player.swf\", \"WT1_1\", \"320\", \"240\", \"9.0.0\", false, this.flashvars, this.params , this.attr );\n\t}\n}\nWT1_1.start();\n\t<\/script>\n<\/div>\n<div>A  szervez\u0151k rem\u00e9lik, hogy sok c\u00e9g kap kedvet \u00e9s gy\u0171jt b\u00e1tors\u00e1got ahhoz,  hogy a Neten a C\u00e9gem Nap keretein bel\u00fcl hozza l\u00e9tre online jelenl\u00e9t\u00e9t. A  praktikus tud\u00e1st \u00e9rt\u00e9kes nyerem\u00e9nyek is kieg\u00e9sz\u00edtik, a r\u00e9sztvev\u0151k  k\u00f6z\u00f6tt egy Acer netbookot, egy k\u00e9t f\u0151 r\u00e9sz\u00e9re sz\u00f3l\u00f3 2 \u00e9jszak\u00e1s wellness  h\u00e9tv\u00e9g\u00e9t \u00e9s egy 200 000 forint \u00e9rt\u00e9k\u0171 utaz\u00e1si utalv\u00e1nyt fognak  kisorsolni.<\/div>\n<div>A szervez\u0151k a k\u00e9s\u0151bbiekben Neten a C\u00e9gem Napokat terveznek az orsz\u00e1g t\u00f6bbi nagyv\u00e1ros\u00e1ban is.<\/div>\n<p><strong><br \/>\n<\/strong><\/p>\n","protected":false},"excerpt":{"rendered":"<p>A &#8222;Neten a C\u00e9gem program\u201d t\u00e1j\u00e9koztat\u00f3j\u00e1t tartott\u00e1k ma\u00a0 a HKIK sz\u00e9kh\u00e1z\u00e1ban, ahol a szervez\u0151k  ismertett\u00e9k annak az orsz\u00e1gos programnak az els\u0151 jelent\u0151sebb esem\u00e9ny\u00e9t,  melyre az \u00c9szak-magyarorsz\u00e1gi r\u00e9gi\u00f3 kis \u00e9s k\u00f6z\u00e9pv\u00e1llalkoz\u00e1sait v\u00e1rj\u00e1k.<\/p>\n<p>A Neten a C\u00e9gem program szervez\u0151i a program bemutat\u00e1sa c\u00e9lj\u00e1b\u00f3l t\u00f6bb  \u00e1llom\u00e1sb\u00f3l \u00e1ll\u00f3, az orsz\u00e1g nagyv\u00e1rosait \u00e9rint\u0151 k\u00f6r\u00fatra indulnak. A  programsorozat [&#8230;]<\/p>\n","protected":false},"author":4,"featured_media":0,"comment_status":"open","ping_status":"closed","sticky":false,"template":"","format":"standard","meta":{"footnotes":""},"categories":[6],"tags":[],"class_list":["post-3815","post","type-post","status-publish","format-standard","hentry","category-belfold"],"_links":{"self":[{"href":"https:\/\/www.agriatv.hu\/index.php?rest_route=\/wp\/v2\/posts\/3815","targetHints":{"allow":["GET"]}}],"collection":[{"href":"https:\/\/www.agriatv.hu\/index.php?rest_route=\/wp\/v2\/posts"}],"about":[{"href":"https:\/\/www.agriatv.hu\/index.php?rest_route=\/wp\/v2\/types\/post"}],"author":[{"embeddable":true,"href":"https:\/\/www.agriatv.hu\/index.php?rest_route=\/wp\/v2\/users\/4"}],"replies":[{"embeddable":true,"href":"https:\/\/www.agriatv.hu\/index.php?rest_route=%2Fwp%2Fv2%2Fcomments&post=3815"}],"version-history":[{"count":4,"href":"https:\/\/www.agriatv.hu\/index.php?rest_route=\/wp\/v2\/posts\/3815\/revisions"}],"predecessor-version":[{"id":3819,"href":"https:\/\/www.agriatv.hu\/index.php?rest_route=\/wp\/v2\/posts\/3815\/revisions\/3819"}],"wp:attachment":[{"href":"https:\/\/www.agriatv.hu\/index.php?rest_route=%2Fwp%2Fv2%2Fmedia&parent=3815"}],"wp:term":[{"taxonomy":"category","embeddable":true,"href":"https:\/\/www.agriatv.hu\/index.php?rest_route=%2Fwp%2Fv2%2Fcategories&post=3815"},{"taxonomy":"post_tag","embeddable":true,"href":"https:\/\/www.agriatv.hu\/index.php?rest_route=%2Fwp%2Fv2%2Ftags&post=3815"}],"curies":[{"name":"wp","href":"https:\/\/api.w.org\/{rel}","templated":true}]}}