{"id":3820,"date":"2011-03-31T21:52:04","date_gmt":"2011-03-31T21:52:04","guid":{"rendered":"http:\/\/www.agriatv.hu\/?p=3820"},"modified":"2011-03-31T21:52:04","modified_gmt":"2011-03-31T21:52:04","slug":"horvath-tanulni-kell-a-hibakbol","status":"publish","type":"post","link":"https:\/\/www.agriatv.hu\/?p=3820","title":{"rendered":"Horv\u00e1th: tanulni kell a hib\u00e1kb\u00f3l"},"content":{"rendered":"<p><strong><a href=\"https:\/\/www.agriatv.hu\/wp-content\/uploads\/2011\/03\/0331katasztrofa_v.jpg\"><img loading=\"lazy\" decoding=\"async\" class=\"alignleft size-medium wp-image-3823\" title=\"0331katasztrofa_v\" src=\"https:\/\/www.agriatv.hu\/wp-content\/uploads\/2011\/03\/0331katasztrofa_v-300x240.jpg\" alt=\"\" width=\"118\" height=\"94\" srcset=\"https:\/\/www.agriatv.hu\/wp-content\/uploads\/2011\/03\/0331katasztrofa_v-300x240.jpg 300w, https:\/\/www.agriatv.hu\/wp-content\/uploads\/2011\/03\/0331katasztrofa_v.jpg 720w\" sizes=\"auto, (max-width: 118px) 100vw, 118px\" \/><\/a>A katasztr\u00f3fav\u00e9delmi helyzetekr\u0151l, els\u0151dlegesen az \u00e1r-  \u00e9s belv\u00edzvesz\u00e9ly kezel\u00e9s\u00e9r\u0151l tartottak t\u00e1j\u00e9koztat\u00f3t megy\u00e9nk  polg\u00e1rmestereinek.<\/strong><\/p>\n<p>\u2013 A tavalyi ny\u00e1r jelent\u0151s term\u00e9szeti csap\u00e1sokat hozott, ezek miatt  komoly er\u0151ket kellett mozg\u00f3s\u00edtani \u00e9s jelent\u0151s anyagi k\u00e1rok is  keletkeztek. Kiss\u00e9 agg\u00f3dva tekintett\u00fcnk a tavasz el\u00e9, s legyen b\u00e1rmilyen  sz\u00e9p id\u0151 is most, el kell v\u00e9gezni a felk\u00e9sz\u00fcl\u00e9ssel kapcsolatos  feladatokat \u2013 mondta a Heves Megyei Korm\u00e1nyhivatal \u00e9s a Heves Megyei  Katasztr\u00f3fav\u00e9delmi Igazgat\u00f3s\u00e1g egri konferenci\u00e1ja kapcs\u00e1n rendezett  sajt\u00f3t\u00e1j\u00e9koztat\u00f3n <strong>Horv\u00e1th L\u00e1szl\u00f3<\/strong>, a Heves Megyei Korm\u00e1nyhivatalt vezet\u0151 korm\u00e1nymegb\u00edzott.<\/p>\n<p>Horv\u00e1th L\u00e1szl\u00f3 kiemelte: nem ism\u00e9tl\u0151dhetnek meg a kor\u00e1bbi  mulaszt\u00e1sok, mindenkinek tanulnia kell a kor\u00e1bbi hib\u00e1kb\u00f3l. Hozz\u00e1tette: a  polg\u00e1rmesterek cselekv\u00e9si felel\u0151ss\u00e9ge senki m\u00e1s\u00e9val nem hasonl\u00edthat\u00f3  \u00f6ssze, ez\u00e9rt rendk\u00edv\u00fcl fontos tudatos\u00edtani a feladataikat, \u00e1tadni  sz\u00e1mukra a sz\u00fcks\u00e9ges inform\u00e1ci\u00f3kat. A korm\u00e1nymegb\u00edzott szerint tiszt\u00e1ban  kell lenni\u00fck azzal, hogy mik\u00e9nt lehet mozg\u00f3s\u00edtani a v\u00e9delmi er\u0151ket,  hogy hol vannak a homokzs\u00e1kok, \u00e9s ki az, aki azokat ki tudja sz\u00e1ll\u00edtani  ak\u00e1r a h\u00e9t v\u00e9g\u00e9n is.<\/p>\n<div class=\"wordtube\">\n<div class=\"wordtube single246\" id=\"WT1_1\" style=\"width:320px; height:240px;\">\n<a href=\"http:\/\/www.macromedia.com\/go\/getflashplayer\">Get the Flash Player<\/a> to see the wordTube Media Player.\n<\/div><\/div>\n\t<script type=\"text\/javascript\" defer=\"defer\">\nvar WT1_1 = {\n\tparams : {\n\t\twmode : \"opaque\",\n\t\tallowscriptaccess : \"always\",\n\t\tallownetworking : \"all\",\n\t\tallowfullscreen : \"true\"},\n\tflashvars : {\n\t\tfile : \"http%3A%2F%2Fwww.agriatv.hu%2Fwp-content%2Fuploads%2F2011%2F03%2F0331katasztrofa.flv\",\n\t\tvolume : \"80\",\n\t\tbufferlength : \"5\",\n\t\tquality : \"false\",\n\t\t'logo.hide' : \"false\",\n\t\timage : \"http%3A%2F%2Fwww.agriatv.hu%2Fwp-content%2Fuploads%2F2011%2F03%2F0331katasztrofa.jpg\",\n\t\ttitle : \"0331katasztrofa.flv\",\n\t\tlinktarget : \"_self\"},\n\tattr : {\n\t\tid : \"WT1\",\n\t\tname : \"WT1\"},\n\tstart : function() {\n\t\tswfobject.embedSWF(\"https:\/\/www.agriatv.hu\/\/player.swf\", \"WT1_1\", \"320\", \"240\", \"9.0.0\", false, this.flashvars, this.params , this.attr );\n\t}\n}\nWT1_1.start();\n\t<\/script>\n\n<p>Csontos Ambrus, a Heves Megyei Katasztr\u00f3fav\u00e9delmi Igazgat\u00f3s\u00e1g  vezet\u0151je elmondta: a m\u00falt esztend\u0151ben a megye 120 telep\u00fcl\u00e9se k\u00f6z\u00fcl 88  hely\u00fctt kellett v\u00e9dekezni, s sok polg\u00e1rmestert felk\u00e9sz\u00fcletlen\u00fcl \u00e9rtek az  esem\u00e9nyek. Ez\u00e9rt most az elm\u00e9let helyett a gyakorlatra, a k\u00e9zzel  foghat\u00f3 inform\u00e1ci\u00f3kra helyezt\u00e9k a hangs\u00falyt.<\/p>\n<p>A konferenci\u00e1n a vis maior t\u00e1mogat\u00e1sok felhaszn\u00e1l\u00e1s\u00e1t \u00e9rint\u0151 jogszab\u00e1lyi v\u00e1ltoz\u00e1sokr\u00f3l is \u00e9rtes\u00fclhettek a jelenl\u00e9v\u0151k.<\/p>\n<p>Forr\u00e1s: <a href=\"http:\/\/www.heol.hu\">HEOL<\/a><\/p>\n","protected":false},"excerpt":{"rendered":"<p>A katasztr\u00f3fav\u00e9delmi helyzetekr\u0151l, els\u0151dlegesen az \u00e1r-  \u00e9s belv\u00edzvesz\u00e9ly kezel\u00e9s\u00e9r\u0151l tartottak t\u00e1j\u00e9koztat\u00f3t megy\u00e9nk  polg\u00e1rmestereinek.<br \/>\n\u2013 A tavalyi ny\u00e1r jelent\u0151s term\u00e9szeti csap\u00e1sokat hozott, ezek miatt  komoly er\u0151ket kellett mozg\u00f3s\u00edtani \u00e9s jelent\u0151s anyagi k\u00e1rok is  keletkeztek. Kiss\u00e9 agg\u00f3dva tekintett\u00fcnk a tavasz el\u00e9, s legyen b\u00e1rmilyen  sz\u00e9p id\u0151 is most, el kell v\u00e9gezni a felk\u00e9sz\u00fcl\u00e9ssel [&#8230;]<\/p>\n","protected":false},"author":4,"featured_media":0,"comment_status":"open","ping_status":"closed","sticky":false,"template":"","format":"standard","meta":{"footnotes":""},"categories":[6],"tags":[],"class_list":["post-3820","post","type-post","status-publish","format-standard","hentry","category-belfold"],"_links":{"self":[{"href":"https:\/\/www.agriatv.hu\/index.php?rest_route=\/wp\/v2\/posts\/3820","targetHints":{"allow":["GET"]}}],"collection":[{"href":"https:\/\/www.agriatv.hu\/index.php?rest_route=\/wp\/v2\/posts"}],"about":[{"href":"https:\/\/www.agriatv.hu\/index.php?rest_route=\/wp\/v2\/types\/post"}],"author":[{"embeddable":true,"href":"https:\/\/www.agriatv.hu\/index.php?rest_route=\/wp\/v2\/users\/4"}],"replies":[{"embeddable":true,"href":"https:\/\/www.agriatv.hu\/index.php?rest_route=%2Fwp%2Fv2%2Fcomments&post=3820"}],"version-history":[{"count":4,"href":"https:\/\/www.agriatv.hu\/index.php?rest_route=\/wp\/v2\/posts\/3820\/revisions"}],"predecessor-version":[{"id":3825,"href":"https:\/\/www.agriatv.hu\/index.php?rest_route=\/wp\/v2\/posts\/3820\/revisions\/3825"}],"wp:attachment":[{"href":"https:\/\/www.agriatv.hu\/index.php?rest_route=%2Fwp%2Fv2%2Fmedia&parent=3820"}],"wp:term":[{"taxonomy":"category","embeddable":true,"href":"https:\/\/www.agriatv.hu\/index.php?rest_route=%2Fwp%2Fv2%2Fcategories&post=3820"},{"taxonomy":"post_tag","embeddable":true,"href":"https:\/\/www.agriatv.hu\/index.php?rest_route=%2Fwp%2Fv2%2Ftags&post=3820"}],"curies":[{"name":"wp","href":"https:\/\/api.w.org\/{rel}","templated":true}]}}