{"id":3830,"date":"2011-04-01T16:22:59","date_gmt":"2011-04-01T16:22:59","guid":{"rendered":"http:\/\/www.agriatv.hu\/?p=3830"},"modified":"2011-04-01T16:22:59","modified_gmt":"2011-04-01T16:22:59","slug":"spici-az-eger-rallyn","status":"publish","type":"post","link":"https:\/\/www.agriatv.hu\/?p=3830","title":{"rendered":"Spici az Eger Rallyn"},"content":{"rendered":"<p><strong><a href=\"https:\/\/www.agriatv.hu\/wp-content\/uploads\/2011\/04\/0401spici_V.jpg\"><img loading=\"lazy\" decoding=\"async\" class=\"alignleft size-medium wp-image-3832\" title=\"0401spici_V\" src=\"https:\/\/www.agriatv.hu\/wp-content\/uploads\/2011\/04\/0401spici_V-300x240.jpg\" alt=\"\" width=\"113\" height=\"90\" srcset=\"https:\/\/www.agriatv.hu\/wp-content\/uploads\/2011\/04\/0401spici_V-300x240.jpg 300w, https:\/\/www.agriatv.hu\/wp-content\/uploads\/2011\/04\/0401spici_V.jpg 720w\" sizes=\"auto, (max-width: 113px) 100vw, 113px\" \/><\/a>A Start Aut\u00f3 Eger Rally nyit\u00f3 napj\u00e1n sajt\u00f3t\u00e1j\u00e9koztat\u00f3 keret\u00e9ben mutatt\u00e1k be a Spici Racing Team Hungary tagjait, valamint v\u00e1zolt\u00e1k az idei terveket is. Spitzm\u00fcller Csaba \u00e9s Sz\u0151ke Tam\u00e1s az els\u0151 k\u00f6z\u00f6s magyar bajnoks\u00e1g\u00e1ra k\u00e9sz\u00fc<\/strong><strong>l, m\u00e9ghozz\u00e1 egy vadonat\u00faj, Mitsubishi Lancer EVO X-es versenyaut\u00f3val. <\/strong><\/p>\n<p>Spitzm\u00fcller Csaba: nagyon v\u00e1rtam m\u00e1r, hogy visszat\u00e9rhessek a magyar bajnoks\u00e1gba. Egy teljesen \u00faj csapatot \u00e9p\u00edtett\u00fcnk f\u00f6l, \u00fcde sz\u00ednfoltjai lesz\u00fcnk a mez\u0151nynek. A Tam\u00e1ssal teljes bajnoks\u00e1got tervez\u00fcnk, a rom\u00e1n futamokon pedig T\u00f3th Imre fog nekem navig\u00e1lni. Az elm\u00falt napokban igyekezt\u00fcnk min\u00e9l jobban \u00f6sszebar\u00e1tkozni az \u00faj kocsival. Nagyon sok kilom\u00e9tert kell m\u00e9g megtenn\u00fcnk, hogy megismerj\u00fck egym\u00e1st. Az elsz\u00e1nts\u00e1ggal nincs gond, mindenki nagyon motiv\u00e1lt, szeretn\u00e9nk id\u00e9n harcban lenni a legjobbakkal. Az egri, de az \u00f6sszes t\u00f6bbi is tanul\u00f3verseny lesz, majd az id\u0151eredm\u00e9nyek szombaton \u00e9s vas\u00e1rnap megmutatj\u00e1k, hogy hol tartunk.<\/p>\n<div class=\"wordtube\">\n<div class=\"wordtube single247\" id=\"WT1_1\" style=\"width:320px; height:240px;\">\n<a href=\"http:\/\/www.macromedia.com\/go\/getflashplayer\">Get the Flash Player<\/a> to see the wordTube Media Player.\n<\/div><\/div>\n\t<script type=\"text\/javascript\" defer=\"defer\">\nvar WT1_1 = {\n\tparams : {\n\t\twmode : \"opaque\",\n\t\tallowscriptaccess : \"always\",\n\t\tallownetworking : \"all\",\n\t\tallowfullscreen : \"true\"},\n\tflashvars : {\n\t\tfile : \"http%3A%2F%2Fwww.agriatv.hu%2Fwp-content%2Fuploads%2F2011%2F04%2F0401spici.flv\",\n\t\tvolume : \"80\",\n\t\tbufferlength : \"5\",\n\t\tquality : \"false\",\n\t\t'logo.hide' : \"false\",\n\t\timage : \"http%3A%2F%2Fwww.agriatv.hu%2Fwp-content%2Fuploads%2F2011%2F04%2F0401spici.jpg\",\n\t\ttitle : \"0401spici.flv\",\n\t\tlinktarget : \"_self\"},\n\tattr : {\n\t\tid : \"WT1\",\n\t\tname : \"WT1\"},\n\tstart : function() {\n\t\tswfobject.embedSWF(\"https:\/\/www.agriatv.hu\/\/player.swf\", \"WT1_1\", \"320\", \"240\", \"9.0.0\", false, this.flashvars, this.params , this.attr );\n\t}\n}\nWT1_1.start();\n\t<\/script>\n\n<p><strong><br \/>\n<\/strong><\/p>\n","protected":false},"excerpt":{"rendered":"<p>A Start Aut\u00f3 Eger Rally nyit\u00f3 napj\u00e1n sajt\u00f3t\u00e1j\u00e9koztat\u00f3 keret\u00e9ben mutatt\u00e1k be a Spici Racing Team Hungary tagjait, valamint v\u00e1zolt\u00e1k az idei terveket is. Spitzm\u00fcller Csaba \u00e9s Sz\u0151ke Tam\u00e1s az els\u0151 k\u00f6z\u00f6s magyar bajnoks\u00e1g\u00e1ra k\u00e9sz\u00fcl, m\u00e9ghozz\u00e1 egy vadonat\u00faj, Mitsubishi Lancer EVO X-es versenyaut\u00f3val.<br \/>\nSpitzm\u00fcller Csaba: nagyon v\u00e1rtam m\u00e1r, hogy visszat\u00e9rhessek a magyar bajnoks\u00e1gba. Egy teljesen \u00faj [&#8230;]<\/p>\n","protected":false},"author":4,"featured_media":0,"comment_status":"open","ping_status":"closed","sticky":false,"template":"","format":"standard","meta":{"footnotes":""},"categories":[11,4],"tags":[],"class_list":["post-3830","post","type-post","status-publish","format-standard","hentry","category-sport","category-szabadido"],"_links":{"self":[{"href":"https:\/\/www.agriatv.hu\/index.php?rest_route=\/wp\/v2\/posts\/3830","targetHints":{"allow":["GET"]}}],"collection":[{"href":"https:\/\/www.agriatv.hu\/index.php?rest_route=\/wp\/v2\/posts"}],"about":[{"href":"https:\/\/www.agriatv.hu\/index.php?rest_route=\/wp\/v2\/types\/post"}],"author":[{"embeddable":true,"href":"https:\/\/www.agriatv.hu\/index.php?rest_route=\/wp\/v2\/users\/4"}],"replies":[{"embeddable":true,"href":"https:\/\/www.agriatv.hu\/index.php?rest_route=%2Fwp%2Fv2%2Fcomments&post=3830"}],"version-history":[{"count":3,"href":"https:\/\/www.agriatv.hu\/index.php?rest_route=\/wp\/v2\/posts\/3830\/revisions"}],"predecessor-version":[{"id":3834,"href":"https:\/\/www.agriatv.hu\/index.php?rest_route=\/wp\/v2\/posts\/3830\/revisions\/3834"}],"wp:attachment":[{"href":"https:\/\/www.agriatv.hu\/index.php?rest_route=%2Fwp%2Fv2%2Fmedia&parent=3830"}],"wp:term":[{"taxonomy":"category","embeddable":true,"href":"https:\/\/www.agriatv.hu\/index.php?rest_route=%2Fwp%2Fv2%2Fcategories&post=3830"},{"taxonomy":"post_tag","embeddable":true,"href":"https:\/\/www.agriatv.hu\/index.php?rest_route=%2Fwp%2Fv2%2Ftags&post=3830"}],"curies":[{"name":"wp","href":"https:\/\/api.w.org\/{rel}","templated":true}]}}