{"id":3835,"date":"2011-04-01T17:08:35","date_gmt":"2011-04-01T17:08:35","guid":{"rendered":"http:\/\/www.agriatv.hu\/?p=3835"},"modified":"2011-04-01T17:08:35","modified_gmt":"2011-04-01T17:08:35","slug":"mit-hoz-es-mit-visz-az-uj-alkotmany","status":"publish","type":"post","link":"https:\/\/www.agriatv.hu\/?p=3835","title":{"rendered":"Mit hoz \u00e9s mit visz az \u00faj Alkotm\u00e1ny"},"content":{"rendered":"<p><a href=\"https:\/\/www.agriatv.hu\/wp-content\/uploads\/2011\/04\/0401mszp_V.jpg\"><img loading=\"lazy\" decoding=\"async\" class=\"alignleft size-medium wp-image-3836\" title=\"0401mszp_V\" src=\"https:\/\/www.agriatv.hu\/wp-content\/uploads\/2011\/04\/0401mszp_V-300x240.jpg\" alt=\"\" width=\"120\" height=\"96\" srcset=\"https:\/\/www.agriatv.hu\/wp-content\/uploads\/2011\/04\/0401mszp_V-300x240.jpg 300w, https:\/\/www.agriatv.hu\/wp-content\/uploads\/2011\/04\/0401mszp_V.jpg 720w\" sizes=\"auto, (max-width: 120px) 100vw, 120px\" \/><\/a>Sajt\u00f3t\u00e1j\u00e9koztat\u00f3t tartott T\u00f3bi\u00e1s J\u00f3zsef Orsz\u00e1ggy\u0171l\u00e9si K\u00e9pvisel\u0151, az MSZP Frakci\u00f3igazgat\u00f3ja, \u00e9s Dr. S\u00f3s Tam\u00e1s Orsz\u00e1ggy\u0171l\u00e9si K\u00e9pvisel\u0151, az MSZP megyei eln\u00f6ke.<\/p>\n<p>Elhangzott: a Fidesz az 1944. \u00e9s 1990. k\u00f6z\u00f6tti id\u0151szakot nem tekinti jogfolytonosnak a magyar t\u00e1rsadalom \u00e9let\u00e9ben. T\u00f3bi\u00e1s J\u00f3zsef elmondta: helyes d\u00f6nt\u00e9st hoztak, hiszen az alkotm\u00e1nyoz\u00e1s a Fidesz alkotm\u00e1ny\u00e1r\u00f3l sz\u00f3l, ez nem jelenti a t\u00e1rsadalom t\u00f6bbs\u00e9g\u00e9nek t\u00e1mogat\u00e1s\u00e1t.<\/p>\n<p>S\u00f3s Tam\u00e1s szerint az elm\u00falt id\u0151szakban a szeg\u00e9ny emberek m\u00e9g szeg\u00e9nyebbekk\u00e9 v\u00e1ltak, a lakoss\u00e1g nagy t\u00f6bbs\u00e9g\u00e9nek kiszolg\u00e1ltatotts\u00e1ga alakult ki, az elm\u00falt 1 esztend\u0151 \u00e1mokfut\u00e1s\u00e1t fogalmazz\u00e1k meg az alkotm\u00e1nyban.<\/p>\n<div class=\"wordtube\">\n<div class=\"wordtube single248\" id=\"WT1_1\" style=\"width:320px; height:240px;\">\n<a href=\"http:\/\/www.macromedia.com\/go\/getflashplayer\">Get the Flash Player<\/a> to see the wordTube Media Player.\n<\/div><\/div>\n\t<script type=\"text\/javascript\" defer=\"defer\">\nvar WT1_1 = {\n\tparams : {\n\t\twmode : \"opaque\",\n\t\tallowscriptaccess : \"always\",\n\t\tallownetworking : \"all\",\n\t\tallowfullscreen : \"true\"},\n\tflashvars : {\n\t\tfile : \"http%3A%2F%2Fwww.agriatv.hu%2Fwp-content%2Fuploads%2F2011%2F04%2F0401mszp.flv\",\n\t\tvolume : \"80\",\n\t\tbufferlength : \"5\",\n\t\tquality : \"false\",\n\t\t'logo.hide' : \"false\",\n\t\timage : \"http%3A%2F%2Fwww.agriatv.hu%2Fwp-content%2Fuploads%2F2011%2F04%2F0401mszp.jpg\",\n\t\ttitle : \"0401mszp.flv\",\n\t\tlinktarget : \"_self\"},\n\tattr : {\n\t\tid : \"WT1\",\n\t\tname : \"WT1\"},\n\tstart : function() {\n\t\tswfobject.embedSWF(\"https:\/\/www.agriatv.hu\/\/player.swf\", \"WT1_1\", \"320\", \"240\", \"9.0.0\", false, this.flashvars, this.params , this.attr );\n\t}\n}\nWT1_1.start();\n\t<\/script>\n\n","protected":false},"excerpt":{"rendered":"<p>Sajt\u00f3t\u00e1j\u00e9koztat\u00f3t tartott T\u00f3bi\u00e1s J\u00f3zsef Orsz\u00e1ggy\u0171l\u00e9si K\u00e9pvisel\u0151, az MSZP Frakci\u00f3igazgat\u00f3ja, \u00e9s Dr. S\u00f3s Tam\u00e1s Orsz\u00e1ggy\u0171l\u00e9si K\u00e9pvisel\u0151, az MSZP megyei eln\u00f6ke.<br \/>\nElhangzott: a Fidesz az 1944. \u00e9s 1990. k\u00f6z\u00f6tti id\u0151szakot nem tekinti jogfolytonosnak a magyar t\u00e1rsadalom \u00e9let\u00e9ben. T\u00f3bi\u00e1s J\u00f3zsef elmondta: helyes d\u00f6nt\u00e9st hoztak, hiszen az alkotm\u00e1nyoz\u00e1s a Fidesz alkotm\u00e1ny\u00e1r\u00f3l sz\u00f3l, ez nem jelenti a t\u00e1rsadalom t\u00f6bbs\u00e9g\u00e9nek t\u00e1mogat\u00e1s\u00e1t.<br \/>\nS\u00f3s Tam\u00e1s [&#8230;]<\/p>\n","protected":false},"author":4,"featured_media":0,"comment_status":"open","ping_status":"closed","sticky":false,"template":"","format":"standard","meta":{"footnotes":""},"categories":[3],"tags":[],"class_list":["post-3835","post","type-post","status-publish","format-standard","hentry","category-politika"],"_links":{"self":[{"href":"https:\/\/www.agriatv.hu\/index.php?rest_route=\/wp\/v2\/posts\/3835","targetHints":{"allow":["GET"]}}],"collection":[{"href":"https:\/\/www.agriatv.hu\/index.php?rest_route=\/wp\/v2\/posts"}],"about":[{"href":"https:\/\/www.agriatv.hu\/index.php?rest_route=\/wp\/v2\/types\/post"}],"author":[{"embeddable":true,"href":"https:\/\/www.agriatv.hu\/index.php?rest_route=\/wp\/v2\/users\/4"}],"replies":[{"embeddable":true,"href":"https:\/\/www.agriatv.hu\/index.php?rest_route=%2Fwp%2Fv2%2Fcomments&post=3835"}],"version-history":[{"count":2,"href":"https:\/\/www.agriatv.hu\/index.php?rest_route=\/wp\/v2\/posts\/3835\/revisions"}],"predecessor-version":[{"id":3838,"href":"https:\/\/www.agriatv.hu\/index.php?rest_route=\/wp\/v2\/posts\/3835\/revisions\/3838"}],"wp:attachment":[{"href":"https:\/\/www.agriatv.hu\/index.php?rest_route=%2Fwp%2Fv2%2Fmedia&parent=3835"}],"wp:term":[{"taxonomy":"category","embeddable":true,"href":"https:\/\/www.agriatv.hu\/index.php?rest_route=%2Fwp%2Fv2%2Fcategories&post=3835"},{"taxonomy":"post_tag","embeddable":true,"href":"https:\/\/www.agriatv.hu\/index.php?rest_route=%2Fwp%2Fv2%2Ftags&post=3835"}],"curies":[{"name":"wp","href":"https:\/\/api.w.org\/{rel}","templated":true}]}}