{"id":3842,"date":"2011-04-03T19:26:29","date_gmt":"2011-04-03T19:26:29","guid":{"rendered":"http:\/\/www.agriatv.hu\/?p=3842"},"modified":"2011-04-03T19:26:29","modified_gmt":"2011-04-03T19:26:29","slug":"butor-20-eve-vart-erre-a-pillanatra","status":"publish","type":"post","link":"https:\/\/www.agriatv.hu\/?p=3842","title":{"rendered":"B\u00fator 20 \u00e9ve v\u00e1rt erre a pillanatra"},"content":{"rendered":"<p><span class=\"nagyit\"> <\/span> <img loading=\"lazy\" decoding=\"async\" class=\"alignleft\" title=\"Eger \u00faj csillagai: B\u00fator R\u00f3bert (jobbra) \u00e9s Bacig\u00e1l Igor FOT\u00d3: L\u00c9N\u00c1RT M\u00c1RTON\" src=\"http:\/\/heol.hu\/lapokkepek\/cikkek\/147000\/147603_Butor-Robert.jpg\" alt=\"Eger \u00faj csillagai: B\u00fator R\u00f3bert (jobbra) \u00e9s Bacig\u00e1l Igor FOT\u00d3: L\u00c9N\u00c1RT M\u00c1RTON\" width=\"147\" height=\"87\" \/> <strong>B\u00fator R\u00f3bert nyerte a 2011-es Watt Energy Orsz\u00e1gos Rali  Bajnoks\u00e1g els\u0151 futam\u00e1t, az Eger Ralit. A h\u00e9tv\u00e9ge leggyorsabbj\u00e1nak a  szlov\u00e1k ifj. B\u00e9res J\u00f3zsef bizonyult. <\/strong><\/p>\n<p>Fordulatos versenyt hozott a nyolcadik Eger Rali. Az els\u0151 nap  gyorsas\u00e1gir\u00f3l-gyorsas\u00e1gira v\u00e1ltozott az els\u0151 helyek sorsa, a m\u00e1sodik  napon pedig m\u00e9g az utols\u00f3 gyorsas\u00e1gi szakaszig k\u00e9ts\u00e9ges volt a gy\u0151ztes  kil\u00e9te. Annak ellen\u00e9re, hogy a szok\u00e1sosn\u00e1l kevesebb p\u00e1ros v\u00e1llalta  az indul\u00e1st, s\u0151t bel\u00e9p\u0151t is kellett v\u00e1ltani, az el\u0151z\u0151 \u00e9vekhez hasonl\u00f3an  sz\u00e9p sz\u00e1m\u00fa n\u00e9z\u0151sereg k\u00f6vette figyelemmel az esem\u00e9nyeket a p\u00e1ly\u00e1k  sz\u00e9l\u00e9r\u0151l. A verseny nemcsak a magyar, hanem a szlov\u00e1k bajnoks\u00e1g futama  is volt egyben.<\/p>\n<p>M\u00e1r a rali m\u00e1sodik gyorsas\u00e1gi szakasz\u00e1n elb\u00facs\u00fazott a k\u00fczdelemt\u0151l az egyik es\u00e9lyes, <strong>ifj. T\u00f3th J\u00e1nos<\/strong>,  aki eltal\u00e1lt egy kilom\u00e9terk\u00f6vet \u00e9s alaposan \u00f6sszet\u00f6rte aut\u00f3j\u00e1nak  elej\u00e9t. A baleset miatt h\u00e9t p\u00e1ros lass\u00edtani k\u00e9nyszer\u00fclt, \u0151k a  versenyigazgat\u00f3 d\u00f6nt\u00e9se \u00e9rtelm\u00e9ben \u00e1tlagolt id\u0151t kaptak erre a  szakaszra. Szint\u00e9n kor\u00e1n kiesett a gy\u0151zelemre ugyancsak \u00e1h\u00edtoz\u00f3 <strong>Spitzm\u00fcller Csaba<\/strong>,  mivel Mitsubishij\u00e9nek sebess\u00e9gv\u00e1lt\u00f3ja a negyedik gyorsas\u00e1gin  meghib\u00e1sodott. Ezt a szakaszt a mez\u0151ny m\u00e1sodik fele utcai temp\u00f3ban  teljes\u00edtette, ugyanis a sz\u00e1raz f\u0171 l\u00e1ngra lobban\u00e1sa miatt ki kellett  h\u00edvni a t\u0171zolt\u00f3kat. Ugyan jelent\u0151s ter\u00fclet \u00e9gett ki, szem\u00e9lyi s\u00e9r\u00fcl\u00e9s  szerencs\u00e9re nem t\u00f6rt\u00e9nt.<\/p>\n<p>Forr\u00e1s: <a href=\"http:\/\/heol.hu\">HEOL<\/a><\/p>\n","protected":false},"excerpt":{"rendered":"<p>   B\u00fator R\u00f3bert nyerte a 2011-es Watt Energy Orsz\u00e1gos Rali  Bajnoks\u00e1g els\u0151 futam\u00e1t, az Eger Ralit. A h\u00e9tv\u00e9ge leggyorsabbj\u00e1nak a  szlov\u00e1k ifj. B\u00e9res J\u00f3zsef bizonyult.<br \/>\nFordulatos versenyt hozott a nyolcadik Eger Rali. Az els\u0151 nap  gyorsas\u00e1gir\u00f3l-gyorsas\u00e1gira v\u00e1ltozott az els\u0151 helyek sorsa, a m\u00e1sodik  napon pedig m\u00e9g az utols\u00f3 gyorsas\u00e1gi [&#8230;]<\/p>\n","protected":false},"author":4,"featured_media":0,"comment_status":"open","ping_status":"closed","sticky":false,"template":"","format":"standard","meta":{"footnotes":""},"categories":[11,4],"tags":[],"class_list":["post-3842","post","type-post","status-publish","format-standard","hentry","category-sport","category-szabadido"],"_links":{"self":[{"href":"https:\/\/www.agriatv.hu\/index.php?rest_route=\/wp\/v2\/posts\/3842","targetHints":{"allow":["GET"]}}],"collection":[{"href":"https:\/\/www.agriatv.hu\/index.php?rest_route=\/wp\/v2\/posts"}],"about":[{"href":"https:\/\/www.agriatv.hu\/index.php?rest_route=\/wp\/v2\/types\/post"}],"author":[{"embeddable":true,"href":"https:\/\/www.agriatv.hu\/index.php?rest_route=\/wp\/v2\/users\/4"}],"replies":[{"embeddable":true,"href":"https:\/\/www.agriatv.hu\/index.php?rest_route=%2Fwp%2Fv2%2Fcomments&post=3842"}],"version-history":[{"count":3,"href":"https:\/\/www.agriatv.hu\/index.php?rest_route=\/wp\/v2\/posts\/3842\/revisions"}],"predecessor-version":[{"id":3845,"href":"https:\/\/www.agriatv.hu\/index.php?rest_route=\/wp\/v2\/posts\/3842\/revisions\/3845"}],"wp:attachment":[{"href":"https:\/\/www.agriatv.hu\/index.php?rest_route=%2Fwp%2Fv2%2Fmedia&parent=3842"}],"wp:term":[{"taxonomy":"category","embeddable":true,"href":"https:\/\/www.agriatv.hu\/index.php?rest_route=%2Fwp%2Fv2%2Fcategories&post=3842"},{"taxonomy":"post_tag","embeddable":true,"href":"https:\/\/www.agriatv.hu\/index.php?rest_route=%2Fwp%2Fv2%2Ftags&post=3842"}],"curies":[{"name":"wp","href":"https:\/\/api.w.org\/{rel}","templated":true}]}}