{"id":3848,"date":"2011-04-04T20:09:58","date_gmt":"2011-04-04T20:09:58","guid":{"rendered":"http:\/\/www.agriatv.hu\/?p=3848"},"modified":"2011-04-04T20:10:40","modified_gmt":"2011-04-04T20:10:40","slug":"a-magyar-tancmuveszek-szovetsege-kozlemenye","status":"publish","type":"post","link":"https:\/\/www.agriatv.hu\/?p=3848","title":{"rendered":"A Magyar T\u00e1ncm\u0171v\u00e9szek Sz\u00f6vets\u00e9ge k\u00f6zlem\u00e9nye"},"content":{"rendered":"<p><span class=\"rg_ctlv\"><a id=\"rg_hl\" class=\"rg_hl\" href=\"http:\/\/www.google.hu\/imgres?imgurl=http:\/\/tancelet.hu\/images_new\/leadimg\/mtszlogo2.gif&amp;imgrefurl=http:\/\/tancelet.hu\/index.php%3Fstart%3D630&amp;usg=__rLhZ_lpyt2q6JuaBSqR8ECDgEHg=&amp;h=79&amp;w=200&amp;sz=5&amp;hl=hu&amp;start=0&amp;zoom=1&amp;tbnid=bAoLFffmrbk8QM:&amp;tbnh=63&amp;tbnw=160&amp;ei=9yWaTYzEN9DzsgblvuTJCA&amp;prev=\/images%3Fq%3Dmagyar%2Bt%25C3%25A1ncm%25C5%25B1v%25C3%25A9szek%2Bsz%25C3%25B6vets%25C3%25A9ge%26um%3D1%26hl%3Dhu%26biw%3D1157%26bih%3D598%26tbm%3Disch&amp;um=1&amp;itbs=1&amp;iact=hc&amp;vpx=578&amp;vpy=155&amp;dur=677&amp;hovh=63&amp;hovw=160&amp;tx=56&amp;ty=30&amp;oei=9yWaTYzEN9DzsgblvuTJCA&amp;page=1&amp;ndsp=15&amp;ved=1t:429,r:2,s:0\"><img loading=\"lazy\" decoding=\"async\" id=\"rg_hi\" class=\"rg_hi alignleft\" style=\"width: 160px; height: 63px;\" src=\"http:\/\/t3.gstatic.com\/images?q=tbn:ANd9GcRg3fO5cZ9XPc9tRGL2gADb1LHrDOv51KU9_zdEB51kLNHAgDCFFQ\" alt=\"\" width=\"160\" height=\"63\" \/><\/a><\/span>A Magyar T\u00e1ncm\u0171v\u00e9szek Sz\u00f6vets\u00e9g\u00e9t m\u00e9lys\u00e9ges aggodalommal t\u00f6lti el az egri G\u00e1rdonyi G\u00e9za Sz\u00ednh\u00e1z T\u00e1nctagozat\u00e1val t\u00f6rt\u00e9nt esem\u00e9nyek.<\/p>\n<p>Barta D\u00f3ra \u00c9rdemes m\u0171v\u00e9sz \u00e1ltal t\u00f6bb mint 2 \u00e9ve alap\u00edtott, \u00e9s szellemi vezet\u00e9s\u00e9vel m\u0171k\u00f6d\u0151 t\u00e1nctagozat, \u00e9s a Badora T\u00e1rsulat megalap\u00edt\u00e1s\u00e1t \u00e9s l\u00e9t\u00e9t, a teljes hazai t\u00e1ncszakma \u00fcdv\u00f6z\u00f6lte. \u00dcdv\u00f6z\u00f6lte, mert egy a t\u00e1nc szempontj\u00e1b\u00f3l ell\u00e1tatlan ter\u00fcleten honos\u00edtotta meg a magas sz\u00ednvonal\u00fa t\u00e1ncm\u0171v\u00e9szetet, tette mindezt a v\u00e1ros, \u00e9s a megye \u00f6nkorm\u00e1nyzatainak akt\u00edv seg\u00edts\u00e9g\u00e9vel, t\u00e1mogat\u00e1s\u00e1val. Sz\u00fcl\u0151v\u00e1ros\u00e1ban, Egerben v\u00e9gzett kiemelked\u0151 t\u00e1ncpedag\u00f3gusi, szervez\u0151i, t\u00e1ncm\u0171v\u00e9szi \u00e9s alkot\u00f3i tev\u00e9kenys\u00e9ge p\u00e9lda\u00e9rt\u00e9k\u0171.<\/p>\n<p>Az elm\u00falt hetek, h\u00f3napok esem\u00e9nyei azonban megsz\u00f3lal\u00e1sra k\u00e9sztetnek benn\u00fcnket.<\/p>\n<p>Mik\u00f6zben tudom\u00e1sul v\u00e9ve, de nem elfogadva &#8211; hogy a sz\u00ednh\u00e1z \u00faj vezet\u00e9se, a t\u00e1nctagozat eset\u00e9ben is \u00faj koncepci\u00f3 alapj\u00e1n k\u00edv\u00e1n m\u0171k\u00f6dni &#8211; felh\u00edvjuk a figyelmet, hogy ennek a d\u00f6nt\u00e9snek komoly kihat\u00e1sai lehetnek Eger \u00e9s vonz\u00e1sk\u00f6rzete t\u00e1ncm\u0171v\u00e9szet\u00e9re.<\/p>\n<p>Tiltakozunk a megold\u00e1si m\u00f3d ellen!<\/p>\n<p>Tiltakozunk, hogy egy megbecs\u00fclt t\u00e1ncm\u0171v\u00e9szt \u2013 koreogr\u00e1fust embers\u00e9g\u00e9ben, m\u0171v\u00e9szet\u00e9ben, szakmais\u00e1g\u00e1ban m\u00e9ltatlan t\u00e1mad\u00e1sok \u00e9rnek!<\/p>\n<p>Sajn\u00e1lattal vessz\u00fck tudom\u00e1sul, hogy a helyzet tarthatatlans\u00e1ga miatt, az egy\u00fcttes tagjai t\u00e1voznak a sz\u00ednh\u00e1zt\u00f3l.<\/p>\n<p>Rem\u00e9lj\u00fck, hogy Eger v\u00e1ros polg\u00e1rai \u2013 \u00e9l\u00fck\u00f6n az \u00d6nkorm\u00e1nyzattal \u2013 megnyugtat\u00f3 megold\u00e1st tal\u00e1lnak a Badora T\u00e1rsulat hossz\u00fa t\u00e1v\u00fa, f\u00fcggetlen m\u0171k\u00f6d\u00e9s\u00e9re.<\/p>\n<p>Az egy\u00fcttes fennmarad\u00e1s\u00e1hoz, tov\u00e1bbi m\u0171k\u00f6d\u00e9s\u00e9hez, a Magyar T\u00e1ncm\u0171v\u00e9szek Sz\u00f6vets\u00e9ge minden szakmai \u00e9s t\u00e1rsadalmi s\u00faly\u00e1t felaj\u00e1nlja ill. latba k\u00edv\u00e1nja vetni.<\/p>\n<p>Budapest, 2011. \u00e1prilis 1.<\/p>\n<p>A Magyar T\u00e1ncm\u0171v\u00e9szek Sz\u00f6vets\u00e9ge Eln\u00f6ks\u00e9ge<\/p>\n","protected":false},"excerpt":{"rendered":"<p>A Magyar T\u00e1ncm\u0171v\u00e9szek Sz\u00f6vets\u00e9g\u00e9t m\u00e9lys\u00e9ges aggodalommal t\u00f6lti el az egri G\u00e1rdonyi G\u00e9za Sz\u00ednh\u00e1z T\u00e1nctagozat\u00e1val t\u00f6rt\u00e9nt esem\u00e9nyek.<br \/>\nBarta D\u00f3ra \u00c9rdemes m\u0171v\u00e9sz \u00e1ltal t\u00f6bb mint 2 \u00e9ve alap\u00edtott, \u00e9s szellemi vezet\u00e9s\u00e9vel m\u0171k\u00f6d\u0151 t\u00e1nctagozat, \u00e9s a Badora T\u00e1rsulat megalap\u00edt\u00e1s\u00e1t \u00e9s l\u00e9t\u00e9t, a teljes hazai t\u00e1ncszakma \u00fcdv\u00f6z\u00f6lte. \u00dcdv\u00f6z\u00f6lte, mert egy a t\u00e1nc szempontj\u00e1b\u00f3l ell\u00e1tatlan ter\u00fcleten honos\u00edtotta meg a magas sz\u00ednvonal\u00fa [&#8230;]<\/p>\n","protected":false},"author":4,"featured_media":0,"comment_status":"open","ping_status":"closed","sticky":false,"template":"","format":"standard","meta":{"footnotes":""},"categories":[8,3,4],"tags":[],"class_list":["post-3848","post","type-post","status-publish","format-standard","hentry","category-kultura","category-politika","category-szabadido"],"_links":{"self":[{"href":"https:\/\/www.agriatv.hu\/index.php?rest_route=\/wp\/v2\/posts\/3848","targetHints":{"allow":["GET"]}}],"collection":[{"href":"https:\/\/www.agriatv.hu\/index.php?rest_route=\/wp\/v2\/posts"}],"about":[{"href":"https:\/\/www.agriatv.hu\/index.php?rest_route=\/wp\/v2\/types\/post"}],"author":[{"embeddable":true,"href":"https:\/\/www.agriatv.hu\/index.php?rest_route=\/wp\/v2\/users\/4"}],"replies":[{"embeddable":true,"href":"https:\/\/www.agriatv.hu\/index.php?rest_route=%2Fwp%2Fv2%2Fcomments&post=3848"}],"version-history":[{"count":3,"href":"https:\/\/www.agriatv.hu\/index.php?rest_route=\/wp\/v2\/posts\/3848\/revisions"}],"predecessor-version":[{"id":3851,"href":"https:\/\/www.agriatv.hu\/index.php?rest_route=\/wp\/v2\/posts\/3848\/revisions\/3851"}],"wp:attachment":[{"href":"https:\/\/www.agriatv.hu\/index.php?rest_route=%2Fwp%2Fv2%2Fmedia&parent=3848"}],"wp:term":[{"taxonomy":"category","embeddable":true,"href":"https:\/\/www.agriatv.hu\/index.php?rest_route=%2Fwp%2Fv2%2Fcategories&post=3848"},{"taxonomy":"post_tag","embeddable":true,"href":"https:\/\/www.agriatv.hu\/index.php?rest_route=%2Fwp%2Fv2%2Ftags&post=3848"}],"curies":[{"name":"wp","href":"https:\/\/api.w.org\/{rel}","templated":true}]}}