{"id":3852,"date":"2011-04-05T07:25:25","date_gmt":"2011-04-05T07:25:25","guid":{"rendered":"http:\/\/www.agriatv.hu\/?p=3852"},"modified":"2011-04-05T07:25:25","modified_gmt":"2011-04-05T07:25:25","slug":"felhivas-%e2%80%9enapkorona-bajnoksagra%e2%80%9d","status":"publish","type":"post","link":"https:\/\/www.agriatv.hu\/?p=3852","title":{"rendered":"Felh\u00edv\u00e1s \u201eNapkorona Bajnoks\u00e1gra\u201d"},"content":{"rendered":"<p class=\"cikkcikkei\">&nbsp;<\/p>\n<p><img loading=\"lazy\" decoding=\"async\" class=\"kiskepcikkhez alignleft\" src=\"http:\/\/www.egriszin.hu\/RenderedContents\/IndexImages\/7\/7518-20110404194248-napkorona_bajnoksag.jpg\" alt=\"\" width=\"113\" height=\"150\" \/><\/p>\n<p><strong>Eger v\u00e1rosa \u00fagy d\u00f6nt\u00f6tt, hogy indul a Napkorona Bajnoks\u00e1gon. A  h\u00e1rom kateg\u00f3ri\u00e1ban (5 ezer f\u0151 alatti, 5-50 ezer f\u0151, 50 ezer lakos  feletti) meghirdetett orsz\u00e1gos vet\u00e9lked\u0151 c\u00e9lja az, hogy felder\u00edts\u00e9k: az  egyes hazai telep\u00fcl\u00e9seken milyen m\u00e9rt\u00e9kben val\u00f3sult meg eddig a  napenergia hasznos\u00edt\u00e1sa.<\/strong><br \/>\nMagyarorsz\u00e1g legnagyobb  napenergia-felhaszn\u00e1l\u00e1st n\u00e9pszer\u0171s\u00edt\u0151 programja, a Napkorona Bajnoks\u00e1g  gy\u0151ztese magas preszt\u00edzs\u00e9rt\u00e9k\u0171 d\u00edjat nyer \u00e9s a lapok c\u00edmlapj\u00e1ra  ker\u00fclhet. Tavaly az alig 200 lelkes D\u00f6tk, Nagyp\u00e1li \u00e9s \u00d3buda volt a  gy\u0151ztes saj\u00e1t kateg\u00f3ri\u00e1j\u00e1ban, Orosh\u00e1za pedig a nemzetk\u00f6zi versenyben  ez\u00fcst\u00e9rmes is lett. A 2011-es bajnoks\u00e1gban minden, 100 f\u0151t meghalad\u00f3  l\u00e9leksz\u00e1m\u00fa magyar telep\u00fcl\u00e9s ingyenesen indulhat.<br \/>\nA verseny nyertes\u00e9t a  szervez\u0151k h\u00e1rom adat alapj\u00e1n hat\u00e1rozz\u00e1k meg: a telep\u00fcl\u00e9sen tal\u00e1lhat\u00f3  \u00f6sszes napkollektor fel\u00fclet, m2-ben, a telep\u00fcl\u00e9sen tal\u00e1lhat\u00f3 \u00f6sszes  napelem kapacit\u00e1s, kWh-ban \u00e9s az els\u0151 k\u00e9t adatb\u00f3l k\u00e9pzett \u00f6sszes\u00edtett  pontsz\u00e1m, a lakoss\u00e1gsz\u00e1mhoz viszony\u00edtva.<br \/>\nEger MJV \u00d6nkorm\u00e1nyzata k\u00e9ri  azokat a helyi polg\u00e1rokat, akik rendelkeznek m\u0171k\u00f6d\u0151, rendszerbe \u00e1ll\u00edtott  napkollektorral, napelemmel vagy s\u00f6rkollektorral, jelezz\u00e9k ezt \u00e1prilis  13-ig az 523-835-\u00f6s telefonsz\u00e1mon, vagy e-mailben, a  napkorona@ph.eger.hu c\u00edmen.<\/p>\n<p>A pontos adatszolg\u00e1ltat\u00e1shoz sz\u00fcks\u00e9g\u00fcnk van a k\u00f6vetkez\u0151 adatokra:<br \/>\n&#8211; az ingatlan c\u00edme<br \/>\n&#8211; az ingatlan t\u00edpusa (csal\u00e1di h\u00e1z, t\u00e1rsas h\u00e1z, \u00f3voda, iskola, k\u00f3rh\u00e1z stb.)<br \/>\n&#8211; napkollektor eset\u00e9n a berendez\u00e9s fel\u00fclet\u00e9re (m2)<br \/>\n&#8211; napelem eset\u00e9n a berendez\u00e9s teljes\u00edtm\u00e9ny\u00e9re (W)<\/p>\n<p>A felm\u00e9r\u00e9s eredm\u00e9nye az Eger \u00c9ghajlatv\u00e9delmi Strat\u00e9gi\u00e1j\u00e1n dolgoz\u00f3 szakemberek munk\u00e1j\u00e1t is nagyban seg\u00edti majd.<\/p>\n<p>R\u00e9szletek a programr\u00f3l itt:<br \/>\nhttp:\/\/napkoronabajnoksag.hu\/<\/p>\n","protected":false},"excerpt":{"rendered":"<p>&nbsp;<\/p>\n<p>Eger v\u00e1rosa \u00fagy d\u00f6nt\u00f6tt, hogy indul a Napkorona Bajnoks\u00e1gon. A  h\u00e1rom kateg\u00f3ri\u00e1ban (5 ezer f\u0151 alatti, 5-50 ezer f\u0151, 50 ezer lakos  feletti) meghirdetett orsz\u00e1gos vet\u00e9lked\u0151 c\u00e9lja az, hogy felder\u00edts\u00e9k: az  egyes hazai telep\u00fcl\u00e9seken milyen m\u00e9rt\u00e9kben val\u00f3sult meg eddig a  napenergia hasznos\u00edt\u00e1sa.<br \/>\nMagyarorsz\u00e1g legnagyobb  napenergia-felhaszn\u00e1l\u00e1st n\u00e9pszer\u0171s\u00edt\u0151 programja, a Napkorona Bajnoks\u00e1g  [&#8230;]<\/p>\n","protected":false},"author":4,"featured_media":0,"comment_status":"open","ping_status":"closed","sticky":false,"template":"","format":"standard","meta":{"footnotes":""},"categories":[6],"tags":[],"class_list":["post-3852","post","type-post","status-publish","format-standard","hentry","category-belfold"],"_links":{"self":[{"href":"https:\/\/www.agriatv.hu\/index.php?rest_route=\/wp\/v2\/posts\/3852","targetHints":{"allow":["GET"]}}],"collection":[{"href":"https:\/\/www.agriatv.hu\/index.php?rest_route=\/wp\/v2\/posts"}],"about":[{"href":"https:\/\/www.agriatv.hu\/index.php?rest_route=\/wp\/v2\/types\/post"}],"author":[{"embeddable":true,"href":"https:\/\/www.agriatv.hu\/index.php?rest_route=\/wp\/v2\/users\/4"}],"replies":[{"embeddable":true,"href":"https:\/\/www.agriatv.hu\/index.php?rest_route=%2Fwp%2Fv2%2Fcomments&post=3852"}],"version-history":[{"count":1,"href":"https:\/\/www.agriatv.hu\/index.php?rest_route=\/wp\/v2\/posts\/3852\/revisions"}],"predecessor-version":[{"id":3853,"href":"https:\/\/www.agriatv.hu\/index.php?rest_route=\/wp\/v2\/posts\/3852\/revisions\/3853"}],"wp:attachment":[{"href":"https:\/\/www.agriatv.hu\/index.php?rest_route=%2Fwp%2Fv2%2Fmedia&parent=3852"}],"wp:term":[{"taxonomy":"category","embeddable":true,"href":"https:\/\/www.agriatv.hu\/index.php?rest_route=%2Fwp%2Fv2%2Fcategories&post=3852"},{"taxonomy":"post_tag","embeddable":true,"href":"https:\/\/www.agriatv.hu\/index.php?rest_route=%2Fwp%2Fv2%2Ftags&post=3852"}],"curies":[{"name":"wp","href":"https:\/\/api.w.org\/{rel}","templated":true}]}}