{"id":3857,"date":"2011-04-05T19:02:53","date_gmt":"2011-04-05T19:02:53","guid":{"rendered":"http:\/\/www.agriatv.hu\/?p=3857"},"modified":"2011-04-05T19:41:12","modified_gmt":"2011-04-05T19:41:12","slug":"buntetik-a-kerekparosokat","status":"publish","type":"post","link":"https:\/\/www.agriatv.hu\/?p=3857","title":{"rendered":"B\u00fcntetik a ker\u00e9kp\u00e1rosokat"},"content":{"rendered":"<p><a href=\"https:\/\/www.agriatv.hu\/wp-content\/uploads\/2011\/04\/0405policebicaj_V.jpg\"><img loading=\"lazy\" decoding=\"async\" class=\"alignleft size-medium wp-image-3859\" title=\"0405policebicaj_V\" src=\"https:\/\/www.agriatv.hu\/wp-content\/uploads\/2011\/04\/0405policebicaj_V-300x240.jpg\" alt=\"\" width=\"131\" height=\"105\" srcset=\"https:\/\/www.agriatv.hu\/wp-content\/uploads\/2011\/04\/0405policebicaj_V-300x240.jpg 300w, https:\/\/www.agriatv.hu\/wp-content\/uploads\/2011\/04\/0405policebicaj_V.jpg 720w\" sizes=\"auto, (max-width: 131px) 100vw, 131px\" \/><\/a><strong>\u00c1prilis h\u00f3napban a rend\u0151rs\u00e9g munkat\u00e1rsai orsz\u00e1gszerte rendk\u00edv\u00fcli  ker\u00e9kp\u00e1ros k\u00f6z\u00fati ellen\u0151rz\u00e9seket tartanak. Ennek kapcs\u00e1n, kedden d\u00e9lut\u00e1n  az \u00c9rsekkerti ker\u00e9kp\u00e1r\u00faton tartottak sajt\u00f3t\u00e1j\u00e9koztat\u00f3t, amelyre a rend  \u0151rei ker\u00e9kp\u00e1ron \u00e9rkeztek.<\/strong><\/p>\n<div>A ker\u00e9kp\u00e1roz\u00e1s, eg\u00e9szs\u00e9ges, k\u00f6rnyezetk\u00edm\u00e9l\u0151 \u00e9s a  forgalom szempontj\u00e1b\u00f3l is el\u0151ny\u00f6s. A probl\u00e9ma az, hogy nagyon rossz a  statisztika, nagyon sok s\u00falyos baleset \u00e9ri a ker\u00e9kp\u00e1rosokat. Ez\u00e9rt  tenn\u00fcnk kell valamit \u00e9s nem a ker\u00e9kp\u00e1rosok ellen, hanem \u00e9rt\u00fck. A  ker\u00e9kp\u00e1ros kult\u00far\u00e1t olyann\u00e1 kell tenni, ahogy min\u00e9l kevesebb balesettel  j\u00e1rjon. Ebben az orsz\u00e1gos ker\u00e9kp\u00e1ros akci\u00f3ban megpr\u00f3b\u00e1ljuk r\u00e1venni a  ker\u00e9kp\u00e1rosokat arra, hogy kell\u0151 felszerel\u00e9st haszn\u00e1ljanak, m\u00e1sr\u00e9szt \u00fagy  haszn\u00e1lj\u00e1k a ker\u00e9kp\u00e1rt \u00e9s ott, ahol abb\u00f3l nem sz\u00e1rmazik h\u00e1tr\u00e1nyuk \u2013  mondta el a sajt\u00f3t\u00e1j\u00e9koztat\u00f3n Dr. Ormossy Attila r. ezredes, f\u0151kapit\u00e1ny.<\/div>\n<div>\n<div class=\"wordtube\">\n<div class=\"wordtube single249\" id=\"WT1_1\" style=\"width:320px; height:240px;\">\n<a href=\"http:\/\/www.macromedia.com\/go\/getflashplayer\">Get the Flash Player<\/a> to see the wordTube Media Player.\n<\/div><\/div>\n\t<script type=\"text\/javascript\" defer=\"defer\">\nvar WT1_1 = {\n\tparams : {\n\t\twmode : \"opaque\",\n\t\tallowscriptaccess : \"always\",\n\t\tallownetworking : \"all\",\n\t\tallowfullscreen : \"true\"},\n\tflashvars : {\n\t\tfile : \"http%3A%2F%2Fwww.agriatv.hu%2Fwp-content%2Fuploads%2F2011%2F04%2F0405policebicaj.flv\",\n\t\tvolume : \"80\",\n\t\tbufferlength : \"5\",\n\t\tquality : \"false\",\n\t\t'logo.hide' : \"false\",\n\t\timage : \"http%3A%2F%2Fwww.agriatv.hu%2Fwp-content%2Fuploads%2F2011%2F04%2F0405policebicaj.jpg\",\n\t\ttitle : \"0405policebicaj.flv\",\n\t\tlinktarget : \"_self\"},\n\tattr : {\n\t\tid : \"WT1\",\n\t\tname : \"WT1\"},\n\tstart : function() {\n\t\tswfobject.embedSWF(\"https:\/\/www.agriatv.hu\/\/player.swf\", \"WT1_1\", \"320\", \"240\", \"9.0.0\", false, this.flashvars, this.params , this.attr );\n\t}\n}\nWT1_1.start();\n\t<\/script>\n Nagy  hangs\u00falyt fektetnek a ker\u00e9kp\u00e1rok k\u00f6telez\u0151 felszerel\u00e9s\u00e9nek a megl\u00e9t\u00e9re,  p\u00e9ld\u00e1ul a f\u00e9nyvisszaver\u0151 prizm\u00e1k, a cseng\u0151, a f\u00e9kek m\u0171k\u00f6d\u00e9s\u00e9re, f\u0151leg  korl\u00e1tozott l\u00e1that\u00f3s\u00e1gi viszonyok k\u00f6z\u00f6tt a ker\u00e9kp\u00e1r megfelel\u0151  kivil\u00e1g\u00edt\u00e1sa, valamint l\u00e9nyeges szempont az ittas bicikliz\u0151k kisz\u0171r\u00e9se,  \u00e9s ezek szankcion\u00e1l\u00e1sa- emelte ki Erd\u00e9lyi R\u00f3bert r. alezredes, a Heves  Megyei Balesetmegel\u0151z\u00e9si Bizotts\u00e1g titk\u00e1ra.<br \/>\nAz elm\u00falt \u00e9vben minden  harmadik ker\u00e9kp\u00e1ros ittas \u00e1llapotban volt, ez\u00e9rt erre nagy hangs\u00falyt  fektet a rend\u0151rs\u00e9g. Kiemelten fontosnak tartj\u00e1k m\u00e9g lakott ter\u00fcleten  k\u00edv\u00fcl a l\u00e1that\u00f3s\u00e1gi mell\u00e9ny haszn\u00e1lat\u00e1nak ellen\u0151rz\u00e9s\u00e9t.<\/div>\n<div>Forr\u00e1s: <a href=\"http:\/\/egriszin.hu\">Egrisz\u00edn<\/a><\/div>\n","protected":false},"excerpt":{"rendered":"<p>\u00c1prilis h\u00f3napban a rend\u0151rs\u00e9g munkat\u00e1rsai orsz\u00e1gszerte rendk\u00edv\u00fcli  ker\u00e9kp\u00e1ros k\u00f6z\u00fati ellen\u0151rz\u00e9seket tartanak. Ennek kapcs\u00e1n, kedden d\u00e9lut\u00e1n  az \u00c9rsekkerti ker\u00e9kp\u00e1r\u00faton tartottak sajt\u00f3t\u00e1j\u00e9koztat\u00f3t, amelyre a rend  \u0151rei ker\u00e9kp\u00e1ron \u00e9rkeztek.<br \/>\nA ker\u00e9kp\u00e1roz\u00e1s, eg\u00e9szs\u00e9ges, k\u00f6rnyezetk\u00edm\u00e9l\u0151 \u00e9s a  forgalom szempontj\u00e1b\u00f3l is el\u0151ny\u00f6s. A probl\u00e9ma az, hogy nagyon rossz a  statisztika, nagyon sok s\u00falyos baleset \u00e9ri a ker\u00e9kp\u00e1rosokat. [&#8230;]<\/p>\n","protected":false},"author":4,"featured_media":0,"comment_status":"open","ping_status":"closed","sticky":false,"template":"","format":"standard","meta":{"footnotes":""},"categories":[5],"tags":[],"class_list":["post-3857","post","type-post","status-publish","format-standard","hentry","category-kek-hirek"],"_links":{"self":[{"href":"https:\/\/www.agriatv.hu\/index.php?rest_route=\/wp\/v2\/posts\/3857","targetHints":{"allow":["GET"]}}],"collection":[{"href":"https:\/\/www.agriatv.hu\/index.php?rest_route=\/wp\/v2\/posts"}],"about":[{"href":"https:\/\/www.agriatv.hu\/index.php?rest_route=\/wp\/v2\/types\/post"}],"author":[{"embeddable":true,"href":"https:\/\/www.agriatv.hu\/index.php?rest_route=\/wp\/v2\/users\/4"}],"replies":[{"embeddable":true,"href":"https:\/\/www.agriatv.hu\/index.php?rest_route=%2Fwp%2Fv2%2Fcomments&post=3857"}],"version-history":[{"count":6,"href":"https:\/\/www.agriatv.hu\/index.php?rest_route=\/wp\/v2\/posts\/3857\/revisions"}],"predecessor-version":[{"id":3867,"href":"https:\/\/www.agriatv.hu\/index.php?rest_route=\/wp\/v2\/posts\/3857\/revisions\/3867"}],"wp:attachment":[{"href":"https:\/\/www.agriatv.hu\/index.php?rest_route=%2Fwp%2Fv2%2Fmedia&parent=3857"}],"wp:term":[{"taxonomy":"category","embeddable":true,"href":"https:\/\/www.agriatv.hu\/index.php?rest_route=%2Fwp%2Fv2%2Fcategories&post=3857"},{"taxonomy":"post_tag","embeddable":true,"href":"https:\/\/www.agriatv.hu\/index.php?rest_route=%2Fwp%2Fv2%2Ftags&post=3857"}],"curies":[{"name":"wp","href":"https:\/\/api.w.org\/{rel}","templated":true}]}}