{"id":3864,"date":"2011-04-05T19:41:49","date_gmt":"2011-04-05T19:41:49","guid":{"rendered":"http:\/\/www.agriatv.hu\/?p=3864"},"modified":"2011-04-05T19:41:49","modified_gmt":"2011-04-05T19:41:49","slug":"kaosz-az-oktatasban-%e2%80%93-penzkivonas-a-felsooktatasbol","status":"publish","type":"post","link":"https:\/\/www.agriatv.hu\/?p=3864","title":{"rendered":"K\u00e1osz az oktat\u00e1sban \u2013 p\u00e9nzkivon\u00e1s a fels\u0151oktat\u00e1sb\u00f3l"},"content":{"rendered":"<p><img loading=\"lazy\" decoding=\"async\" class=\"kiskepcikkhez alignleft\" src=\"http:\/\/www.egriszin.hu\/RenderedContents\/IndexImages\/7\/7523-20110405171847-hiller.jpg\" alt=\"\" width=\"150\" height=\"113\" \/><strong>Az oktat\u00e1s mai helyzet\u00e9r\u0151l \u00e9s a j\u00f6v\u0151ben v\u00e1rhat\u00f3 kaotikus  \u00e1llapotokr\u00f3l tartott sajt\u00f3t\u00e1j\u00e9koztat\u00f3t kedden d\u00e9lut\u00e1n dr. Hiller Istv\u00e1n  volt oktat\u00e1si miniszter, a Parlament Oktat\u00e1si, Tudom\u00e1nyos \u00e9s Kutat\u00e1si  Bizotts\u00e1g\u00e1nak tagja, valamint dr. S\u00f3s Tam\u00e1s orsz\u00e1ggy\u0171l\u00e9si k\u00e9pvisel\u0151, az  MSZP megyei eln\u00f6ke.<\/strong><\/p>\n<p>-Heves  megy\u00e9ben is az orsz\u00e1goshoz m\u00e9rt szemf\u00e9nyveszt\u00e9s megy, ahol az  iskolafenntart\u00f3 mikro t\u00e1rsul\u00e1sokat sz\u00fcntetik meg. Orsz\u00e1gosan mintegy 300  milli\u00f3 forintb\u00f3l k\u00edv\u00e1nj\u00e1k visszanyitni a kisiskol\u00e1kat, ebb\u0151l a p\u00e9nzb\u0151l  azonban t\u00edz iskol\u00e1t is alig lehetne megnyitni, \u00edgy m\u00e9g Heves megy\u00e9ben  sem old\u00f3dna meg ez a probl\u00e9ma, nem is besz\u00e9lve az orsz\u00e1g eg\u00e9sz\u00e9r\u0151l \u2013  kezdte besz\u00e1mol\u00f3j\u00e1t dr. S\u00f3s Tam\u00e1s.<\/p>\n<p>Folyatatva a  gondolatmenetet dr. Hiller Istv\u00e1n elmondta, hogy imm\u00e1r biztosan  l\u00e1tszik, hogy 2014-ben lev\u00e1lthat\u00f3 az Orb\u00e1n- korm\u00e1ny, az ut\u00f3bbi h\u00f3napok  \u00e1mokfut\u00e1sai nyom\u00e1n. Ehhez a zuhan\u00f3 tendenci\u00e1hoz az oktat\u00e1s\u00fcgy jelent\u0151sen  hozz\u00e1j\u00e1rul dr. Hiller szerint.<\/p>\n<p>&#8211; Vil\u00e1gosan  kell l\u00e1tni, hogy a Korm\u00e1ny a fels\u0151oktat\u00e1sba vezet\u0151 ajt\u00f3t sz\u0171k\u00edti a  megszor\u00edt\u00f3 csomagban ter\u00edtett terveivel- v\u00e1zolta a helyzetet a volt  oktat\u00e1si miniszter.<\/p>\n<p>A k\u00e9t \u00e9rintett oktat\u00e1si  szegmens a k\u00f6lts\u00e9gt\u00e9r\u00edt\u00e9ses rendszer megszor\u00edt\u00e1sa, valamint a s\u00falyosabb  helyzet\u0171nek \u00edg\u00e9rkez\u0151 \u00e1llamilag t\u00e1mogatott k\u00e9pz\u00e9s haz\u00e1nkban.<\/p>\n<div class=\"wordtube\">\n<div class=\"wordtube single250\" id=\"WT1_1\" style=\"width:320px; height:240px;\">\n<a href=\"http:\/\/www.macromedia.com\/go\/getflashplayer\">Get the Flash Player<\/a> to see the wordTube Media Player.\n<\/div><\/div>\n\t<script type=\"text\/javascript\" defer=\"defer\">\nvar WT1_1 = {\n\tparams : {\n\t\twmode : \"opaque\",\n\t\tallowscriptaccess : \"always\",\n\t\tallownetworking : \"all\",\n\t\tallowfullscreen : \"true\"},\n\tflashvars : {\n\t\tfile : \"http%3A%2F%2Fwww.agriatv.hu%2Fwp-content%2Fuploads%2F2011%2F04%2F0405mszp.flv\",\n\t\tvolume : \"80\",\n\t\tbufferlength : \"5\",\n\t\tquality : \"false\",\n\t\t'logo.hide' : \"false\",\n\t\timage : \"http%3A%2F%2Fwww.agriatv.hu%2Fwp-content%2Fuploads%2F2011%2F04%2F0405mszp.jpg\",\n\t\ttitle : \"0405mszp.flv\",\n\t\tlinktarget : \"_self\"},\n\tattr : {\n\t\tid : \"WT1\",\n\t\tname : \"WT1\"},\n\tstart : function() {\n\t\tswfobject.embedSWF(\"https:\/\/www.agriatv.hu\/\/player.swf\", \"WT1_1\", \"320\", \"240\", \"9.0.0\", false, this.flashvars, this.params , this.attr );\n\t}\n}\nWT1_1.start();\n\t<\/script>\n\n<p>A  k\u00f6lts\u00e9gt\u00e9r\u00edt\u00e9ses rendszerr\u0151l sz\u00f3lva dr. Hiller Istv\u00e1n elmondta, hogy  jelenleg a tand\u00edjat fizet\u0151 hallgat\u00f3k a val\u00f3s k\u00f6lts\u00e9g\u00fck \u00e1ltagos 50  sz\u00e1zal\u00e9k\u00e1t t\u00e9r\u00edtik. A megszor\u00edt\u00f3 csomagb\u00f3l az olvashat\u00f3 ki, hogy ezt a  rendszert folyamatosan kivezetik a fels\u0151oktat\u00e1sb\u00f3l, ami azonban nem a  k\u00f6lts\u00e9gt\u00e9r\u00edt\u00e9ses k\u00e9pz\u00e9s megsz\u0171n\u00e9s\u00e9t jelenti \u2013 fejtette ki a  meg\u00e1llap\u00edtott t\u00e9nyeket dr. Hiller \u2013 hanem a k\u00f6lts\u00e9gt\u00e9r\u00edt\u00e9si d\u00edjak  megdupl\u00e1z\u00f3d\u00e1s\u00e1t hozza mag\u00e1val.<\/p>\n<p>A Parlament  Oktat\u00e1si, tudom\u00e1nyos \u00e9s kutat\u00e1si Bizotts\u00e1g\u00e1nak tagja hozz\u00e1tette, hogy ez  a rendszer &#8211; \u00e1talak\u00edt\u00e1s f\u0151k\u00e9nt a hum\u00e1n szakokkal rendelkez\u0151  fels\u0151oktat\u00e1si int\u00e9zm\u00e9nyeket \u00e9rinti, ezen bel\u00fcl is, az ilyen szempontb\u00f3l\u00a0 legh\u00e1tr\u00e1nyosabbak k\u00f6z\u00e9 sorolhat\u00f3 az egri Eszterh\u00e1zy K\u00e1roly F\u0151iskola, ahol f\u0151k\u00e9nt hum\u00e1n szakokra \u00e9p\u00fcl az oktat\u00e1s.<\/p>\n<p>Az  \u00e1llamilag t\u00e1mogatott rendszer \u00e1talak\u00edt\u00e1s\u00e1r\u00f3l sz\u00f3lva Hiller Istv\u00e1n  elmondta, hogy m\u00edg az MSZP \u2013 korm\u00e1ny alatt 56 ezer volt az \u00e1llamilag  t\u00e1mogatott hallgat\u00f3k sz\u00e1ma orsz\u00e1gosan, addig mostanra m\u00e1r 53 ezerre  cs\u00f6kkent ez a sz\u00e1m. A jelenlegi Korm\u00e1ny \u00e1ltal tervezett \u00e1talak\u00edt\u00e1s  keret\u00e9ben 2012-re tizenk\u00e9t milli\u00e1rd forintos, 2013-ban pedig tov\u00e1bbi  huszonhat milli\u00e1rd forintos kivon\u00e1st tervez a Korm\u00e1ny az \u00e1llamilag  t\u00e1mogatott fels\u0151oktat\u00e1si rendszerb\u0151l.<\/p>\n<p>Ez az  \u00f6sszess\u00e9g\u00e9ben 38 milli\u00e1rd forintos forr\u00e1selvon\u00e1s az \u00e1llamilag t\u00e1mogatott  hallgat\u00f3i l\u00e9tsz\u00e1m radik\u00e1lis, mintegy 30-35 sz\u00e1zal\u00e9kos cs\u00f6kkent\u00e9s\u00e9t  eredm\u00e9nyezi.<\/p>\n<p>Jelenleg egy\u00e9bk\u00e9nt \u00f6sszesen 370  ezren tanulnak a fels\u0151oktat\u00e1sban, de a tervezett megszor\u00edt\u00e1sokkal n\u00e9gy  \u00e9ven bel\u00fcl ez a sz\u00e1m 40 sz\u00e1zal\u00e9kkal, 240 ezerre fog cs\u00f6kkenni.<\/p>\n<p>Ami  m\u00e9g s\u00falyosb\u00edtja a helyzetet dr. Hiller Istv\u00e1n szerint, hogy a  megszor\u00edt\u00f3 csomag bejelent\u00e9s\u00e9t megel\u0151z\u0151en h\u00e1rom nappal d\u00f6nt\u00f6ttek a  tank\u00f6telezetts\u00e9gi korhat\u00e1r lesz\u00e1ll\u00edt\u00e1s\u00e1r\u00f3l, melynek folyom\u00e1nya, hogy 15  \u00e9ves korban abba lehet hagyni a tanul\u00e1st. Aki azonban nem akarja  abbahagyni, annak nem lesz hova bekapcsol\u00f3dnia a tov\u00e1bbtanul\u00e1sba 15  \u00e9vesen.<\/p>\n<p>A volt oktat\u00e1si miniszter  \u00e1ll\u00e1spontja szerint ezek az int\u00e9zked\u00e9sek csup\u00e1n a p\u00e9nzkivon\u00e1sr\u00f3l  sz\u00f3lnak, egy\u00e9bk\u00e9nt szakmaiatlan d\u00f6nt\u00e9sek, amik a szakmai szervezetek  szerint is elfogadhatatlanok.<\/p>\n","protected":false},"excerpt":{"rendered":"<p>Az oktat\u00e1s mai helyzet\u00e9r\u0151l \u00e9s a j\u00f6v\u0151ben v\u00e1rhat\u00f3 kaotikus  \u00e1llapotokr\u00f3l tartott sajt\u00f3t\u00e1j\u00e9koztat\u00f3t kedden d\u00e9lut\u00e1n dr. Hiller Istv\u00e1n  volt oktat\u00e1si miniszter, a Parlament Oktat\u00e1si, Tudom\u00e1nyos \u00e9s Kutat\u00e1si  Bizotts\u00e1g\u00e1nak tagja, valamint dr. S\u00f3s Tam\u00e1s orsz\u00e1ggy\u0171l\u00e9si k\u00e9pvisel\u0151, az  MSZP megyei eln\u00f6ke.<br \/>\n-Heves  megy\u00e9ben is az orsz\u00e1goshoz m\u00e9rt szemf\u00e9nyveszt\u00e9s megy, ahol az  iskolafenntart\u00f3 mikro [&#8230;]<\/p>\n","protected":false},"author":4,"featured_media":0,"comment_status":"open","ping_status":"closed","sticky":false,"template":"","format":"standard","meta":{"footnotes":""},"categories":[3],"tags":[],"class_list":["post-3864","post","type-post","status-publish","format-standard","hentry","category-politika"],"_links":{"self":[{"href":"https:\/\/www.agriatv.hu\/index.php?rest_route=\/wp\/v2\/posts\/3864","targetHints":{"allow":["GET"]}}],"collection":[{"href":"https:\/\/www.agriatv.hu\/index.php?rest_route=\/wp\/v2\/posts"}],"about":[{"href":"https:\/\/www.agriatv.hu\/index.php?rest_route=\/wp\/v2\/types\/post"}],"author":[{"embeddable":true,"href":"https:\/\/www.agriatv.hu\/index.php?rest_route=\/wp\/v2\/users\/4"}],"replies":[{"embeddable":true,"href":"https:\/\/www.agriatv.hu\/index.php?rest_route=%2Fwp%2Fv2%2Fcomments&post=3864"}],"version-history":[{"count":3,"href":"https:\/\/www.agriatv.hu\/index.php?rest_route=\/wp\/v2\/posts\/3864\/revisions"}],"predecessor-version":[{"id":3868,"href":"https:\/\/www.agriatv.hu\/index.php?rest_route=\/wp\/v2\/posts\/3864\/revisions\/3868"}],"wp:attachment":[{"href":"https:\/\/www.agriatv.hu\/index.php?rest_route=%2Fwp%2Fv2%2Fmedia&parent=3864"}],"wp:term":[{"taxonomy":"category","embeddable":true,"href":"https:\/\/www.agriatv.hu\/index.php?rest_route=%2Fwp%2Fv2%2Fcategories&post=3864"},{"taxonomy":"post_tag","embeddable":true,"href":"https:\/\/www.agriatv.hu\/index.php?rest_route=%2Fwp%2Fv2%2Ftags&post=3864"}],"curies":[{"name":"wp","href":"https:\/\/api.w.org\/{rel}","templated":true}]}}