{"id":3869,"date":"2011-04-05T20:16:09","date_gmt":"2011-04-05T20:16:09","guid":{"rendered":"http:\/\/www.agriatv.hu\/?p=3869"},"modified":"2011-04-05T20:16:09","modified_gmt":"2011-04-05T20:16:09","slug":"fejlesztik-az-egri-tuzolto-muzeumot","status":"publish","type":"post","link":"https:\/\/www.agriatv.hu\/?p=3869","title":{"rendered":"Fejlesztik az egri T\u0171zolt\u00f3 M\u00fazeumot"},"content":{"rendered":"<p><strong><a href=\"https:\/\/www.agriatv.hu\/wp-content\/uploads\/2011\/04\/0405evat_V.jpg\"><img loading=\"lazy\" decoding=\"async\" class=\"alignleft size-medium wp-image-3872\" title=\"0405evat_V\" src=\"https:\/\/www.agriatv.hu\/wp-content\/uploads\/2011\/04\/0405evat_V-300x240.jpg\" alt=\"\" width=\"132\" height=\"105\" srcset=\"https:\/\/www.agriatv.hu\/wp-content\/uploads\/2011\/04\/0405evat_V-300x240.jpg 300w, https:\/\/www.agriatv.hu\/wp-content\/uploads\/2011\/04\/0405evat_V.jpg 720w\" sizes=\"auto, (max-width: 132px) 100vw, 132px\" \/><\/a>215 milli\u00f3 forint t\u00e1mogat\u00e1st nye<\/strong><strong>rt<\/strong><strong> a T\u0171zolt\u00f3 M\u00fazeum teljes rekonstrukci\u00f3j\u00e1ra a<\/strong> <strong>m\u0171k\u00f6dtet\u0151 EVAT Zrt. A projekt el\u0151k\u00e9sz\u00edt\u00e9se szeptemberben indult.<\/strong><\/p>\n<p>A T\u0171zolt\u00f3 M\u00fazeum, ahol a m\u00falt \u00e9rt\u00e9keit a modern technika v\u00edvm\u00e1nyai keltik \u00e9letre &#8211; ezt a c\u00edmet viseli a nyertes p\u00e1ly\u00e1zat. Az \u00c9szak-magyarorsz\u00e1gi Operat\u00edv Program keret\u00e9ben 215 milli\u00f3 forint uni\u00f3s, illetve \u00e1llami t\u00e1mogat\u00e1sb\u00f3l teljesen meg\u00fajul a m\u00fazeum, a tornyos \u00e9p\u00fcletet kiv\u00e9ve, amelyet m\u00e1r rendbe hoztak, valamennyi sz\u00e1rnyat rekonstru\u00e1lj\u00e1k. A f\u0151, m\u00fazeumi funkci\u00f3 meg\u0151rz\u00e9se \u00e9s fejleszt\u00e9se mellett a tervben szerepel egy \u00e9tterem, illetve egy t\u0171zolt\u00f3 \u00e9s rend\u0151r relikvi\u00e1kat \u00e1rus\u00edt\u00f3 aj\u00e1nd\u00e9kbolt kialak\u00edt\u00e1sa is. A bels\u0151 udvarra szabadt\u00e9ri sz\u00ednpadot \u00e1ll\u00edtanak f\u00f6l, ahol rendezv\u00e9nyeket, bemutat\u00f3kat tartanak majd.<\/p>\n<div class=\"wordtube\">\n<div class=\"wordtube single251\" id=\"WT1_1\" style=\"width:320px; height:240px;\">\n<a href=\"http:\/\/www.macromedia.com\/go\/getflashplayer\">Get the Flash Player<\/a> to see the wordTube Media Player.\n<\/div><\/div>\n\t<script type=\"text\/javascript\" defer=\"defer\">\nvar WT1_1 = {\n\tparams : {\n\t\twmode : \"opaque\",\n\t\tallowscriptaccess : \"always\",\n\t\tallownetworking : \"all\",\n\t\tallowfullscreen : \"true\"},\n\tflashvars : {\n\t\tfile : \"http%3A%2F%2Fwww.agriatv.hu%2Fwp-content%2Fuploads%2F2011%2F04%2F0405evat.flv\",\n\t\tvolume : \"80\",\n\t\tbufferlength : \"5\",\n\t\tquality : \"false\",\n\t\t'logo.hide' : \"false\",\n\t\timage : \"http%3A%2F%2Fwww.agriatv.hu%2Fwp-content%2Fuploads%2F2011%2F04%2F0405evat.jpg\",\n\t\ttitle : \"0405evat.flv\",\n\t\tlinktarget : \"_self\"},\n\tattr : {\n\t\tid : \"WT1\",\n\t\tname : \"WT1\"},\n\tstart : function() {\n\t\tswfobject.embedSWF(\"https:\/\/www.agriatv.hu\/\/player.swf\", \"WT1_1\", \"320\", \"240\", \"9.0.0\", false, this.flashvars, this.params , this.attr );\n\t}\n}\nWT1_1.start();\n\t<\/script>\n\n<p>A projekt c\u00e9lja az egri T\u0171zolt\u00f3 M\u00fazeum fejleszt\u00e9se, turisztikai vonzerej\u00e9nek n\u00f6vel\u00e9se, min\u0151s\u00e9gi turisztikai attrakci\u00f3k kialak\u00edt\u00e1s\u00e1val, m\u0171k\u00f6dtet\u00e9s\u00e9vel. Az attrakci\u00f3k \u00e9letre h\u00edv\u00e1s\u00e1hoz sz\u00fcks\u00e9ges interakt\u00edv, IT technol\u00f3giai \u00e9s hagyom\u00e1nyos eszk\u00f6z\u00f6k beszerz\u00e9se, valamint a helysz\u00edn teljes k\u00f6r\u0171 \u00e1talak\u00edt\u00e1sa, az attrakci\u00f3t kiszolg\u00e1l\u00f3, min\u0151s\u00e9gi szolg\u00e1ltat\u00e1st ny\u00fajt\u00f3 \u00e9lett\u00e9r megteremt\u00e9se, az \u00e9p\u00fcletek fel\u00faj\u00edt\u00e1sa. Figyelembe v\u00e9ve Eger Megyei Jog\u00fa V\u00e1ros \u00e1ltal az IVS-ben megfogalmazott v\u00e1rosfejleszt\u00e9si c\u00e9lokat, az \u00e9p\u00fclet m\u0171eml\u00e9k jelleg\u00e9t, elhelyezked\u00e9s\u00e9t, lehet\u0151s\u00e9geit, egy fenntarthat\u00f3 a v\u00e1ros turisztikai vonzerej\u00e9t nagym\u00e9rt\u00e9kben n\u00f6vel\u0151 beruh\u00e1z\u00e1s megval\u00f3s\u00edt\u00e1sa.<\/p>\n<p>A projekt v\u00e1rhat\u00f3 befejez\u00e9se 2012. augusztus v\u00e9ge.<\/p>\n","protected":false},"excerpt":{"rendered":"<p>215 milli\u00f3 forint t\u00e1mogat\u00e1st nyert a T\u0171zolt\u00f3 M\u00fazeum teljes rekonstrukci\u00f3j\u00e1ra a m\u0171k\u00f6dtet\u0151 EVAT Zrt. A projekt el\u0151k\u00e9sz\u00edt\u00e9se szeptemberben indult.<br \/>\nA T\u0171zolt\u00f3 M\u00fazeum, ahol a m\u00falt \u00e9rt\u00e9keit a modern technika v\u00edvm\u00e1nyai keltik \u00e9letre &#8211; ezt a c\u00edmet viseli a nyertes p\u00e1ly\u00e1zat. Az \u00c9szak-magyarorsz\u00e1gi Operat\u00edv Program keret\u00e9ben 215 milli\u00f3 forint uni\u00f3s, illetve \u00e1llami t\u00e1mogat\u00e1sb\u00f3l teljesen meg\u00fajul a m\u00fazeum, [&#8230;]<\/p>\n","protected":false},"author":4,"featured_media":0,"comment_status":"open","ping_status":"closed","sticky":false,"template":"","format":"standard","meta":{"footnotes":""},"categories":[8,4],"tags":[],"class_list":["post-3869","post","type-post","status-publish","format-standard","hentry","category-kultura","category-szabadido"],"_links":{"self":[{"href":"https:\/\/www.agriatv.hu\/index.php?rest_route=\/wp\/v2\/posts\/3869","targetHints":{"allow":["GET"]}}],"collection":[{"href":"https:\/\/www.agriatv.hu\/index.php?rest_route=\/wp\/v2\/posts"}],"about":[{"href":"https:\/\/www.agriatv.hu\/index.php?rest_route=\/wp\/v2\/types\/post"}],"author":[{"embeddable":true,"href":"https:\/\/www.agriatv.hu\/index.php?rest_route=\/wp\/v2\/users\/4"}],"replies":[{"embeddable":true,"href":"https:\/\/www.agriatv.hu\/index.php?rest_route=%2Fwp%2Fv2%2Fcomments&post=3869"}],"version-history":[{"count":4,"href":"https:\/\/www.agriatv.hu\/index.php?rest_route=\/wp\/v2\/posts\/3869\/revisions"}],"predecessor-version":[{"id":3874,"href":"https:\/\/www.agriatv.hu\/index.php?rest_route=\/wp\/v2\/posts\/3869\/revisions\/3874"}],"wp:attachment":[{"href":"https:\/\/www.agriatv.hu\/index.php?rest_route=%2Fwp%2Fv2%2Fmedia&parent=3869"}],"wp:term":[{"taxonomy":"category","embeddable":true,"href":"https:\/\/www.agriatv.hu\/index.php?rest_route=%2Fwp%2Fv2%2Fcategories&post=3869"},{"taxonomy":"post_tag","embeddable":true,"href":"https:\/\/www.agriatv.hu\/index.php?rest_route=%2Fwp%2Fv2%2Ftags&post=3869"}],"curies":[{"name":"wp","href":"https:\/\/api.w.org\/{rel}","templated":true}]}}