{"id":3875,"date":"2011-04-06T11:03:23","date_gmt":"2011-04-06T11:03:23","guid":{"rendered":"http:\/\/www.agriatv.hu\/?p=3875"},"modified":"2011-04-06T11:10:23","modified_gmt":"2011-04-06T11:10:23","slug":"3875","status":"publish","type":"post","link":"https:\/\/www.agriatv.hu\/?p=3875","title":{"rendered":"Bombariad\u00f3  a b\u00edr\u00f3s\u00e1gon"},"content":{"rendered":"<p><strong><a href=\"https:\/\/www.agriatv.hu\/wp-content\/uploads\/2011\/04\/0406bomba_V.jpg\"><img loading=\"lazy\" decoding=\"async\" class=\"alignleft size-medium wp-image-3876\" title=\"0406bomba_V\" src=\"https:\/\/www.agriatv.hu\/wp-content\/uploads\/2011\/04\/0406bomba_V-300x240.jpg\" alt=\"\" width=\"137\" height=\"109\" srcset=\"https:\/\/www.agriatv.hu\/wp-content\/uploads\/2011\/04\/0406bomba_V-300x240.jpg 300w, https:\/\/www.agriatv.hu\/wp-content\/uploads\/2011\/04\/0406bomba_V.jpg 720w\" sizes=\"auto, (max-width: 137px) 100vw, 137px\" \/><\/a>Egy ismeretlen szem\u00e9ly szerda reggel 9 \u00f3ra k\u00f6r\u00fclt telefon\u00e1lt, hogy  bomb\u00e1t helyezett el az egri V\u00e1rosi B\u00edr\u00f3s\u00e1g \u00e9p\u00fclet\u00e9ben. A rend\u0151rs\u00e9g  ki\u00fcr\u00edtette a k\u00f6rny\u00e9ket, meg\u00e9rkeztek a bombakutat\u00f3k, \u00e9s megkezd\u0151d\u00f6tt az  \u00e9p\u00fclet \u00e1tvizsg\u00e1l\u00e1sa.<\/strong><\/p>\n<div>Lez\u00e1rt\u00e1k a Bark\u00f3czy utat \u00e9s a T\u00f6rv\u00e9ny h\u00e1z utc\u00e1t.  Ezzel egyidej\u0171leg k\u00f6zvesz\u00e9llyel val\u00f3 fenyeget\u00e9s miatt megindult a  nyomoz\u00e1s ismeretlen tettes ellen \u2013 tudtuk meg Solt\u00e9sz B\u00e1lint a Heves  Megyei Rend\u0151rkapit\u00e1nys\u00e1g sz\u00f3viv\u0151t\u0151l. A kutat\u00e1s t\u00f6bb \u00f3r\u00e1ig is eltarthat.<\/div>\n<div><div class=\"wordtube\">\n<div class=\"wordtube single252\" id=\"WT1_1\" style=\"width:320px; height:240px;\">\n<a href=\"http:\/\/www.macromedia.com\/go\/getflashplayer\">Get the Flash Player<\/a> to see the wordTube Media Player.\n<\/div><\/div>\n\t<script type=\"text\/javascript\" defer=\"defer\">\nvar WT1_1 = {\n\tparams : {\n\t\twmode : \"opaque\",\n\t\tallowscriptaccess : \"always\",\n\t\tallownetworking : \"all\",\n\t\tallowfullscreen : \"true\"},\n\tflashvars : {\n\t\tfile : \"http%3A%2F%2Fwww.agriatv.hu%2Fwp-content%2Fuploads%2F2011%2F04%2F0405bomba.flv\",\n\t\tvolume : \"80\",\n\t\tbufferlength : \"5\",\n\t\tquality : \"false\",\n\t\t'logo.hide' : \"false\",\n\t\timage : \"http%3A%2F%2Fwww.agriatv.hu%2Fwp-content%2Fuploads%2F2011%2F04%2F0406bomba.jpg\",\n\t\ttitle : \"0405bomba.flv\",\n\t\tlinktarget : \"_self\"},\n\tattr : {\n\t\tid : \"WT1\",\n\t\tname : \"WT1\"},\n\tstart : function() {\n\t\tswfobject.embedSWF(\"https:\/\/www.agriatv.hu\/\/player.swf\", \"WT1_1\", \"320\", \"240\", \"9.0.0\", false, this.flashvars, this.params , this.attr );\n\t}\n}\nWT1_1.start();\n\t<\/script>\n<\/div>\n<div>Friss inform\u00e1ci\u00f3:<\/div>\n<p>F\u00e9l  12 ut\u00e1n befejez\u0151s\u00f6tt az \u00e9p\u00fclet \u00e1tvizsg\u00e1l\u00e1sa. A szakemberek nem tal\u00e1ltak  robban\u00f3szer-gyan\u00fas anyagot. A ter\u00fclet lez\u00e1s\u00e1r\u00e1t feloldott\u00e1k, a  k\u00f6zleled\u00e9s helyre\u00e1llt.<\/p>\n","protected":false},"excerpt":{"rendered":"<p>Egy ismeretlen szem\u00e9ly szerda reggel 9 \u00f3ra k\u00f6r\u00fclt telefon\u00e1lt, hogy  bomb\u00e1t helyezett el az egri V\u00e1rosi B\u00edr\u00f3s\u00e1g \u00e9p\u00fclet\u00e9ben. A rend\u0151rs\u00e9g  ki\u00fcr\u00edtette a k\u00f6rny\u00e9ket, meg\u00e9rkeztek a bombakutat\u00f3k, \u00e9s megkezd\u0151d\u00f6tt az  \u00e9p\u00fclet \u00e1tvizsg\u00e1l\u00e1sa.<br \/>\nLez\u00e1rt\u00e1k a Bark\u00f3czy utat \u00e9s a T\u00f6rv\u00e9ny h\u00e1z utc\u00e1t.  Ezzel egyidej\u0171leg k\u00f6zvesz\u00e9llyel val\u00f3 fenyeget\u00e9s miatt megindult a  nyomoz\u00e1s ismeretlen tettes [&#8230;]<\/p>\n","protected":false},"author":4,"featured_media":0,"comment_status":"open","ping_status":"open","sticky":false,"template":"","format":"standard","meta":{"footnotes":""},"categories":[5],"tags":[],"class_list":["post-3875","post","type-post","status-publish","format-standard","hentry","category-kek-hirek"],"_links":{"self":[{"href":"https:\/\/www.agriatv.hu\/index.php?rest_route=\/wp\/v2\/posts\/3875","targetHints":{"allow":["GET"]}}],"collection":[{"href":"https:\/\/www.agriatv.hu\/index.php?rest_route=\/wp\/v2\/posts"}],"about":[{"href":"https:\/\/www.agriatv.hu\/index.php?rest_route=\/wp\/v2\/types\/post"}],"author":[{"embeddable":true,"href":"https:\/\/www.agriatv.hu\/index.php?rest_route=\/wp\/v2\/users\/4"}],"replies":[{"embeddable":true,"href":"https:\/\/www.agriatv.hu\/index.php?rest_route=%2Fwp%2Fv2%2Fcomments&post=3875"}],"version-history":[{"count":4,"href":"https:\/\/www.agriatv.hu\/index.php?rest_route=\/wp\/v2\/posts\/3875\/revisions"}],"predecessor-version":[{"id":3880,"href":"https:\/\/www.agriatv.hu\/index.php?rest_route=\/wp\/v2\/posts\/3875\/revisions\/3880"}],"wp:attachment":[{"href":"https:\/\/www.agriatv.hu\/index.php?rest_route=%2Fwp%2Fv2%2Fmedia&parent=3875"}],"wp:term":[{"taxonomy":"category","embeddable":true,"href":"https:\/\/www.agriatv.hu\/index.php?rest_route=%2Fwp%2Fv2%2Fcategories&post=3875"},{"taxonomy":"post_tag","embeddable":true,"href":"https:\/\/www.agriatv.hu\/index.php?rest_route=%2Fwp%2Fv2%2Ftags&post=3875"}],"curies":[{"name":"wp","href":"https:\/\/api.w.org\/{rel}","templated":true}]}}