{"id":388,"date":"2010-07-08T15:02:23","date_gmt":"2010-07-08T15:02:23","guid":{"rendered":"http:\/\/www.agriatv.hu\/?p=388"},"modified":"2010-07-08T15:03:12","modified_gmt":"2010-07-08T15:03:12","slug":"viragkarneval-egerben","status":"publish","type":"post","link":"https:\/\/www.agriatv.hu\/?p=388","title":{"rendered":"Vir\u00e1gkarnev\u00e1l Egerben"},"content":{"rendered":"<p class=\"cikkcikkei\">&nbsp;<\/p>\n<p><img decoding=\"async\" align=\"left\" class=\"kiskepcikkhez\" src=\"http:\/\/www.egriszin.hu\/RenderedContents\/IndexImages\/5\/5763-20100708134534-SANY8008.JPG\" title=\"\" \/><\/p>\n<p><b>A t&ouml;rt&eacute;nelmi vigass&aacute;gok &eacute;s Eger idegenforgalm&aacute;val kapcsolatos, cs&uuml;t&ouml;rt&ouml;k&ouml;n tartott sajt&oacute;t&aacute;j&eacute;koztat&oacute;n a szervez\u0151k besz&aacute;moltak a Debrecen v&aacute;rossal t&ouml;rt&eacute;n\u0151 egy&uuml;ttm\u0171k&ouml;d&eacute;sr\u0151l, mely sor&aacute;n a Vir&aacute;gkarnev&aacute;l n&eacute;h&aacute;ny kocsija Egerben is l&aacute;that&oacute; lesz.<\/b><\/p>\n<p>Orosz Ibolya, Eger MJV Idegenforgalmi &eacute;s Marketing Bizotts&aacute;g&aacute;nak eln&ouml;ke besz&eacute;d&eacute;ben elmondta, hogy c&eacute;ljuk megval&oacute;s&iacute;tani a vonz&oacute; eur&oacute;pai k&eacute;p megszil&aacute;rd&iacute;t&aacute;s&aacute;t. Az idegenforgalom cs&ouml;kken&eacute;s&eacute;r\u0151l statisztik&aacute;kban adott h&iacute;rt. Felm&eacute;r&eacute;seik szerint a k&uuml;lf&ouml;ldiek t&ouml;bb &eacute;jszak&aacute;t tart&oacute;zkodnak n&aacute;lunk, mint honfit&aacute;rsaink, amin v&aacute;ltoztatni szeretn&eacute;nek sz&eacute;les k&ouml;r\u0171 programok szervez&eacute;s&eacute;vel. Hozz&aacute;tette, hogy a helyi lakosokra is sz&aacute;m&iacute;tanak, hiszen a rendezv&eacute;nyek b&aacute;zis&aacute;t \u0151k adj&aacute;k. Ezt seg&iacute;tve id&eacute;n a Dob&oacute; t&eacute;ren tartand&oacute; K&ouml;z&eacute;pkori Piact&eacute;r megtekint&eacute;se ingyenes lesz a kor&aacute;bbi &eacute;vekkel ellent&eacute;tben. <\/p>\n<p>A Dob&oacute; t&eacute;ri piact&eacute;r id&eacute;n is rem&eacute;lhet\u0151 hangulat&aacute;t Pataki Zsuzsanna, a M\u0171v&eacute;szetek H&aacute;za Eger N. K. K. Kft. &uuml;gyvezet\u0151 igazgat&oacute;ja ecsetelte. A belv&aacute;ros t&ouml;rt&eacute;nelmi hat&aacute;s&aacute;t k&ouml;z&eacute;pkori ruh&aacute;ba &ouml;lt&ouml;z&ouml;tt, t&ouml;bb mint t&iacute;z egyes&uuml;let tagjai biztos&iacute;tj&aacute;k majd, akik hagyom&aacute;ny\u0151rz\u0151 &eacute;s harc&aacute;szati bemutat&oacute;kat is fognak tartani. Az idei &uacute;jdons&aacute;g az eg&eacute;sz napos zenei programok ut&aacute;ni nagysz&iacute;nh&aacute;zi el\u0151ad&aacute;sok lesznek. K&ouml;z&uuml;l&uuml;k is kiemelte Boccaccio Dekameronj&aacute;t, az Irish Dance &eacute;s Catherine Gallagher t&aacute;nc-showj&aacute;t, a Pannon V&aacute;rsz&iacute;nh&aacute;z el\u0151ad&aacute;s&aacute;t &eacute;s Sass Sylvia koncertj&eacute;t a Minorita templomban, amely az egyetlen fizet\u0151s program.<\/p>\n<p>\tB&oacute;dor Edit, a debreceni F\u0151nix Rendezv&eacute;nyszervez\u0151 Kht. kultur&aacute;lis menedzsere arr&oacute;l sz&aacute;molt be, hogy alig egy h&eacute;t m&uacute;lva Debrecen v&aacute;rosa Egerbe l&aacute;togat, elhozva a vir&aacute;gkarnev&aacute;l hangulat&aacute;t. L&aacute;that&oacute; lesz n&eacute;h&aacute;ny kocsi d&iacute;sz&iacute;t&eacute;se, &eacute;p&iacute;t&eacute;se &eacute;s lebont&aacute;sa, mely izgalmas l&aacute;tv&aacute;nynak &iacute;g&eacute;rkezik. Az egy&uuml;ttm\u0171k&ouml;d&eacute;s majd tov&aacute;bb er\u0151s&iacute;ti a k&eacute;t v&aacute;ros k&ouml;z&ouml;tti kultur&aacute;lis kapcsolatot, seg&iacute;tve egym&aacute;s munk&aacute;j&aacute;t az orsz&aacute;gos nyilv&aacute;noss&aacute;g ter&eacute;n. <\/p>\n<p>\tTizen&ouml;t&ouml;dik alkalommal rendezik meg a V&eacute;gv&aacute;ri Vigass&aacute;gokat, melyr\u0151l Dr. Veres G&aacute;bor, a Dob&oacute; Istv&aacute;n V&aacute;rm&uacute;zeum igazgat&oacute;ja&nbsp; tartott el\u0151ad&aacute;st. Hangs&uacute;lyozta a Dob&oacute; t&eacute;ren fel&aacute;ll&iacute;tott K&ouml;z&eacute;pkori Piact&eacute;rrel val&oacute; egy&uuml;ttm\u0171k&ouml;d&eacute;st, mely seg&iacute;ti a p&aacute;ly&aacute;zati forr&aacute;sok megszerz&eacute;s&eacute;t. A h&eacute;tk&ouml;znapi m\u0171sorokat els\u0151sorban a csal&aacute;dosoknak aj&aacute;nlja a v&aacute;rban. A programok k&ouml;z&uuml;l fontosnak v&eacute;lte megeml&iacute;teni a m&aacute;r orsz&aacute;gos szint\u0171v&eacute; v&aacute;lt rangos &iacute;j&aacute;szversenyt, a sportegyes&uuml;let szervez&eacute;s&eacute;ben pedig a Magyarorsz&aacute;gon egyed&uuml;l&aacute;ll&oacute; b&aacute;styam&aacute;sz&oacute; versenyt, amelyet id&eacute;n egy &uacute;j szerkezet seg&iacute;ts&eacute;g&eacute;vel nehez&iacute;teni fognak a rutinos hegym&aacute;sz&oacute;knak.<\/p>\n<p>Forr&aacute;s: egrisz&iacute;n<\/p>\n","protected":false},"excerpt":{"rendered":"<p>&nbsp;<\/p>\n<p>A t&ouml;rt&eacute;nelmi vigass&aacute;gok &eacute;s Eger idegenforgalm&aacute;val kapcsolatos, cs&uuml;t&ouml;rt&ouml;k&ouml;n tartott sajt&oacute;t&aacute;j&eacute;koztat&oacute;n a szervez\u0151k besz&aacute;moltak a Debrecen v&aacute;rossal t&ouml;rt&eacute;n\u0151 egy&uuml;ttm\u0171k&ouml;d&eacute;sr\u0151l, mely sor&aacute;n a Vir&aacute;gkarnev&aacute;l n&eacute;h&aacute;ny kocsija Egerben is l&aacute;that&oacute; lesz.<br \/>\nOrosz Ibolya, Eger MJV Idegenforgalmi &eacute;s Marketing Bizotts&aacute;g&aacute;nak eln&ouml;ke besz&eacute;d&eacute;ben elmondta, hogy c&eacute;ljuk megval&oacute;s&iacute;tani a vonz&oacute; eur&oacute;pai k&eacute;p megszil&aacute;rd&iacute;t&aacute;s&aacute;t. Az idegenforgalom cs&ouml;kken&eacute;s&eacute;r\u0151l statisztik&aacute;kban adott h&iacute;rt. Felm&eacute;r&eacute;seik szerint a [&#8230;]<\/p>\n","protected":false},"author":4,"featured_media":0,"comment_status":"closed","ping_status":"closed","sticky":false,"template":"","format":"standard","meta":{"footnotes":""},"categories":[4],"tags":[],"class_list":["post-388","post","type-post","status-publish","format-standard","hentry","category-szabadido"],"_links":{"self":[{"href":"https:\/\/www.agriatv.hu\/index.php?rest_route=\/wp\/v2\/posts\/388","targetHints":{"allow":["GET"]}}],"collection":[{"href":"https:\/\/www.agriatv.hu\/index.php?rest_route=\/wp\/v2\/posts"}],"about":[{"href":"https:\/\/www.agriatv.hu\/index.php?rest_route=\/wp\/v2\/types\/post"}],"author":[{"embeddable":true,"href":"https:\/\/www.agriatv.hu\/index.php?rest_route=\/wp\/v2\/users\/4"}],"replies":[{"embeddable":true,"href":"https:\/\/www.agriatv.hu\/index.php?rest_route=%2Fwp%2Fv2%2Fcomments&post=388"}],"version-history":[{"count":2,"href":"https:\/\/www.agriatv.hu\/index.php?rest_route=\/wp\/v2\/posts\/388\/revisions"}],"predecessor-version":[{"id":390,"href":"https:\/\/www.agriatv.hu\/index.php?rest_route=\/wp\/v2\/posts\/388\/revisions\/390"}],"wp:attachment":[{"href":"https:\/\/www.agriatv.hu\/index.php?rest_route=%2Fwp%2Fv2%2Fmedia&parent=388"}],"wp:term":[{"taxonomy":"category","embeddable":true,"href":"https:\/\/www.agriatv.hu\/index.php?rest_route=%2Fwp%2Fv2%2Fcategories&post=388"},{"taxonomy":"post_tag","embeddable":true,"href":"https:\/\/www.agriatv.hu\/index.php?rest_route=%2Fwp%2Fv2%2Ftags&post=388"}],"curies":[{"name":"wp","href":"https:\/\/api.w.org\/{rel}","templated":true}]}}