{"id":3885,"date":"2011-04-06T15:25:31","date_gmt":"2011-04-06T15:25:31","guid":{"rendered":"http:\/\/www.agriatv.hu\/?p=3885"},"modified":"2011-04-06T15:25:31","modified_gmt":"2011-04-06T15:25:31","slug":"tanacskozas-a-gyermekek-vedelmerol","status":"publish","type":"post","link":"https:\/\/www.agriatv.hu\/?p=3885","title":{"rendered":"Tan\u00e1cskoz\u00e1s a gyermekek v\u00e9delm\u00e9r\u0151l"},"content":{"rendered":"<p class=\"cikkcikkei\">&nbsp;<\/p>\n<p><img loading=\"lazy\" decoding=\"async\" class=\"kiskepcikkhez alignleft\" src=\"http:\/\/www.egriszin.hu\/RenderedContents\/IndexImages\/7\/7534-20110406142248-gy.png\" alt=\"\" width=\"150\" height=\"101\" \/><\/p>\n<p><strong>A Heves Megyei Korm\u00e1nyhivatal Szoci\u00e1lis \u00e9s Gy\u00e1mhivatala 2011.  \u00e1prilis 6-\u00e1n szakmai tan\u00e1cskoz\u00e1st szervezett a megy\u00e9ben  gyermekv\u00e9delemmel foglalkoz\u00f3 szakemberek sz\u00e1m\u00e1ra.<br \/>\n<\/strong><\/p>\n<div>A Gyermekv\u00e9delmi T\u00f6rv\u00e9ny szerint a gyermekj\u00f3l\u00e9ti  szolg\u00e1latok minden telep\u00fcl\u00e9sen jelz\u0151rendszert k\u00f6telesek m\u0171k\u00f6dtetni. A  jelz\u0151rendszer tagjai t\u00f6bbek k\u00f6z\u00f6tt a v\u00e9d\u0151n\u0151k, h\u00e1ziorvosok, pedag\u00f3gusok,  \u00f3v\u00f3n\u0151k, szoci\u00e1lis munk\u00e1sok, a rend\u0151r\u00f6k \u00e9s a p\u00e1rtfog\u00f3k. A tagok  k\u00f6teless\u00e9ge, hogy \u00edr\u00e1sban jelezz\u00e9k a gyermekj\u00f3l\u00e9ti szolg\u00e1lat vagy a  gy\u00e1mhat\u00f3s\u00e1g fel\u00e9, ha munk\u00e1juk sor\u00e1n tapasztalj\u00e1k, hogy a gyermeket a  k\u00f6rnyezete vesz\u00e9lyezteti, \u00edgy p\u00e9ld\u00e1ul ha a sz\u00fcl\u0151 elhanyagolja, nem  gondozza, b\u00e1ntalmazza ut\u00f3dj\u00e1t, vagy a gyermekre j\u00e1r\u00f3 ell\u00e1t\u00e1sokat nem a  gyermekre ford\u00edtja. Jelezni kell azt is, ha a gyermek a magatart\u00e1s\u00e1val  saj\u00e1t mag\u00e1t vesz\u00e9lyezteti, p\u00e9ld\u00e1nak ok\u00e1\u00e9rt droghaszn\u00e1l\u00f3, csavarg\u00f3,  iskolaker\u00fcl\u0151, vagy devi\u00e1ns. Egy\u00e9bk\u00e9nt ilyen jelz\u00e9ssel \u00e9s  kezdem\u00e9nyez\u00e9ssel b\u00e1rmely \u00e1llampolg\u00e1r \u00e9s a gyermekek \u00e9rdekeit k\u00e9pvisel\u0151  t\u00e1rsadalmi szervezet is \u00e9lhet, de nekik ez nem munkak\u00f6ri k\u00f6teless\u00e9g\u00fck.  Ha a jelz\u0151rendszer tagja a jelz\u00e9si k\u00f6telezetts\u00e9g\u00e9nek nem tesz eleget, a  gy\u00e1mhivatal k\u00f6teless\u00e9ge javaslatot tenni az \u00e9rintett szem\u00e9ly fegyelmi  felel\u0151ss\u00e9gre von\u00e1s\u00e1ra. A gyermek s\u00e9relm\u00e9re elk\u00f6vetett b\u0171ncselekm\u00e9ny  gyan\u00faja eset\u00e9n a gy\u00e1mhivatal b\u00fcntet\u0151elj\u00e1r\u00e1st kezdem\u00e9nyez.<\/div>\n<div>\nA  szerdai tan\u00e1cskoz\u00e1s c\u00e9lja az volt, hogy az eg\u00e9szs\u00e9g\u00fcgyi, oktat\u00e1si,  rendv\u00e9delmi ter\u00fcleten dolgoz\u00f3 szakemberek figyelm\u00e9t ism\u00e9telten felh\u00edvj\u00e1k  a jelz\u00e9sek fontoss\u00e1g\u00e1ra, a jelz\u0151rendszeri tagok k\u00f6z\u00f6tti szakmai  p\u00e1rbesz\u00e9d folyamatoss\u00e1g\u00e1ra. Az \u00e9rtekezleten ismertettek olyan eseteket,  amikor a jelz\u0151rendszeri tagokt\u00f3l \u00e9rkezett inform\u00e1ci\u00f3k alapj\u00e1n  elkezd\u0151d\u00f6tt a csal\u00e1dgondoz\u00e1s folyamata, seg\u00edtettek a kr\u00edzishelyzetben  l\u00e9v\u0151 csal\u00e1don, illetve sz\u00fcks\u00e9g eset\u00e9n a gy\u00e1mhat\u00f3s\u00e1g \u00fagy tudta megv\u00e9deni a  gyermek \u00e9rdekeit, hogy kiemelte a csal\u00e1db\u00f3l \u00e9s nevel\u0151sz\u00fcl\u0151n\u00e9l vagy  gyermekotthonban helyezte el.<\/div>\n<p>A  tan\u00e1cskoz\u00e1st Horv\u00e1th L\u00e1szl\u00f3, a Heves Megyei Korm\u00e1nyhivatalt vezet\u0151  korm\u00e1nymegb\u00edzott nyitotta meg, aki egyebek mellett elmondta: a sz\u00e1nd\u00e9k  az, hogy olyan k\u00f6zigazgat\u00e1s j\u00f6jj\u00f6n l\u00e9tre Magyarorsz\u00e1gon, amelynek r\u00e9v\u00e9n  az \u00e1llam ki\u00e9rdemli a \u201ej\u00f3 \u00e1llam\u201d megnevez\u00e9st. Seg\u00edti az embereket,  felel\u0151ss\u00e9get v\u00e1llal \u00e9rt\u00fck, a gyermekekre pedig kiemelt figyelmet ford\u00edt.  Egyetlen \u00e9let sem lehet m\u00e1sodlagos, nem lehet hi\u00e1baval\u00f3. M\u00e1ra a  t\u00e1rsadalmat fenntart\u00f3 helyi k\u00f6z\u00f6ss\u00e9gek meggyeng\u00fcltek. Az \u00e1llam  nyilv\u00e1nval\u00f3an nem helyettes\u00edtheti a csal\u00e1dokat, nem k\u00e9pes a  vesz\u00e9lyhelyzetek kialakul\u00e1s\u00e1t megakad\u00e1lyozni. \u00c1m ha a leromlott  immunrendszer\u0171 helyi k\u00f6z\u00f6ss\u00e9g nem seg\u00edt, az \u00e1llamnak kell k\u00f6zbel\u00e9pnie, s  ehhez felt\u00e9tlen\u00fcl sz\u00fcks\u00e9ges a gondokat \u00e9szlel\u0151 jelz\u0151rendszer. Fontos,  hogy annak elemei \u2013 amelyek k\u00f6z\u00fcl imm\u00e1ron t\u00f6bb is a korm\u00e1nyhivatalhoz  tartozik \u2013 j\u00f3l m\u0171k\u00f6djenek. \u201eAz er\u0151szak a gyeng\u00e9k v\u00e9gs\u0151 mened\u00e9ke\u201d \u2013  id\u00e9zte Isaac Asimovot a korm\u00e1nymegb\u00edzott, majd hozz\u00e1f\u0171zte: az er\u0151szak  mindig a probl\u00e9ma r\u00e9sze. Azok a b\u00e1trak, az er\u0151sek, akik az er\u0151szakkal  szemben fel mernek l\u00e9pni.<\/p>\n","protected":false},"excerpt":{"rendered":"<p>&nbsp;<\/p>\n<p>A Heves Megyei Korm\u00e1nyhivatal Szoci\u00e1lis \u00e9s Gy\u00e1mhivatala 2011.  \u00e1prilis 6-\u00e1n szakmai tan\u00e1cskoz\u00e1st szervezett a megy\u00e9ben  gyermekv\u00e9delemmel foglalkoz\u00f3 szakemberek sz\u00e1m\u00e1ra.<\/p>\n<p>A Gyermekv\u00e9delmi T\u00f6rv\u00e9ny szerint a gyermekj\u00f3l\u00e9ti  szolg\u00e1latok minden telep\u00fcl\u00e9sen jelz\u0151rendszert k\u00f6telesek m\u0171k\u00f6dtetni. A  jelz\u0151rendszer tagjai t\u00f6bbek k\u00f6z\u00f6tt a v\u00e9d\u0151n\u0151k, h\u00e1ziorvosok, pedag\u00f3gusok,  \u00f3v\u00f3n\u0151k, szoci\u00e1lis munk\u00e1sok, a rend\u0151r\u00f6k \u00e9s a p\u00e1rtfog\u00f3k. A tagok  [&#8230;]<\/p>\n","protected":false},"author":4,"featured_media":0,"comment_status":"open","ping_status":"closed","sticky":false,"template":"","format":"standard","meta":{"footnotes":""},"categories":[6],"tags":[],"class_list":["post-3885","post","type-post","status-publish","format-standard","hentry","category-belfold"],"_links":{"self":[{"href":"https:\/\/www.agriatv.hu\/index.php?rest_route=\/wp\/v2\/posts\/3885","targetHints":{"allow":["GET"]}}],"collection":[{"href":"https:\/\/www.agriatv.hu\/index.php?rest_route=\/wp\/v2\/posts"}],"about":[{"href":"https:\/\/www.agriatv.hu\/index.php?rest_route=\/wp\/v2\/types\/post"}],"author":[{"embeddable":true,"href":"https:\/\/www.agriatv.hu\/index.php?rest_route=\/wp\/v2\/users\/4"}],"replies":[{"embeddable":true,"href":"https:\/\/www.agriatv.hu\/index.php?rest_route=%2Fwp%2Fv2%2Fcomments&post=3885"}],"version-history":[{"count":1,"href":"https:\/\/www.agriatv.hu\/index.php?rest_route=\/wp\/v2\/posts\/3885\/revisions"}],"predecessor-version":[{"id":3886,"href":"https:\/\/www.agriatv.hu\/index.php?rest_route=\/wp\/v2\/posts\/3885\/revisions\/3886"}],"wp:attachment":[{"href":"https:\/\/www.agriatv.hu\/index.php?rest_route=%2Fwp%2Fv2%2Fmedia&parent=3885"}],"wp:term":[{"taxonomy":"category","embeddable":true,"href":"https:\/\/www.agriatv.hu\/index.php?rest_route=%2Fwp%2Fv2%2Fcategories&post=3885"},{"taxonomy":"post_tag","embeddable":true,"href":"https:\/\/www.agriatv.hu\/index.php?rest_route=%2Fwp%2Fv2%2Ftags&post=3885"}],"curies":[{"name":"wp","href":"https:\/\/api.w.org\/{rel}","templated":true}]}}