{"id":3887,"date":"2011-04-06T15:26:29","date_gmt":"2011-04-06T15:26:29","guid":{"rendered":"http:\/\/www.agriatv.hu\/?p=3887"},"modified":"2011-04-06T15:26:29","modified_gmt":"2011-04-06T15:26:29","slug":"tobb-mint-hetmillo-forint-jut-iden-a-civil-szferanak","status":"publish","type":"post","link":"https:\/\/www.agriatv.hu\/?p=3887","title":{"rendered":"T\u00f6bb, mint h\u00e9tmill\u00f3 forint jut id\u00e9n a Civil szf\u00e9r\u00e1nak"},"content":{"rendered":"<p class=\"cikkcikkei\">&nbsp;<\/p>\n<p><img loading=\"lazy\" decoding=\"async\" class=\"kiskepcikkhez alignleft\" src=\"http:\/\/www.egriszin.hu\/RenderedContents\/IndexImages\/7\/7531-20110406120643-b.jpg\" alt=\"\" width=\"150\" height=\"116\" \/><\/p>\n<p><strong>A Polg\u00e1rmesteri Hivatal t\u00e1j\u00e9koztat\u00e1sa szerint, Eger MJV  \u00d6nkorm\u00e1nyzata 2011-es k\u00f6lts\u00e9gvet\u00e9s\u00e9ben a civil szervezetek t\u00e1mogat\u00e1s\u00e1ra,  munk\u00e1juk seg\u00edt\u00e9s\u00e9re \u00f6sszesen 7 milli\u00f3 110 ezer forintot biztos\u00edt. <\/strong><\/p>\n<p>A Civil H\u00e1z fenntart\u00e1s\u00e1ra 1,5 milli\u00f3 forint jut, a  fennmarad\u00f3 k\u00f6zel 5,6 milli\u00f3 forintb\u00f3l tartal\u00e9kalapot k\u00e9pez a Civil Alap  B\u00edr\u00e1l\u00f3 Bizotts\u00e1g (CABB). Ebben az \u00e9vben a nonprofit szf\u00e9ra k\u00e9pvisel\u0151inek  -k\u00fcl\u00f6nb\u00f6z\u0151 programok, rendezv\u00e9nyek megval\u00f3s\u00edt\u00e1s\u00e1hoz- 4,8 milli\u00f3  forintot biztos\u00edt Eger \u00f6nkorm\u00e1nyzata. Anyagi neh\u00e9zs\u00e9gekre hivatkozva  sz\u00e1mos \u00f6nkorm\u00e1nyzat az id\u00e9n cs\u00f6kkentette a civileknek ny\u00fajtott  t\u00e1mogat\u00e1st, Egerben nem volt ilyen negat\u00edv v\u00e1ltoz\u00e1s.<\/p>\n<p>A Civil Alap  p\u00e1ly\u00e1zati ki\u00edr\u00e1s id\u00e9n is december 31-ig megval\u00f3sul\u00f3 programokra sz\u00f3lt.  Az, hogy 2010 \u00f3ta Egerben egy teljes \u00e9vre vonatkoz\u00f3an lehet p\u00e1ly\u00e1zni,  megk\u00f6nny\u00edti a szervezetek \u00e9let\u00e9t, tervezhet\u0151bb\u00e9 teszi programszervez\u0151i  tev\u00e9kenys\u00e9g\u00fcket, nem utols\u00f3 sorban cs\u00f6kkenti az adminisztr\u00e1ci\u00f3s  feladatokat, hiszen nem kell id\u0151r\u0151l id\u0151re \u00fajabb t\u00e1mogat\u00e1si szerz\u0151d\u00e9seket  k\u00f6tni.<\/p>\n<p>A helyi k\u00f6z\u00f6ss\u00e9gek igen \u00e9l\u00e9nk \u00e9rdekl\u0151d\u00e9st mutattak: 135  szervezet 205 p\u00e1ly\u00e1zatot ny\u00fajtott be a civil referensnek, ami minden  eddigin\u00e9l magasabb sz\u00e1m. Emiatt az egy p\u00e1ly\u00e1z\u00f3ra es\u0151 \u00f6sszeg 23.500  forint lett volna, szemben az \u00e1tlagosan 480 ezer forintos t\u00e1mogat\u00e1si  ig\u00e9nnyel. A CABB a d\u00f6nt\u00e9st a fenti t\u00e9nyek figyelembe v\u00e9tel\u00e9vel hozta  meg, k\u00fcl\u00f6n\u00f6s tekintettel arra, hogy egy-egy tervezett rendezv\u00e9ny milyen  \u00e9rt\u00e9ket k\u00e9pvisel Eger v\u00e1rosa sz\u00e1m\u00e1ra. El\u0151nyt \u00e9lveztek p\u00e9ld\u00e1ul a r\u00e9g\u00f3ta  j\u00f3l m\u0171k\u00f6d\u0151, k\u00f6z\u00f6ss\u00e9gform\u00e1l\u00f3 er\u0151vel m\u0171k\u00f6d\u0151 szervezetek. Els\u0151dleges  szempont volt, hogy a beadv\u00e1ny v\u00e1rosunk civil \u00e9let\u00e9nek szakmai  fejl\u0151d\u00e9s\u00e9t c\u00e9lozza.<\/p>\n<p>R\u00e9szben szakmai, r\u00e9szben formai hi\u00e1nyoss\u00e1gok  miatt nem t\u00e1mogattak a b\u00edr\u00e1l\u00f3k 61 p\u00e1ly\u00e1zatot, \u00edgy a 205-b\u0151l 144 beadv\u00e1ny  kapott v\u00e9g\u00fcl anyagi t\u00e1mogat\u00e1st.<\/p>\n","protected":false},"excerpt":{"rendered":"<p>&nbsp;<\/p>\n<p>A Polg\u00e1rmesteri Hivatal t\u00e1j\u00e9koztat\u00e1sa szerint, Eger MJV  \u00d6nkorm\u00e1nyzata 2011-es k\u00f6lts\u00e9gvet\u00e9s\u00e9ben a civil szervezetek t\u00e1mogat\u00e1s\u00e1ra,  munk\u00e1juk seg\u00edt\u00e9s\u00e9re \u00f6sszesen 7 milli\u00f3 110 ezer forintot biztos\u00edt.<br \/>\nA Civil H\u00e1z fenntart\u00e1s\u00e1ra 1,5 milli\u00f3 forint jut, a  fennmarad\u00f3 k\u00f6zel 5,6 milli\u00f3 forintb\u00f3l tartal\u00e9kalapot k\u00e9pez a Civil Alap  B\u00edr\u00e1l\u00f3 Bizotts\u00e1g (CABB). Ebben az \u00e9vben a nonprofit szf\u00e9ra [&#8230;]<\/p>\n","protected":false},"author":4,"featured_media":0,"comment_status":"open","ping_status":"closed","sticky":false,"template":"","format":"standard","meta":{"footnotes":""},"categories":[4],"tags":[],"class_list":["post-3887","post","type-post","status-publish","format-standard","hentry","category-szabadido"],"_links":{"self":[{"href":"https:\/\/www.agriatv.hu\/index.php?rest_route=\/wp\/v2\/posts\/3887","targetHints":{"allow":["GET"]}}],"collection":[{"href":"https:\/\/www.agriatv.hu\/index.php?rest_route=\/wp\/v2\/posts"}],"about":[{"href":"https:\/\/www.agriatv.hu\/index.php?rest_route=\/wp\/v2\/types\/post"}],"author":[{"embeddable":true,"href":"https:\/\/www.agriatv.hu\/index.php?rest_route=\/wp\/v2\/users\/4"}],"replies":[{"embeddable":true,"href":"https:\/\/www.agriatv.hu\/index.php?rest_route=%2Fwp%2Fv2%2Fcomments&post=3887"}],"version-history":[{"count":2,"href":"https:\/\/www.agriatv.hu\/index.php?rest_route=\/wp\/v2\/posts\/3887\/revisions"}],"predecessor-version":[{"id":3889,"href":"https:\/\/www.agriatv.hu\/index.php?rest_route=\/wp\/v2\/posts\/3887\/revisions\/3889"}],"wp:attachment":[{"href":"https:\/\/www.agriatv.hu\/index.php?rest_route=%2Fwp%2Fv2%2Fmedia&parent=3887"}],"wp:term":[{"taxonomy":"category","embeddable":true,"href":"https:\/\/www.agriatv.hu\/index.php?rest_route=%2Fwp%2Fv2%2Fcategories&post=3887"},{"taxonomy":"post_tag","embeddable":true,"href":"https:\/\/www.agriatv.hu\/index.php?rest_route=%2Fwp%2Fv2%2Ftags&post=3887"}],"curies":[{"name":"wp","href":"https:\/\/api.w.org\/{rel}","templated":true}]}}