{"id":3890,"date":"2011-04-06T15:28:36","date_gmt":"2011-04-06T15:28:36","guid":{"rendered":"http:\/\/www.agriatv.hu\/?p=3890"},"modified":"2011-04-06T15:28:36","modified_gmt":"2011-04-06T15:28:36","slug":"jelentkezni-lehet-eger-unnepere","status":"publish","type":"post","link":"https:\/\/www.agriatv.hu\/?p=3890","title":{"rendered":"Jelentkezni lehet Eger \u00dcnnep\u00e9re"},"content":{"rendered":"<p class=\"cikkcikkei\">&nbsp;<\/p>\n<p><img loading=\"lazy\" decoding=\"async\" class=\"kiskepcikkhez alignleft\" src=\"http:\/\/www.egriszin.hu\/RenderedContents\/IndexImages\/7\/7530-20110406115654-kep.jpg\" alt=\"\" width=\"150\" height=\"113\" \/><\/p>\n<p><strong>Az Egri Civil Kerekasztal ebben az esztend\u0151ben imm\u00e1r a XVI. Eger  \u00dcnnepe rendezv\u00e9nyre k\u00e9sz\u00fcl. A rendezv\u00e9nyt 2011-ben szeptember 16-a \u00e9s  18-a k\u00f6z\u00f6tt tartj\u00e1k, a k\u00f6zponti helysz\u00edn az \u00c9rsekkert lesz, de tov\u00e1bbi  nyolc helysz\u00ednen lesznek k\u00fcl\u00f6nb\u00f6z\u0151 programok.<\/strong><\/p>\n<p>A Civil Kerekasztal az esem\u00e9ny r\u00e9szek\u00e9nt, az Eger  \u00dcnnep\u00e9vel egy\u00fctt kezeli a Dob\u00f3 t\u00e9ren zajl\u00f3, p\u00e9nteki V\u00e1rosi Ifj\u00fas\u00e1gi  Fesztiv\u00e1lt \u00e9s a vas\u00e1rnapi Barokk Fut\u00f3par\u00e1d\u00e9t is. A civil \u00fcnnep nagy  \u00e9rt\u00e9ke, hogy tartalmilag esztend\u0151r\u0151l esztend\u0151re gazdagodott, a helyi  civil k\u00f6z\u00f6ss\u00e9gek k\u00f6z\u00f6tti egy\u00fcttm\u0171k\u00f6d\u00e9s jelent\u0151sen er\u0151s\u00f6d\u00f6tt. Eger \u00dcnnepe  j\u00f3 lehet\u0151s\u00e9get ad arra is, hogy a civil k\u00f6z\u00f6ss\u00e9gi \u00e9rt\u00e9kek ir\u00e1nt  elk\u00f6telezett, nyitott polg\u00e1rok tal\u00e1lkozhassanak egym\u00e1ssal. A XVI. Eger  \u00dcnnepe esem\u00e9nysorozat megszervez\u00e9s\u00e9hez Eger MJV \u00d6nkorm\u00e1nyzata 1 milli\u00f3  173 ezer forintot biztos\u00edt.<\/p>\n<p>Az Egri Civil Kerekasztal m\u00e1jus  15-\u00e9n, 16.00 \u00f3r\u00e1ig v\u00e1rja az Eger \u00dcnnep\u00e9n megjelenni k\u00edv\u00e1n\u00f3 civil  k\u00f6z\u00f6ss\u00e9gek, egyes\u00fcletek jelentkez\u00e9s\u00e9t. (A hat\u00e1rid\u0151 ut\u00e1n \u00e9rkez\u0151  jelentkez\u00e9seket a szervez\u0151bizotts\u00e1g nem tudja elfogadni.) K\u00e9rik, hogy a  tervezett programjukr\u00f3l sz\u00f3l\u00f3 le\u00edr\u00e1st is csatolj\u00e1k a jelentkez\u00e9si  laphoz. Hasonl\u00f3an v\u00e1rnak \u00e9szrev\u00e9teleket, \u00faj elgondol\u00e1sokat,  program\u00f6tleteket Eger \u00dcnnepe meg\u00faj\u00edt\u00e1s\u00e1ra. Az err\u0151l sz\u00f3l\u00f3 \u00edr\u00e1sos  anyagokat a jelentkez\u00e9si laphoz mell\u00e9kelve, az Egri Civil H\u00e1z c\u00edm\u00e9re  kell eljuttatni (Bajcsy-Zsilinszky u. 9.).<br \/>\nA rendezv\u00e9nyhez, programszervez\u00e9shez sz\u00fcks\u00e9ges jelentkez\u00e9si \u00edvek let\u00f6lthet\u0151k a www.eck.hu oldalr\u00f3l.<br \/>\nA\/ E\u00dc \u2013 Szolg\u00e1ltat\u00e1si jel. lap 2011<br \/>\nB\/ E\u00dc \u2013 M\u0171sor, produkci\u00f3 jel. lap 2011<br \/>\nC\/ E\u00dc \u2013 Sport jel. lap 2011<\/p>\n<p>A jelentkez\u00e9seket k\u00f6vet\u0151en a befogad\u00e1sr\u00f3l \u00e9s a tov\u00e1bbi feladatokr\u00f3l j\u00fanius 15-ig k\u00fcldenek \u00e9rtes\u00edt\u00e9st.<\/p>\n<p>A  tervek szerint az \u00c9rsekkertben szombaton \u00e9s vas\u00e1rnap a k\u00fcl\u00f6nb\u00f6z\u0151  nonprofit szervezetek mutatkoznak be, a nagysz\u00ednpadon \u00e9s a  Zenepavilonn\u00e1l megjelennek a szolg\u00e1ltat\u00f3 \u00e9s kultur\u00e1lis egyes\u00fcletek,  alap\u00edtv\u00e1nyok, m\u00edg vas\u00e1rnap sportbemutat\u00f3k gazdag\u00edtj\u00e1k a programot. Ide  csatlakozik az \u201eAut\u00f3 n\u00e9lk\u00fcl Eger \u00dcnnep\u00e9n\u201d nev\u0171 kezdem\u00e9nyez\u00e9s is.<\/p>\n<p>Kontakt: Koczka J\u00f3zsef civil referens, 36\/523-711.<br \/>\nEger  \u00dcnnepe Szervez\u0151bizotts\u00e1g tagjai: Botka T\u00edmea (30\/935-0530), M\u00e1cs\u00e1r  Be\u00e1ta (30\/686-1261), Rom\u00e1n G\u00e1born\u00e9 (20\/557-6426), Somodyn\u00e9 J\u00e1mbor Ildik\u00f3  (20\/779-0383).<\/p>\n","protected":false},"excerpt":{"rendered":"<p>&nbsp;<\/p>\n<p>Az Egri Civil Kerekasztal ebben az esztend\u0151ben imm\u00e1r a XVI. Eger  \u00dcnnepe rendezv\u00e9nyre k\u00e9sz\u00fcl. A rendezv\u00e9nyt 2011-ben szeptember 16-a \u00e9s  18-a k\u00f6z\u00f6tt tartj\u00e1k, a k\u00f6zponti helysz\u00edn az \u00c9rsekkert lesz, de tov\u00e1bbi  nyolc helysz\u00ednen lesznek k\u00fcl\u00f6nb\u00f6z\u0151 programok.<br \/>\nA Civil Kerekasztal az esem\u00e9ny r\u00e9szek\u00e9nt, az Eger  \u00dcnnep\u00e9vel egy\u00fctt kezeli a Dob\u00f3 t\u00e9ren zajl\u00f3, p\u00e9nteki [&#8230;]<\/p>\n","protected":false},"author":4,"featured_media":0,"comment_status":"open","ping_status":"closed","sticky":false,"template":"","format":"standard","meta":{"footnotes":""},"categories":[8,4],"tags":[],"class_list":["post-3890","post","type-post","status-publish","format-standard","hentry","category-kultura","category-szabadido"],"_links":{"self":[{"href":"https:\/\/www.agriatv.hu\/index.php?rest_route=\/wp\/v2\/posts\/3890","targetHints":{"allow":["GET"]}}],"collection":[{"href":"https:\/\/www.agriatv.hu\/index.php?rest_route=\/wp\/v2\/posts"}],"about":[{"href":"https:\/\/www.agriatv.hu\/index.php?rest_route=\/wp\/v2\/types\/post"}],"author":[{"embeddable":true,"href":"https:\/\/www.agriatv.hu\/index.php?rest_route=\/wp\/v2\/users\/4"}],"replies":[{"embeddable":true,"href":"https:\/\/www.agriatv.hu\/index.php?rest_route=%2Fwp%2Fv2%2Fcomments&post=3890"}],"version-history":[{"count":2,"href":"https:\/\/www.agriatv.hu\/index.php?rest_route=\/wp\/v2\/posts\/3890\/revisions"}],"predecessor-version":[{"id":3892,"href":"https:\/\/www.agriatv.hu\/index.php?rest_route=\/wp\/v2\/posts\/3890\/revisions\/3892"}],"wp:attachment":[{"href":"https:\/\/www.agriatv.hu\/index.php?rest_route=%2Fwp%2Fv2%2Fmedia&parent=3890"}],"wp:term":[{"taxonomy":"category","embeddable":true,"href":"https:\/\/www.agriatv.hu\/index.php?rest_route=%2Fwp%2Fv2%2Fcategories&post=3890"},{"taxonomy":"post_tag","embeddable":true,"href":"https:\/\/www.agriatv.hu\/index.php?rest_route=%2Fwp%2Fv2%2Ftags&post=3890"}],"curies":[{"name":"wp","href":"https:\/\/api.w.org\/{rel}","templated":true}]}}