{"id":3896,"date":"2011-04-06T21:21:47","date_gmt":"2011-04-06T21:21:47","guid":{"rendered":"http:\/\/www.agriatv.hu\/?p=3896"},"modified":"2011-04-06T21:21:47","modified_gmt":"2011-04-06T21:21:47","slug":"baleset-a-25-os-uton","status":"publish","type":"post","link":"https:\/\/www.agriatv.hu\/?p=3896","title":{"rendered":"Baleset a 25-\u00f6s \u00faton"},"content":{"rendered":"<p><a href=\"https:\/\/www.agriatv.hu\/wp-content\/uploads\/2011\/04\/0406baleset_v.jpg\"><img loading=\"lazy\" decoding=\"async\" class=\"alignleft size-medium wp-image-3898\" title=\"0406baleset_v\" src=\"https:\/\/www.agriatv.hu\/wp-content\/uploads\/2011\/04\/0406baleset_v-300x240.jpg\" alt=\"\" width=\"143\" height=\"114\" srcset=\"https:\/\/www.agriatv.hu\/wp-content\/uploads\/2011\/04\/0406baleset_v-300x240.jpg 300w, https:\/\/www.agriatv.hu\/wp-content\/uploads\/2011\/04\/0406baleset_v.jpg 720w\" sizes=\"auto, (max-width: 143px) 100vw, 143px\" \/><\/a>3 s\u00e9r\u00fcltje, k\u00e9t s\u00falyos \u00e9s egy k\u00f6nnyebb van annak a balesetnek, amelyik szerda este t\u00f6rt\u00e9nt Eger \u00e9s Kerecsend k\u00f6z\u00f6tt a 25-\u00f6s f\u0151\u00faton. K\u00e9t szem\u00e9lyaut\u00f3 front\u00e1lisan \u00fctk\u00f6z\u00f6tt \u00f6ssze. A helysz\u00ednel\u00e9s idej\u00e9re a teljes utat lez\u00e1rt\u00e1k.<div class=\"wordtube\">\n<div class=\"wordtube single254\" id=\"WT1_1\" style=\"width:320px; height:240px;\">\n<a href=\"http:\/\/www.macromedia.com\/go\/getflashplayer\">Get the Flash Player<\/a> to see the wordTube Media Player.\n<\/div><\/div>\n\t<script type=\"text\/javascript\" defer=\"defer\">\nvar WT1_1 = {\n\tparams : {\n\t\twmode : \"opaque\",\n\t\tallowscriptaccess : \"always\",\n\t\tallownetworking : \"all\",\n\t\tallowfullscreen : \"true\"},\n\tflashvars : {\n\t\tfile : \"http%3A%2F%2Fwww.agriatv.hu%2Fwp-content%2Fuploads%2F2011%2F04%2F0406baleset.flv\",\n\t\tvolume : \"80\",\n\t\tbufferlength : \"5\",\n\t\tquality : \"false\",\n\t\t'logo.hide' : \"false\",\n\t\timage : \"http%3A%2F%2Fwww.agriatv.hu%2Fwp-content%2Fuploads%2F2011%2F04%2F0406baleset.jpg\",\n\t\ttitle : \"0406baleset.flv\",\n\t\tlinktarget : \"_self\"},\n\tattr : {\n\t\tid : \"WT1\",\n\t\tname : \"WT1\"},\n\tstart : function() {\n\t\tswfobject.embedSWF(\"https:\/\/www.agriatv.hu\/\/player.swf\", \"WT1_1\", \"320\", \"240\", \"9.0.0\", false, this.flashvars, this.params , this.attr );\n\t}\n}\nWT1_1.start();\n\t<\/script>\n<\/p>\n","protected":false},"excerpt":{"rendered":"<p>3 s\u00e9r\u00fcltje, k\u00e9t s\u00falyos \u00e9s egy k\u00f6nnyebb van annak a balesetnek, amelyik szerda este t\u00f6rt\u00e9nt Eger \u00e9s Kerecsend k\u00f6z\u00f6tt a 25-\u00f6s f\u0151\u00faton. K\u00e9t szem\u00e9lyaut\u00f3 front\u00e1lisan \u00fctk\u00f6z\u00f6tt \u00f6ssze. A helysz\u00ednel\u00e9s idej\u00e9re a teljes utat lez\u00e1rt\u00e1k.<\/p>\n","protected":false},"author":4,"featured_media":0,"comment_status":"open","ping_status":"closed","sticky":false,"template":"","format":"standard","meta":{"footnotes":""},"categories":[5],"tags":[],"class_list":["post-3896","post","type-post","status-publish","format-standard","hentry","category-kek-hirek"],"_links":{"self":[{"href":"https:\/\/www.agriatv.hu\/index.php?rest_route=\/wp\/v2\/posts\/3896","targetHints":{"allow":["GET"]}}],"collection":[{"href":"https:\/\/www.agriatv.hu\/index.php?rest_route=\/wp\/v2\/posts"}],"about":[{"href":"https:\/\/www.agriatv.hu\/index.php?rest_route=\/wp\/v2\/types\/post"}],"author":[{"embeddable":true,"href":"https:\/\/www.agriatv.hu\/index.php?rest_route=\/wp\/v2\/users\/4"}],"replies":[{"embeddable":true,"href":"https:\/\/www.agriatv.hu\/index.php?rest_route=%2Fwp%2Fv2%2Fcomments&post=3896"}],"version-history":[{"count":3,"href":"https:\/\/www.agriatv.hu\/index.php?rest_route=\/wp\/v2\/posts\/3896\/revisions"}],"predecessor-version":[{"id":3900,"href":"https:\/\/www.agriatv.hu\/index.php?rest_route=\/wp\/v2\/posts\/3896\/revisions\/3900"}],"wp:attachment":[{"href":"https:\/\/www.agriatv.hu\/index.php?rest_route=%2Fwp%2Fv2%2Fmedia&parent=3896"}],"wp:term":[{"taxonomy":"category","embeddable":true,"href":"https:\/\/www.agriatv.hu\/index.php?rest_route=%2Fwp%2Fv2%2Fcategories&post=3896"},{"taxonomy":"post_tag","embeddable":true,"href":"https:\/\/www.agriatv.hu\/index.php?rest_route=%2Fwp%2Fv2%2Ftags&post=3896"}],"curies":[{"name":"wp","href":"https:\/\/api.w.org\/{rel}","templated":true}]}}