{"id":3901,"date":"2011-04-06T21:34:31","date_gmt":"2011-04-06T21:34:31","guid":{"rendered":"http:\/\/www.agriatv.hu\/?p=3901"},"modified":"2011-04-06T21:34:55","modified_gmt":"2011-04-06T21:34:55","slug":"tanc-es-buli-hajnalig-%e2%80%93-pentek-esti-ethno-funk","status":"publish","type":"post","link":"https:\/\/www.agriatv.hu\/?p=3901","title":{"rendered":"T\u00e1nc \u00e9s buli hajnalig \u2013 P\u00e9ntek esti Ethno Funk"},"content":{"rendered":"<p><strong><a href=\"https:\/\/www.agriatv.hu\/wp-content\/uploads\/2011\/04\/diak\u00e9pek-286.jpg\"><img loading=\"lazy\" decoding=\"async\" class=\"alignleft size-medium wp-image-3902\" title=\"diak\u00e9pek 286\" src=\"https:\/\/www.agriatv.hu\/wp-content\/uploads\/2011\/04\/diak\u00e9pek-286-300x200.jpg\" alt=\"\" width=\"159\" height=\"106\" srcset=\"https:\/\/www.agriatv.hu\/wp-content\/uploads\/2011\/04\/diak\u00e9pek-286-300x200.jpg 300w, https:\/\/www.agriatv.hu\/wp-content\/uploads\/2011\/04\/diak\u00e9pek-286-1024x682.jpg 1024w\" sizes=\"auto, (max-width: 159px) 100vw, 159px\" \/><\/a>Fergeteges Sz\u00e1szcs\u00e1v\u00e1si banz\u00e1jjal kezd\u0151d\u00f6tt \u00e9s hajnalig tart\u00f3 t\u00e1nccal folytat\u00f3dott a az Egri Tavaszi Fesztiv\u00e1l keret\u00e9ben rendezett Ethno Funk Fesztiv\u00e1l, melynek els\u0151 napj\u00e1n a Nemjuci \u00e9s a Zagar zenekarokra voltak k\u00edv\u00e1ncsiak a legt\u00f6bben, a Bartakovics B\u00e9la K\u00f6z\u00f6ss\u00e9gi H\u00e1zban. K\u00e9tnapos tal\u00e1lkoz\u00f3 keret\u00e9ben, n\u00e9gy magyar \u00e9s egy nig\u00e9riai zenekar sz\u00f3rakoztatta az elm\u00falt h\u00e9tv\u00e9g\u00e9n a vil\u00e1gzene kedvel\u0151it.<\/strong><\/p>\n<p><strong> <\/strong><\/p>\n<p><strong> <\/strong><\/p>\n<p>A vil\u00e1gzene l\u00e9nyege, hogy nemcsak k\u00fcl\u00f6nb\u00f6z\u0151 n\u00e9pek, hanem st\u00edlusok, m\u0171fajok is j\u00f3l megf\u00e9rnek egy sz\u00ednpadon egym\u00e1s mellett, ak\u00e1r egy produkci\u00f3ban is. Az els\u0151 alkalommal megrendezett nagyszab\u00e1s\u00fa Ethno Funk Fesztiv\u00e1lt a vil\u00e1got j\u00e1rt erd\u00e9lyi Sz\u00e1szcs\u00e1v\u00e1si Zenekar nyitotta, megmutatva a tiszta forr\u00e1st a ma gyermekei sz\u00e1m\u00e1ra is. A nemzetk\u00f6zi porondon is j\u00f3l jegyzett zenekar a hagyom\u00e1nyt legeredetibb, ugyanakkor b\u00e1tor m\u00f3don, szinte \u201erockandrollos\u201d magabiztoss\u00e1ggal k\u00e9pviseli szerte a vil\u00e1gon. Egerben is megmutatta, hogyan \u00e9rdemes muzsik\u00e1lni, s a koncert k\u00f6zben megszaporodott \u00e9s a t\u00e1nct\u00e9rre letelepedett k\u00f6z\u00f6ns\u00e9g nem is akarta leengedni a sz\u00ednpadr\u00f3l.<\/p>\n<p>A Bartakoviocs B\u00e9la K\u00f6z\u00f6ss\u00e9gi H\u00e1zban, ahol p\u00e9ntek \u00e9jf\u00e9lig m\u00e9g tartott az Interakt\u00edv L\u00edra irodalmi maratonja, \u00f6r\u00f6mteli l\u00e1tv\u00e1ny volt, hogy a nyugd\u00edjasok helyett, \u00fajra fiatalok veszik birtokba az egyh\u00e1zi ingatlant, v\u00e1rva az este m\u00e1sodik fell\u00e9p\u0151j\u00e9t N\u00e9meth Juci zenekar\u00e1t. Az alternat\u00edv \u00e9s pop \u00e9s p\u00f6rg\u0151s Nemjuci meg is mozgatta a tagokat rendesen, imm\u00e1r m\u00e1sodik alkalommal nekifutva az egri \u00e9jszak\u00e1nak. A Magyar Dal Napj\u00e1n a rend\u0151rs\u00e9g \u00e9s valami nem \u00e9ppen zenekedvel\u0151 lak\u00f3 \u00e1ltal \u201elekevert\u201d csapat most hihetetlen energi\u00e1val v\u00e9gigj\u00e1tszhatta programj\u00e1t, nem kis \u00f6r\u00f6met okozva ezzel rengeteg fiatalnak.<\/p>\n<p>A m\u00e1mor az elektronikus szf\u00e9r\u00e1kban folytat\u00f3dott, hiszen az \u00e9jszak\u00e1ba ny\u00fal\u00f3 bulin, szint\u00e9n sokak \u00f6r\u00f6m\u00e9re az alternat\u00edv dance-elektro vil\u00e1ga bontakozott ki. A Zagar nem is k\u00edm\u00e9lte a f\u00fcleket, k\u00fcl\u00f6nleges sz\u00ednpadi produkci\u00f3val lept\u00e9k meg az \u00e9nekelni is hajland\u00f3 rajong\u00f3kat. Kozmikus k\u00f6d\u00f6k, fantasztikus effektek ereszkedtek az emberekre, mialatt egy emelettel feljebb \u00e9ppen Posta Marcsi fogalmazta k\u00f6ltem\u00e9nyekbe t\u00e1rsadalom, m\u0171v\u00e9szet- \u00e9s \u00e9letm\u00f3dkritik\u00e1j\u00e1t a 24 \u00f3r\u00e1s L\u00edra el\u0151ad\u00e1ssorozat v\u00e9gs\u0151kig kitart\u00f3, fanatikus k\u00f6z\u00f6ns\u00e9g\u00e9nek.<\/p>\n<p>A zen\u00e9s produkci\u00f3kat Eger egyik vezet\u0151 k\u00eds\u00e9rleti m\u0171v\u00e9sze<strong> <\/strong><strong>Szil\u00e1gyi Rudolf<\/strong><strong> <\/strong><strong>vizu\u00e1l anyaga eg\u00e9sz\u00edtette ki, s b\u00e1r az \u00e9l\u0151 zen\u00e9k elfogytak hajnalra, nem maradtak magukra a t\u00e1ncra \u00e9s funky \u0151r\u00fcletre v\u00e1gy\u00f3 \u00e9ber lovagok. <\/strong>A Belga zenekarb\u00f3l j\u00f3l ismert M\u00e9g\u00f6tl\u00f6v\u00e9s \u00e9s Bauxit pedig lemezlovask\u00e9nt mutatkozott be a Bartakovicsban, ahol erre az alakalommal k\u00fcl\u00f6nb\u00f6z\u0151 koroszt\u00e1lyok tagjai egy\u00fctt csavart\u00e1k cs\u00edp\u0151j\u00fcket.<\/p>\n<p>Holl\u00f3 Mikl\u00f3s<\/p>\n","protected":false},"excerpt":{"rendered":"<p>Fergeteges Sz\u00e1szcs\u00e1v\u00e1si banz\u00e1jjal kezd\u0151d\u00f6tt \u00e9s hajnalig tart\u00f3 t\u00e1nccal folytat\u00f3dott a az Egri Tavaszi Fesztiv\u00e1l keret\u00e9ben rendezett Ethno Funk Fesztiv\u00e1l, melynek els\u0151 napj\u00e1n a Nemjuci \u00e9s a Zagar zenekarokra voltak k\u00edv\u00e1ncsiak a legt\u00f6bben, a Bartakovics B\u00e9la K\u00f6z\u00f6ss\u00e9gi H\u00e1zban. K\u00e9tnapos tal\u00e1lkoz\u00f3 keret\u00e9ben, n\u00e9gy magyar \u00e9s egy nig\u00e9riai zenekar sz\u00f3rakoztatta az elm\u00falt h\u00e9tv\u00e9g\u00e9n a vil\u00e1gzene kedvel\u0151it.<\/p>\n<p>A [&#8230;]<\/p>\n","protected":false},"author":4,"featured_media":0,"comment_status":"open","ping_status":"closed","sticky":false,"template":"","format":"standard","meta":{"footnotes":""},"categories":[8,4],"tags":[],"class_list":["post-3901","post","type-post","status-publish","format-standard","hentry","category-kultura","category-szabadido"],"_links":{"self":[{"href":"https:\/\/www.agriatv.hu\/index.php?rest_route=\/wp\/v2\/posts\/3901","targetHints":{"allow":["GET"]}}],"collection":[{"href":"https:\/\/www.agriatv.hu\/index.php?rest_route=\/wp\/v2\/posts"}],"about":[{"href":"https:\/\/www.agriatv.hu\/index.php?rest_route=\/wp\/v2\/types\/post"}],"author":[{"embeddable":true,"href":"https:\/\/www.agriatv.hu\/index.php?rest_route=\/wp\/v2\/users\/4"}],"replies":[{"embeddable":true,"href":"https:\/\/www.agriatv.hu\/index.php?rest_route=%2Fwp%2Fv2%2Fcomments&post=3901"}],"version-history":[{"count":3,"href":"https:\/\/www.agriatv.hu\/index.php?rest_route=\/wp\/v2\/posts\/3901\/revisions"}],"predecessor-version":[{"id":3905,"href":"https:\/\/www.agriatv.hu\/index.php?rest_route=\/wp\/v2\/posts\/3901\/revisions\/3905"}],"wp:attachment":[{"href":"https:\/\/www.agriatv.hu\/index.php?rest_route=%2Fwp%2Fv2%2Fmedia&parent=3901"}],"wp:term":[{"taxonomy":"category","embeddable":true,"href":"https:\/\/www.agriatv.hu\/index.php?rest_route=%2Fwp%2Fv2%2Fcategories&post=3901"},{"taxonomy":"post_tag","embeddable":true,"href":"https:\/\/www.agriatv.hu\/index.php?rest_route=%2Fwp%2Fv2%2Ftags&post=3901"}],"curies":[{"name":"wp","href":"https:\/\/api.w.org\/{rel}","templated":true}]}}