{"id":3906,"date":"2011-04-07T11:18:55","date_gmt":"2011-04-07T11:18:55","guid":{"rendered":"http:\/\/www.agriatv.hu\/?p=3906"},"modified":"2011-04-07T11:18:55","modified_gmt":"2011-04-07T11:18:55","slug":"aprilis-7-az-egeszseg-vilagnapja","status":"publish","type":"post","link":"https:\/\/www.agriatv.hu\/?p=3906","title":{"rendered":"\u00c1prilis 7.- Az Eg\u00e9szs\u00e9g Vil\u00e1gnapja"},"content":{"rendered":"<p class=\"cikkcikkei\">&nbsp;<\/p>\n<p><img loading=\"lazy\" decoding=\"async\" class=\"kiskepcikkhez alignleft\" src=\"http:\/\/www.egriszin.hu\/RenderedContents\/IndexImages\/7\/7540-20110407130450-who.gif\" alt=\"\" width=\"150\" height=\"140\" \/><\/p>\n<p><strong>A 2011-e Eg\u00e9szs\u00e9g vil\u00e1gnap t\u00e9m\u00e1ja: \u201eK\u00fczdelem az antibiotikum  rezisztencia ellen: ha ma nem cseleksz\u00fcnk, holnap nem tudunk gy\u00f3gy\u00edtani\u201d<\/strong><\/p>\n<div>A Heves Megyei Korm\u00e1nyhivatal N\u00e9peg\u00e9szs\u00e9g\u00fcgyi  Szakigazgat\u00e1si Szerv\u00e9nek \u00f6sszefoglal\u00f3ja szerint, az eur\u00f3pai emberek  eg\u00e9szs\u00e9g\u00e9t egy egyre gyakoribb jelens\u00e9g fenyegeti: a bakt\u00e9riumok,  amelyek gyakori \u00e9s \u00e9letet vesz\u00e9lyeztet\u0151 betegs\u00e9geket okoznak, fokozottan  ellen\u00e1ll\u00f3v\u00e1 (rezisztenss\u00e9) v\u00e1lnak az antibiotikumokkal szemben.<\/div>\n<div>\nEnnek oka, az antibiotikumok sz\u00e9lesk\u00f6r\u0171, \u00e9s gyakran helytelen haszn\u00e1lata \u2010 emberekn\u00e9l \u00e9s \u00e1llatokn\u00e1l egyar\u00e1nt.<br \/>\nA  probl\u00e9ma s\u00fcrg\u0151s megold\u00e1s\u00e1nak sz\u00fcks\u00e9gess\u00e9g\u00e9re h\u00edvja fel a figyelmet,  hogy a 2011. \u00e9vi Eg\u00e9szs\u00e9g Vil\u00e1gnap t\u00e9m\u00e1ja az antibiotikum rezisztencia.<\/div>\n<p>Az  antibiotikum rezisztencia s\u00falyoss\u00e1g\u00e1t jelzi, hogy jelenleg az Eur\u00f3pai  R\u00e9gi\u00f3ban \u00e9vente 250 ezer ember hal meg antibiotikum rezisztens \u00e1genssel  t\u00f6rt\u00e9n\u0151 fert\u0151z\u00e9s k\u00f6vetkezt\u00e9be, melyek legnagyobb r\u00e9szt k\u00f3rh\u00e1zi  eredet\u0171ek.<br \/>\nHat\u00e9kony, \u00faj antibiotikumok n\u00e9lk\u00fcl \u2013 a fokoz\u00f3d\u00f3  rezisztencia mellett\u2013t\u00e1rsadalmunk visszat\u00e9rhet az antibiotikumok el\u0151tti  korszak viszonyai k\u00f6z\u00e9, \u00e9s egy t\u00fcd\u0151gyullad\u00e1s meg\u00f6lheti a gyermekeket,  vagy k\u00fczdelm\u00fcnk az agyh\u00e1rtyagyullad\u00e1ssal szemben hat\u00e1stalan lehet.<br \/>\nAz  Eg\u00e9szs\u00e9g\u00fcgyi Vil\u00e1gszervezet (WHO) cselekv\u00e9sre h\u00edvja a t\u00e1rsadalmat, a  gy\u00f3gyszerek fel\u00edr\u00f3it, a gy\u00f3gyszeripart, a d\u00f6nt\u00e9shoz\u00f3kat \u00e9s az  \u00e9lelmiszer\/h\u00fas el\u0151\u00e1ll\u00edt\u00f3kat: felel\u0151s m\u00f3don t\u00f6rt\u00e9njen az antibiotikumok  fel\u00edr\u00e1sa \u00e9s haszn\u00e1lata, melyet monitorozzanak is (k\u00fcl\u00f6n figyelemmel az  esetleges rezisztencia kialakul\u00e1s\u00e1ra) \u00e9s t\u00e1mogass\u00e1k \u00faj antibiotikumok  kifejleszt\u00e9s\u00e9t.<\/p>\n<p>A WHO a Vil\u00e1gnap t\u00e9m\u00e1j\u00e1val fel akarja h\u00edvni a  figyelmet az antibiotikumok haszn\u00e1lat\u00e1nak \u00e9s a vel\u00fck val\u00f3 vissza\u00e9l\u00e9s  vesz\u00e9lyeire, \u00e9s t\u00e1mogatja az Eur\u00f3pai R\u00e9gi\u00f3ban l\u00e9trej\u00f6v\u0151 esem\u00e9nyeket \u00e9s  kamp\u00e1nyokat.<\/p>\n","protected":false},"excerpt":{"rendered":"<p>&nbsp;<\/p>\n<p>A 2011-e Eg\u00e9szs\u00e9g vil\u00e1gnap t\u00e9m\u00e1ja: \u201eK\u00fczdelem az antibiotikum  rezisztencia ellen: ha ma nem cseleksz\u00fcnk, holnap nem tudunk gy\u00f3gy\u00edtani\u201d<br \/>\nA Heves Megyei Korm\u00e1nyhivatal N\u00e9peg\u00e9szs\u00e9g\u00fcgyi  Szakigazgat\u00e1si Szerv\u00e9nek \u00f6sszefoglal\u00f3ja szerint, az eur\u00f3pai emberek  eg\u00e9szs\u00e9g\u00e9t egy egyre gyakoribb jelens\u00e9g fenyegeti: a bakt\u00e9riumok,  amelyek gyakori \u00e9s \u00e9letet vesz\u00e9lyeztet\u0151 betegs\u00e9geket okoznak, fokozottan  ellen\u00e1ll\u00f3v\u00e1 (rezisztenss\u00e9) v\u00e1lnak az antibiotikumokkal [&#8230;]<\/p>\n","protected":false},"author":4,"featured_media":0,"comment_status":"open","ping_status":"closed","sticky":false,"template":"","format":"standard","meta":{"footnotes":""},"categories":[1],"tags":[],"class_list":["post-3906","post","type-post","status-publish","format-standard","hentry","category-nincs-kategorizalva"],"_links":{"self":[{"href":"https:\/\/www.agriatv.hu\/index.php?rest_route=\/wp\/v2\/posts\/3906","targetHints":{"allow":["GET"]}}],"collection":[{"href":"https:\/\/www.agriatv.hu\/index.php?rest_route=\/wp\/v2\/posts"}],"about":[{"href":"https:\/\/www.agriatv.hu\/index.php?rest_route=\/wp\/v2\/types\/post"}],"author":[{"embeddable":true,"href":"https:\/\/www.agriatv.hu\/index.php?rest_route=\/wp\/v2\/users\/4"}],"replies":[{"embeddable":true,"href":"https:\/\/www.agriatv.hu\/index.php?rest_route=%2Fwp%2Fv2%2Fcomments&post=3906"}],"version-history":[{"count":1,"href":"https:\/\/www.agriatv.hu\/index.php?rest_route=\/wp\/v2\/posts\/3906\/revisions"}],"predecessor-version":[{"id":3907,"href":"https:\/\/www.agriatv.hu\/index.php?rest_route=\/wp\/v2\/posts\/3906\/revisions\/3907"}],"wp:attachment":[{"href":"https:\/\/www.agriatv.hu\/index.php?rest_route=%2Fwp%2Fv2%2Fmedia&parent=3906"}],"wp:term":[{"taxonomy":"category","embeddable":true,"href":"https:\/\/www.agriatv.hu\/index.php?rest_route=%2Fwp%2Fv2%2Fcategories&post=3906"},{"taxonomy":"post_tag","embeddable":true,"href":"https:\/\/www.agriatv.hu\/index.php?rest_route=%2Fwp%2Fv2%2Ftags&post=3906"}],"curies":[{"name":"wp","href":"https:\/\/api.w.org\/{rel}","templated":true}]}}