{"id":3908,"date":"2011-04-07T18:30:18","date_gmt":"2011-04-07T18:30:18","guid":{"rendered":"http:\/\/www.agriatv.hu\/?p=3908"},"modified":"2011-04-07T18:30:28","modified_gmt":"2011-04-07T18:30:28","slug":"oszi-csilla-a-zf-hungaria-ugyvezeto-igazgatoja","status":"publish","type":"post","link":"https:\/\/www.agriatv.hu\/?p=3908","title":{"rendered":"\u0150szi Csilla a ZF Hung\u00e1ria \u00fcgyvezet\u0151 igazgat\u00f3ja"},"content":{"rendered":"<p><a href=\"https:\/\/www.agriatv.hu\/wp-content\/uploads\/2011\/04\/0407zf_V.jpg\"><img loading=\"lazy\" decoding=\"async\" class=\"alignleft size-medium wp-image-3909\" title=\"0407zf_V\" src=\"https:\/\/www.agriatv.hu\/wp-content\/uploads\/2011\/04\/0407zf_V-300x240.jpg\" alt=\"\" width=\"142\" height=\"114\" srcset=\"https:\/\/www.agriatv.hu\/wp-content\/uploads\/2011\/04\/0407zf_V-300x240.jpg 300w, https:\/\/www.agriatv.hu\/wp-content\/uploads\/2011\/04\/0407zf_V.jpg 720w\" sizes=\"auto, (max-width: 142px) 100vw, 142px\" \/><\/a>A ZF Hung\u00e1ria Kft. gazdas\u00e1gi fejl\u0151d\u00e9s\u00e9r\u0151l \u00e9s az \u00faj gener\u00e1ci\u00f3s j\u00f6v\u0151beli terveir\u0151l tartottak ma sajt\u00f3t\u00e1j\u00e9koztat\u00f3t a gy\u00e1r irodah\u00e1z\u00e1ban, ahol bejelentett\u00e9k \u0150szi Csilla \u00fcgyvezet\u0151i kinevez\u00e9s\u00e9t is.<\/p>\n<p>M\u00e9g 1995-ben v\u00e1s\u00e1rolta meg a Csepel Aut\u00f3gy\u00e1rat a ZF Hung\u00e1ria Kft., amely figyelemrem\u00e9lt\u00f3 gy\u00e1rr\u00e1 n\u0151tte ki mag\u00e1t. A ZF-nek saj\u00e1t teszt centruma, fejleszt\u00e9si centruma \u00e9s a ZF csoporton bel\u00fcl saj\u00e1t felel\u0151ss\u00e9gi jogk\u00f6re van. B\u00fcszke vagyok r\u00e1, \u00e9s \u00e9letem egyik f\u0151 m\u0171v\u00e9nek tartom- hangs\u00falyozta a sajt\u00f3t\u00e1j\u00e9koztat\u00f3n <em>Dr. Ulrich Diller <\/em>a ZF Hung\u00e1ria Kft. eln\u00f6k \u2013vez\u00e9rigazgat\u00f3ja. Mi egy magyar v\u00e1llalat vagyunk, n\u00e9met t\u0151k\u00e9vel, m\u00e9gis legfontosabb t\u0151k\u00e9nek a munkat\u00e1rsakat tekintj\u00fck. Kezdett\u0151l fogva egy szem\u00e9lyzetfejleszt\u00e9si koncepci\u00f3n dolgoztunk, \u00edgy \u00e9p\u00edtett\u00fcnk fel egy programot, ami a szakk\u00e9pes\u00edt\u00e9ssel, a fiatalok k\u00e9pz\u00e9s\u00e9vel indul a Bornemissza Szakk\u00f6z\u00e9piskol\u00e1val egy\u00fcttm\u0171k\u00f6dve, valamint szoros kapcsolatot \u00e1polunk a Miskolci Egyetemmel, illetve tr\u00e9ningprogramokon fejlessz\u00fck a dolgoz\u00f3inkat, vezet\u0151inket.\u00a0 Minden helyzetben fontosnak tartottam, hogy a megfelel\u0151 embereket helyezzem a vezet\u0151i poz\u00edci\u00f3kba, akiknek a legjobb a hozz\u00e1\u00e9rt\u00e9s\u00fck, mert a ZF Hung\u00e1ria siker t\u00f6rt\u00e9net\u00e9t \u00fagy tudjuk tov\u00e1bb vinni, ha ezt a tendenci\u00e1t folytatjuk, \u00e9s meg\u0151rizz\u00fck a v\u00e1llalti szellemet. Egernek \u00e9s szinte eg\u00e9sz Heves megy\u00e9nek szoci\u00e1lis r\u00e9sz\u00e9t k\u00e9pezz\u00fck, komolyan vessz\u00fck a munkat\u00e1rsainkat, ami \u00e9rinti a szoci\u00e1lis tematik\u00e1kat, a fejleszt\u00e9seke, a tov\u00e1bbk\u00e9pz\u00e9seket is.<br \/>\n<em>Dr.Ulrich Diller<\/em> kifejtette, hogy nem tervezi, hogy 65 \u00e9ves kor\u00e1ig dolgozik, ez\u00e9rt fontos sz\u00e1m\u00e1ra, hogy az \u00e9lete f\u0151 m\u0171v\u00e9nek sz\u00e1m\u00edt\u00f3 ZF Hung\u00e1ri\u00e1t megfelel\u0151 kezekbe adja tov\u00e1bb. Ez\u00e9rt a ZF igazgat\u00f3tan\u00e1cs\u00e1nak egy\u00fcttm\u0171k\u00f6d\u00e9s\u00e9vel \u00e1prilis 1-t\u0151l \u00fcgyvezet\u0151 igazgat\u00f3nak nevezte ki <em>\u0150szi Csill\u00e1t<\/em>. Az \u00faj \u00fcgyvezet\u0151 igazgat\u00f3 k\u00f6zvetlen\u00fcl Diller \u00darnak tartozik besz\u00e1mol\u00e1si k\u00f6telezetts\u00e9ggel, \u0151 lesz az a szem\u00e9ly, aki a k\u00f6vetkez\u0151 gener\u00e1ci\u00f3nak \u00e1tviszi a gy\u00e1rat.<br \/>\n<em>\u0150szi Csilla<\/em> 14 \u00e9ve dolgozik a ZF Hung\u00e1ria kft-nek, kontrollerk\u00e9nt kezdte, majd kontroller vezet\u0151k\u00e9nt folytatta munk\u00e1j\u00e1t. 2007-ben az informatikai oszt\u00e1ly, 2008 v\u00e9g\u00e9n a c\u00e9gvezet\u00e9s, 2009-ben pedig a HR, vagyis a szem\u00e9ly\u00fcgy is az ir\u00e1ny\u00edt\u00e1sa al\u00e1 ker\u00fclt. Majd 2011. \u00e1prilis 1-j\u00e9t\u0151l a ZF Hung\u00e1ria kft. \u00fcgyvezet\u0151j\u00e9nek nevezt\u00e9k ki. Az \u00faj \u00fcgyvezet\u0151 szeretn\u00e9 az eddigi megszokott szellemben tov\u00e1bb folytatni az ir\u00e1ny\u00edt\u00e1st.<br \/>\n<em>Dr. Ulrich Diller<\/em> a sajt\u00f3t\u00e1j\u00e9koztat\u00f3n nehezm\u00e9nyezte, hogy hab\u00e1r Eger legnagyobb ad\u00f3fizet\u0151je a ZF, m\u00e9gsem k\u00e9pes a v\u00e1ros megoldani, hogy a dolgoz\u00f3k biztons\u00e1gosan meg tudj\u00e1k k\u00f6zel\u00edteni a munkahely\u00fcket. S\u00e9relmezi, hogy a Sas \u00fat v\u00e9gi &#8211; Kist\u00e1lyai \u00fat elej\u00e9n l\u00e9v\u0151 vas\u00fati \u00e1tj\u00e1r\u00f3 ilyen balesetvesz\u00e9lyes.<br \/>\nA Jap\u00e1nt \u00e9rt katasztr\u00f3fa k\u00f6zvetlen\u00fcl nem \u00e9rinti a c\u00e9get, de vannak vev\u0151ik, akik onnan is kapnak alkatr\u00e9szeket \u00e9s ezek a sz\u00e1ll\u00edtm\u00e1nyok megk\u00e9sve \u00e9rkeznek hozz\u00e1juk.<div class=\"wordtube\">\n<div class=\"wordtube single255\" id=\"WT1_1\" style=\"width:320px; height:240px;\">\n<a href=\"http:\/\/www.macromedia.com\/go\/getflashplayer\">Get the Flash Player<\/a> to see the wordTube Media Player.\n<\/div><\/div>\n\t<script type=\"text\/javascript\" defer=\"defer\">\nvar WT1_1 = {\n\tparams : {\n\t\twmode : \"opaque\",\n\t\tallowscriptaccess : \"always\",\n\t\tallownetworking : \"all\",\n\t\tallowfullscreen : \"true\"},\n\tflashvars : {\n\t\tfile : \"http%3A%2F%2Fwww.agriatv.hu%2Fwp-content%2Fuploads%2F2011%2F04%2F0407zf.flv\",\n\t\tvolume : \"80\",\n\t\tbufferlength : \"5\",\n\t\tquality : \"false\",\n\t\t'logo.hide' : \"false\",\n\t\timage : \"http%3A%2F%2Fwww.agriatv.hu%2Fwp-content%2Fuploads%2F2011%2F04%2F0407zf.jpg\",\n\t\ttitle : \"0407zf.flv\",\n\t\tlinktarget : \"_self\"},\n\tattr : {\n\t\tid : \"WT1\",\n\t\tname : \"WT1\"},\n\tstart : function() {\n\t\tswfobject.embedSWF(\"https:\/\/www.agriatv.hu\/\/player.swf\", \"WT1_1\", \"320\", \"240\", \"9.0.0\", false, this.flashvars, this.params , this.attr );\n\t}\n}\nWT1_1.start();\n\t<\/script>\n Elhangzott, hogy a ZF Hung\u00e1ria nagyszer\u0171 \u00fctemben halad az elm\u00falt \u00e9vekhez k\u00e9pest \u00e9s a v\u00e1ls\u00e1g el\u0151tti id\u0151szakhoz k\u00e9pest is.\u00a0\u00a0 A bev\u00e9telek 50 %-al emelkedtek, de szeretn\u00e9k el\u00e9rni a 70%-os gyarapod\u00e1st. 2012-re pedig m\u00e9g tov\u00e1bbi 30 %-os n\u00f6veked\u00e9st terveznek. A v\u00e1ls\u00e1g el\u0151tti szinthez k\u00e9pest is 25%-os a n\u00f6veked\u00e9s.\u00a0 A forgalomn\u00f6veked\u00e9s is jelent\u0151s 35%-os.\u00a0 Az \u00e9ves bev\u00e9tel\u00fck el\u00e9ri a 210 milli\u00f3 Eur\u00f3t.<br \/>\nM\u00e9g 2009-ben 660 munk\u00e1s dolgozott a gy\u00e1rban, most 2011-re ez a sz\u00e1m felugrott 830-ra \u00e9s ezzel el\u00e9rt\u00e9k a 2008-as v\u00e1ls\u00e1g el\u0151tti szintet. Emellett a besz\u00e1ll\u00edt\u00f3kon kereszt\u00fcl 700 embert foglalkoztatnak Mez\u0151k\u00f6vesden is. Diller \u00dar pozit\u00edvan l\u00e1tja a j\u00f6v\u0151t, amelyre megfelel\u0151 szakemberekkel el\u0151 vannak k\u00e9sz\u00fclve.<\/p>\n<p>Forr\u00e1s: <a href=\"http:\/\/egriszin.hu\">Egrisz\u00edn<\/a><\/p>\n<p>&nbsp;<\/p>\n","protected":false},"excerpt":{"rendered":"<p>A ZF Hung\u00e1ria Kft. gazdas\u00e1gi fejl\u0151d\u00e9s\u00e9r\u0151l \u00e9s az \u00faj gener\u00e1ci\u00f3s j\u00f6v\u0151beli terveir\u0151l tartottak ma sajt\u00f3t\u00e1j\u00e9koztat\u00f3t a gy\u00e1r irodah\u00e1z\u00e1ban, ahol bejelentett\u00e9k \u0150szi Csilla \u00fcgyvezet\u0151i kinevez\u00e9s\u00e9t is.<br \/>\nM\u00e9g 1995-ben v\u00e1s\u00e1rolta meg a Csepel Aut\u00f3gy\u00e1rat a ZF Hung\u00e1ria Kft., amely figyelemrem\u00e9lt\u00f3 gy\u00e1rr\u00e1 n\u0151tte ki mag\u00e1t. A ZF-nek saj\u00e1t teszt centruma, fejleszt\u00e9si centruma \u00e9s a ZF csoporton bel\u00fcl saj\u00e1t felel\u0151ss\u00e9gi [&#8230;]<\/p>\n","protected":false},"author":4,"featured_media":0,"comment_status":"open","ping_status":"closed","sticky":false,"template":"","format":"standard","meta":{"footnotes":""},"categories":[6],"tags":[],"class_list":["post-3908","post","type-post","status-publish","format-standard","hentry","category-belfold"],"_links":{"self":[{"href":"https:\/\/www.agriatv.hu\/index.php?rest_route=\/wp\/v2\/posts\/3908","targetHints":{"allow":["GET"]}}],"collection":[{"href":"https:\/\/www.agriatv.hu\/index.php?rest_route=\/wp\/v2\/posts"}],"about":[{"href":"https:\/\/www.agriatv.hu\/index.php?rest_route=\/wp\/v2\/types\/post"}],"author":[{"embeddable":true,"href":"https:\/\/www.agriatv.hu\/index.php?rest_route=\/wp\/v2\/users\/4"}],"replies":[{"embeddable":true,"href":"https:\/\/www.agriatv.hu\/index.php?rest_route=%2Fwp%2Fv2%2Fcomments&post=3908"}],"version-history":[{"count":4,"href":"https:\/\/www.agriatv.hu\/index.php?rest_route=\/wp\/v2\/posts\/3908\/revisions"}],"predecessor-version":[{"id":3919,"href":"https:\/\/www.agriatv.hu\/index.php?rest_route=\/wp\/v2\/posts\/3908\/revisions\/3919"}],"wp:attachment":[{"href":"https:\/\/www.agriatv.hu\/index.php?rest_route=%2Fwp%2Fv2%2Fmedia&parent=3908"}],"wp:term":[{"taxonomy":"category","embeddable":true,"href":"https:\/\/www.agriatv.hu\/index.php?rest_route=%2Fwp%2Fv2%2Fcategories&post=3908"},{"taxonomy":"post_tag","embeddable":true,"href":"https:\/\/www.agriatv.hu\/index.php?rest_route=%2Fwp%2Fv2%2Ftags&post=3908"}],"curies":[{"name":"wp","href":"https:\/\/api.w.org\/{rel}","templated":true}]}}