{"id":391,"date":"2010-07-08T15:04:31","date_gmt":"2010-07-08T15:04:31","guid":{"rendered":"http:\/\/www.agriatv.hu\/?p=391"},"modified":"2010-07-08T15:11:23","modified_gmt":"2010-07-08T15:11:23","slug":"tenyek-vagy-ferditesek","status":"publish","type":"post","link":"https:\/\/www.agriatv.hu\/?p=391","title":{"rendered":"T\u00e9nyek vagy ferd\u00edt\u00e9sek?"},"content":{"rendered":"<p><a href=\"http:\/\/www.google.hu\/imgres?imgurl=http:\/\/index.hu\/cikkepek\/0802\/\/bulvar\/\/eger_markoth.jpg&amp;imgrefurl=http:\/\/index.hu\/bulvar\/bromcian0217\/&amp;usg=__arqpb47ggNkQuETAmAkaTFZlMRU=&amp;h=300&amp;w=450&amp;sz=80&amp;hl=hu&amp;start=1&amp;um=1&amp;itbs=1&amp;tbnid=R1EMqrqaf2mPCM:&amp;tbnh=85&amp;tbnw=127&amp;prev=\/images%3Fq%3Deger%2Bk%C3%B3rh%C3%A1z%26um%3D1%26hl%3Dhu%26sa%3DN%26tbs%3Disch:1\" id=\"apf0\"><img decoding=\"async\" align=\"left\" id=\"ipfR1EMqrqaf2mPCM:\" src=\"http:\/\/t0.gstatic.com\/images?q=tbn:R1EMqrqaf2mPCM:http:\/\/index.hu\/cikkepek\/0802\/\/bulvar\/\/eger_markoth.jpg\" style=\"border: 1px solid rgb(204, 204, 204); padding: 1px; vertical-align: bottom; width: 131px; height: 93px;\" \/><\/a><b>Az eg&eacute;szs&eacute;g&uuml;gyi &aacute;llamtitk&aacute;r el\u0151z\u0151 heti l&aacute;togat&aacute;s&aacute;nak k&ouml;r&uuml;lm&eacute;nyei is ism&eacute;t t&ouml;bb fesz&uuml;lts&eacute;get is a felsz&iacute;nre hoztak a k&oacute;rh&aacute;zv&eacute;d\u0151k &eacute;s az egri Markhot Ferenc K&oacute;rh&aacute;z m&aacute;s &eacute;rdekv&eacute;delmi csoportjai k&ouml;z&ouml;tt. Az int&eacute;zm&eacute;ny vezet&eacute;se szerint a m&eacute;di&aacute;ban megjelent inform&aacute;ci&oacute;k a k&oacute;rh&aacute;zr&oacute;l hamisak, azokat a k&oacute;rh&aacute;zv&eacute;d\u0151k sz&aacute;nd&eacute;kosan elferd&iacute;tett&eacute;k.<\/b><\/p>\n<div align=\"justify\">A Markhot Ferenc K&oacute;rh&aacute;z szakmai &eacute;rdekk&eacute;pviseleteinek &eacute;s &eacute;rdekv&eacute;delmi szervezeteinek vezet\u0151i (Szakmai Vezet\u0151 Test&uuml;let, &Uuml;zemi Tan&aacute;cs, MESZK helyi szervezete, Egri &Aacute;pol&aacute;si Szakszervezet) k&ouml;zlem&eacute;ny&uuml;kben v&aacute;laszolnak az \u0151ket &eacute;rt v&aacute;dakra:<\/p>\n<p>\t<strong>Ferd&iacute;t&eacute;sek helyett t&eacute;nyek az egri Markhot Ferenc k&oacute;rh&aacute;zr&oacute;l<\/strong><\/p>\n<p>\tAz ut&oacute;bbi hetekben a &bdquo;k&oacute;rh&aacute;zv&eacute;d\u0151k&rdquo; r&eacute;sz&eacute;r\u0151l &uacute;jabb t&aacute;mad&aacute;sok &eacute;rt&eacute;k int&eacute;zm&eacute;ny&uuml;nket, val&oacute;tlans&aacute;gok, elferd&iacute;tett, hazug inform&aacute;ci&oacute;k jelentek meg a nyilv&aacute;noss&aacute;g el\u0151tt. A k&ouml;zbizalom, a k&oacute;rh&aacute;z gy&oacute;gy&iacute;t&oacute; tev&eacute;kenys&eacute;g&eacute;be vetett hit megrend&iacute;t&eacute;se f&ouml;lbecs&uuml;lhetetlen k&aacute;rt okozott a k&oacute;rh&aacute;z szolg&aacute;ltat&aacute;sait ig&eacute;nybe vev\u0151k k&ouml;r&eacute;ben.<br \/>\n\tInt&eacute;zm&eacute;ny&uuml;nk vezet&eacute;se &eacute;s &eacute;rdekk&eacute;pviseletei &#8211; az arra kompetensek sz&aacute;m&aacute;ra b&aacute;rmikor hozz&aacute;f&eacute;rhet\u0151 &#8211; adatokkal al&aacute;t&aacute;masztott c&aacute;folat&aacute;t adj&aacute;k a r&aacute;galmaknak, ferd&iacute;t&eacute;seknek &eacute;s a j&ouml;v\u0151ben fell&eacute;pnek minden, a k&oacute;rh&aacute;z j&oacute; h&iacute;rnev&eacute;t csorb&iacute;t&oacute; tev&eacute;kenys&eacute;g ellen.<\/p>\n<p>\t<strong>A p&eacute;nz&uuml;gyi, gazdas&aacute;gi helyzetr\u0151l<\/strong><br \/>\n\tA Markhot Ferenc K&oacute;rh&aacute;z Kft.-nek 2009. augusztus 1-t\u0151l &ndash; folyamatos, szoros gazd&aacute;lkod&aacute;s mellett &#8211; kifizetetlen sz&aacute;ml&aacute;ja nincs, stabil likvidit&aacute;si helyzetben van.<br \/>\n\t160 milli&oacute;s tartal&eacute;kkal rendelkezik az int&eacute;zm&eacute;ny, amib\u0151l 100 milli&oacute;t r&ouml;vid lej&aacute;ratra k&ouml;t&ouml;tt le. V&aacute;ltozatlan finansz&iacute;roz&aacute;s mellett azonban v&aacute;rhat&oacute;an &ndash; hasonl&oacute;an m&aacute;s eg&eacute;szs&eacute;g&uuml;gyi szolg&aacute;ltat&oacute;khoz, de t\u0151l&uuml;k m&eacute;g &iacute;gy is jobb helyzetben &ndash; vesztes&eacute;ggel z&aacute;rja az idei &eacute;vet az egri k&oacute;rh&aacute;z.<\/p>\n<p>\t<strong>K&oacute;rh&aacute;zi m\u0171k&ouml;d&eacute;s<\/strong><br \/>\n\tA K&oacute;rh&aacute;z teljes&iacute;tm&eacute;nyi adatai c&aacute;folj&aacute;k a m&eacute;di&aacute;ban megjelenteket<br \/>\n\tMinden oszt&aacute;ly m\u0171k&ouml;dik, a Kardiol&oacute;gi&aacute;t szem&eacute;lyesen megl&aacute;togatta dr. Sz&oacute;cska Mikl&oacute;s &Aacute;llamtitk&aacute;r &Uacute;r &eacute;s az \u0150t elk&iacute;s&eacute;r\u0151 dr. Habis L&aacute;szl&oacute; Polg&aacute;rmester &Uacute;r is.<br \/>\n\tA fekv\u0151- &eacute;s j&aacute;r&oacute;betegek ell&aacute;t&aacute;sa sor&aacute;n a TB &aacute;ltal biztos&iacute;tott kereteket 100% f&ouml;l&ouml;tt kihaszn&aacute;lja az Int&eacute;zm&eacute;ny, az ell&aacute;t&aacute;sra t&ouml;rt&eacute;n\u0151 el\u0151jegyz&eacute;si id\u0151 n&ouml;veked&eacute;s&eacute;t nem szem&eacute;lyi &eacute;s t&aacute;rgyi felt&eacute;telek, hanem a finansz&iacute;roz&aacute;s hi&aacute;nya okozza. Ez t&eacute;ny minden k&oacute;rh&aacute;z eset&eacute;ben! <br \/>\n\tNem szerencs&eacute;s teh&aacute;t a fenti v&eacute;lt indokok miatt m&aacute;s megye K&oacute;rh&aacute;z&aacute;nak szakrendel&eacute;seit m\u0171k&ouml;dtetni Egerben &eacute;s lej&aacute;rat&oacute; kamp&aacute;nyokat folytatni. Az egy&eacute;bk&eacute;nt szokatlan &eacute;s etikailag kifog&aacute;solhat&oacute; elj&aacute;r&aacute;s, hogy egyik megye ily m&oacute;don avatkozzon be politikailag egy szomsz&eacute;dos megye &eacute;let&eacute;be. Ezek sem r&ouml;vid-, sem hossz&uacute;t&aacute;von nem szolg&aacute;lj&aacute;k a betegell&aacute;t&aacute;s &eacute;rdekeit, viszont az Int&eacute;zm&eacute;ny&uuml;nkh&ouml;z &ouml;nk&eacute;nt, vagy sz&uuml;ks&eacute;gb\u0151l fordul&oacute; betegek bizalm&aacute;t, a szakszem&eacute;lyzetbe vetett hit&eacute;t megrend&iacute;tik,s &iacute;gy a gy&oacute;gyul&aacute;s&aacute;t is k&eacute;sleltetik, akad&aacute;lyozz&aacute;k.<br \/>\n\tA t&ouml;bbsz&ouml;r hangoztatott hazug v&aacute;d szerint emelkedett a hal&aacute;lesetek sz&aacute;ma int&eacute;zm&eacute;ny&uuml;nkben, ezzel szemben a sz&aacute;mok azt mutatj&aacute;k, hogy a hal&aacute;loz&aacute;si ar&aacute;nysz&aacute;m pontosan megegyezik a 2007-2008. azonos id\u0151szak&aacute;val. <\/p>\n<p>\t<strong>Dolgoz&oacute;i l&eacute;tsz&aacute;m<\/strong><br \/>\n\tA jelenlegi dolgoz&oacute;i &ouml;sszl&eacute;tsz&aacute;m 1288 f\u0151, melyb\u0151l orvos 211 f\u0151, nem orvos diplom&aacute;s 11 f\u0151, szakdolgoz&oacute; 893 f\u0151 (ebb\u0151l 94 f\u0151 diplom&aacute;s), egy&eacute;b 173 f\u0151. A folyamatosan meghirdetett &uuml;res &aacute;ll&aacute;shelyekre (m&aacute;s munkahelyre, GYES-re, nyugd&iacute;jba ment dolgoz&oacute;k hely&eacute;re) a p&aacute;ly&aacute;z&oacute;k 35 %-a a 2008-ban a k&oacute;rh&aacute;zb&oacute;l t&aacute;vozottak k&ouml;z&uuml;l ker&uuml;lt ki, az alkalmaz&aacute;sba ker&uuml;lteknek pedig az 56 %-a.<\/p>\n<p>\t<strong>Betegelv&aacute;ndorl&aacute;s<\/strong><br \/>\n\tNem v&aacute;ltozott l&eacute;nyegesen az elv&aacute;ndorolt betegek sz&aacute;ma. Az oly sokat cit&aacute;lt jelent\u0151s betegelv&aacute;ndorl&aacute;s m&aacute;r &eacute;vekkel ezel\u0151tt, pl. 2007-ben is igazolhat&oacute; volt, mely csak 6%-ban t&eacute;r el a megyei k&oacute;rh&aacute;zak orsz&aacute;gos &aacute;tlag&aacute;t&oacute;l.(Orsz&aacute;gos list&aacute;n 6. hely). Ez a sz&aacute;m mag&aacute;ban foglalja a &#8211; progressz&iacute;v ell&aacute;t&aacute;s sz&uuml;ks&eacute;gess&eacute;ge miatt &#8211; tov&aacute;bbk&uuml;ld&ouml;tt betegeket is, hiszen sem pulmonol&oacute;gia, sem mellkasi seb&eacute;szet, vagy invaz&iacute;v kardiol&oacute;gia, sug&aacute;rter&aacute;pia stb. nincs &eacute;s nem is volt k&oacute;rh&aacute;zunkban. Ugyancsak az elv&aacute;ndorl&oacute;k sz&aacute;m&aacute;t n&ouml;velik azok a betegek, akik a f&ouml;ldrajzilag k&ouml;zelebb es\u0151 szomsz&eacute;dos megy&eacute;k k&oacute;rh&aacute;zait veszik ig&eacute;nybe.<br \/>\n\tFontos azonban, hogy ugyan ilyen ar&aacute;nyban l&aacute;tunk el ter&uuml;leten k&iacute;v&uuml;li betegeket, akik a fenti okokon k&iacute;v&uuml;l az int&eacute;zm&eacute;ny&uuml;nkbe m&aacute;s k&oacute;rh&aacute;zakb&oacute;l itt munk&aacute;t v&aacute;llal&oacute; orvosok ut&aacute;n j&ouml;ttek.<br \/>\n\tHangs&uacute;lyozzuk, hogy az Int&eacute;zm&eacute;ny&uuml;nk betegell&aacute;t&aacute;s&aacute;val kapcsolatos adatok az arra jogosultak sz&aacute;m&aacute;ra hozz&aacute;f&eacute;rhet\u0151k, ellen\u0151rizhet\u0151k, hiszen a jelent&eacute;si k&ouml;telezetts&eacute;g&uuml;nknek mindig eleget tesz&uuml;nk.<br \/>\n\tA Markhot Ferenc K&oacute;rh&aacute;z Kft. jelenlegi dolgoz&oacute;inak k&ouml;zrem\u0171k&ouml;d&eacute;s&eacute;vel t&ouml;bb mint 5 milli&aacute;rd Ft-os p&aacute;ly&aacute;zati p&eacute;nzhez juthat az Int&eacute;zm&eacute;ny. Ez a forr&aacute;s hozz&aacute;j&aacute;rul a min\u0151s&eacute;gi betegell&aacute;t&aacute;s fejleszt&eacute;s&eacute;hez, a betegkomfort n&ouml;vel&eacute;s&eacute;hez, &eacute;s a gy&oacute;gy&iacute;t&aacute;s felt&eacute;teleinek jav&iacute;t&aacute;s&aacute;hoz.<br \/>\n\tM&iacute;g m&aacute;s, hasonl&oacute; p&aacute;ly&aacute;zatot nyert v&aacute;rosokban sikerk&eacute;nt k&ouml;nyvelt&eacute;k el a megkapott forr&aacute;sokat, f&uuml;ggetlen&uuml;l att&oacute;l, hogy milyen politikai k&ouml;rnyezetben nyert&eacute;k meg azt, sajn&aacute;latos m&oacute;don v&aacute;rosunkban ezt a sikert megk&eacute;rd\u0151jelezik. <br \/>\n\tRem&eacute;lj&uuml;k, hogy jelen, t&eacute;nyeken alapul&oacute; t&aacute;j&eacute;koztat&oacute;nk eloszlatja azokat a bizonytalans&aacute;gokat &eacute;s k&eacute;telyeket, melyek nemcsak az itt dolgoz&oacute;k, hanem az itt ell&aacute;tott betegek &eacute;rdekeit is s&eacute;rtik. B&iacute;zunk benne, hogy a j&ouml;v\u0151ben nyugodt k&ouml;r&uuml;lm&eacute;nyek k&ouml;z&ouml;tt folytathatjuk betegeink gy&oacute;gy&iacute;t&aacute;s&aacute;t.&nbsp;&nbsp; &nbsp;<\/p>\n<p>\tEger,2010. j&uacute;lius 8.<\/p><\/div>\n<div align=\"justify\">&nbsp;<\/div>\n<div align=\"justify\">Forr&aacute;s: Egrisz&iacute;n<\/div>\n","protected":false},"excerpt":{"rendered":"<p>Az eg&eacute;szs&eacute;g&uuml;gyi &aacute;llamtitk&aacute;r el\u0151z\u0151 heti l&aacute;togat&aacute;s&aacute;nak k&ouml;r&uuml;lm&eacute;nyei is ism&eacute;t t&ouml;bb fesz&uuml;lts&eacute;get is a felsz&iacute;nre hoztak a k&oacute;rh&aacute;zv&eacute;d\u0151k &eacute;s az egri Markhot Ferenc K&oacute;rh&aacute;z m&aacute;s &eacute;rdekv&eacute;delmi csoportjai k&ouml;z&ouml;tt. Az int&eacute;zm&eacute;ny vezet&eacute;se szerint a m&eacute;di&aacute;ban megjelent inform&aacute;ci&oacute;k a k&oacute;rh&aacute;zr&oacute;l hamisak, azokat a k&oacute;rh&aacute;zv&eacute;d\u0151k sz&aacute;nd&eacute;kosan elferd&iacute;tett&eacute;k.<br \/>\nA Markhot Ferenc K&oacute;rh&aacute;z szakmai &eacute;rdekk&eacute;pviseleteinek &eacute;s &eacute;rdekv&eacute;delmi szervezeteinek vezet\u0151i (Szakmai Vezet\u0151 Test&uuml;let, [&#8230;]<\/p>\n","protected":false},"author":4,"featured_media":0,"comment_status":"closed","ping_status":"closed","sticky":false,"template":"","format":"standard","meta":{"footnotes":""},"categories":[6],"tags":[],"class_list":["post-391","post","type-post","status-publish","format-standard","hentry","category-belfold"],"_links":{"self":[{"href":"https:\/\/www.agriatv.hu\/index.php?rest_route=\/wp\/v2\/posts\/391","targetHints":{"allow":["GET"]}}],"collection":[{"href":"https:\/\/www.agriatv.hu\/index.php?rest_route=\/wp\/v2\/posts"}],"about":[{"href":"https:\/\/www.agriatv.hu\/index.php?rest_route=\/wp\/v2\/types\/post"}],"author":[{"embeddable":true,"href":"https:\/\/www.agriatv.hu\/index.php?rest_route=\/wp\/v2\/users\/4"}],"replies":[{"embeddable":true,"href":"https:\/\/www.agriatv.hu\/index.php?rest_route=%2Fwp%2Fv2%2Fcomments&post=391"}],"version-history":[{"count":2,"href":"https:\/\/www.agriatv.hu\/index.php?rest_route=\/wp\/v2\/posts\/391\/revisions"}],"predecessor-version":[{"id":401,"href":"https:\/\/www.agriatv.hu\/index.php?rest_route=\/wp\/v2\/posts\/391\/revisions\/401"}],"wp:attachment":[{"href":"https:\/\/www.agriatv.hu\/index.php?rest_route=%2Fwp%2Fv2%2Fmedia&parent=391"}],"wp:term":[{"taxonomy":"category","embeddable":true,"href":"https:\/\/www.agriatv.hu\/index.php?rest_route=%2Fwp%2Fv2%2Fcategories&post=391"},{"taxonomy":"post_tag","embeddable":true,"href":"https:\/\/www.agriatv.hu\/index.php?rest_route=%2Fwp%2Fv2%2Ftags&post=391"}],"curies":[{"name":"wp","href":"https:\/\/api.w.org\/{rel}","templated":true}]}}