{"id":3911,"date":"2011-04-07T17:48:36","date_gmt":"2011-04-07T17:48:36","guid":{"rendered":"http:\/\/www.agriatv.hu\/?p=3911"},"modified":"2011-04-07T17:48:36","modified_gmt":"2011-04-07T17:48:36","slug":"afrika-hangjai-es-a-kerekes-az-ethno-funk-fesztivalon","status":"publish","type":"post","link":"https:\/\/www.agriatv.hu\/?p=3911","title":{"rendered":"Afrika hangjai \u00e9s a Kerekes az Ethno Funk Fesztiv\u00e1lon"},"content":{"rendered":"<p><span class=\"rg_ctlv\"><a id=\"rg_hl\" class=\"rg_hl\" href=\"http:\/\/www.google.hu\/imgres?q=oleku+band&amp;um=1&amp;hl=hu&amp;sa=N&amp;biw=1157&amp;bih=598&amp;tbm=isch&amp;tbnid=Y7Bcb1idbTcLdM:&amp;imgrefurl=http:\/\/hangtarnok.klog.hu\/2011\/04\/04\/afrika-hangjai\/&amp;ei=YvmdTfHGDcmytAbf7JSnBA&amp;zoom=1&amp;iact=hc&amp;vpx=711&amp;vpy=80&amp;dur=294&amp;hovh=194&amp;hovw=259&amp;tx=137&amp;ty=92&amp;oei=YvmdTfHGDcmytAbf7JSnBA&amp;page=1&amp;tbnh=136&amp;tbnw=186&amp;start=0&amp;ndsp=17&amp;ved=1t:429,r:3,s:0\"><img loading=\"lazy\" decoding=\"async\" id=\"rg_hi\" class=\"rg_hi alignleft\" src=\"http:\/\/t0.gstatic.com\/images?q=tbn:ANd9GcTXG2uKfsczrVU-DAZS0V1Ktnr4o6XZQtdKQWxYeVqebMuokWn6\" alt=\"\" width=\"106\" height=\"79\" \/><\/a><\/span><strong>A k\u00e9tnapos Ethno Funk Fesztiv\u00e1l legk\u00fcl\u00f6nlegesebb el\u0151ad\u00e1s\u00e1n a Nig\u00e9ri\u00e1b\u00f3l Egerbe l\u00e1togat\u00f3 Oleku Band \u00e9s a 15 \u00e9ves Kerekes Band jubileumi koncertj\u00e9n tombolt a k\u00f6z\u00f6ns\u00e9g szombat este a Hotel Egerben.<\/strong><\/p>\n<p>N\u00e9h\u00e1ny \u00f3r\u00e1ra a Hotel Egerbe k\u00f6lt\u00f6z\u00f6tt Afrika hangulata szombaton. Hat nig\u00e9riai muzsikus, azaz az Oleku Band cs\u00e1b\u00edtotta t\u00e1ncra a k\u00f6z\u00f6ns\u00e9get, az egy\u00e9bk\u00e9nt koncertekre is kiv\u00e1l\u00f3an alkalmas konferencia teremben. Igaz a rendez\u0151k a hely szellem\u00e9t tiszteletben tartva \u00fcl\u0151 koncertre sz\u00e1m\u00edtottak, \u00e1m sok lelkes fiatal engedve a fekete kontinens cs\u00e1b\u00edt\u00e1s\u00e1nak, lelkesen \u00e1tadta mag\u00e1t a l\u00fcktet\u0151 ritmusoknak.<\/p>\n<p>Az afrobeat \u00e9s highlife st\u00edlust k\u00e9pvisel\u0151 vil\u00e1gzenei csapat m\u00e9lyr\u0151l j\u00f6v\u0151 \u00f6r\u00f6m\u00f6t hozott a fesztiv\u00e1lra, melynek k\u00f6z\u00f6ns\u00e9ge a m\u00e1sodik napon is nagyra \u00e9rt\u00e9kelte a k\u00fcl\u00f6nleges muzsik\u00e1t. Nem lehetett \u00fclve maradni a hangok hallat\u00e1n, s a felszabadult lelkek megtanulhattak n\u00e9h\u00e1ny eredeti t\u00e1ncl\u00e9p\u00e9st a koncert alatt. Aki esetleg lemaradt a bulir\u00f3l, az meghallgathatja az Oleku Band lemez\u00e9t a zenei K\u00f6nyvt\u00e1rban.<\/p>\n<p>A nig\u00e9riai zenekar hossz\u00fa t\u00e9m\u00e1kkal, h\u00f6mp\u00f6lyg\u0151 ritmusokkal, jazz-rockos f\u00fav\u00f3s bet\u00e9tekkel bomb\u00e1zta a f\u00fcleket. Nem csoda, hogy az id\u0151 oly \u00e9szrev\u00e9tlen\u00fcl szaladt el az \u00f6nfeledt mulatoz\u00e1s k\u00f6zben. A r\u00e9v\u00fcletb\u0151l felocs\u00fadva hamarosan m\u00e1r a leg\u00fajabb lemez\u00e9re k\u00e9sz\u00fcl\u0151 Kerekes Band<\/p>\n<p>m\u00e1sf\u00e9l \u00e9vtizedes t\u00f6rt\u00e9net\u00e9nek jubileumi \u00fcnneps\u00e9g\u00e9be cs\u00f6ppent a koncertl\u00e1togat\u00f3, melyen hangok \u00e9s f\u00e9nyek orgi\u00e1ja k\u00e1pr\u00e1ztatta az eleinte itt is \u00fcl\u00e9sre k\u00e1rhoztatottakat.<\/p>\n<p>A fesztiv\u00e1l z\u00e1r\u00e1s\u00e1ra id\u0151z\u00edtett koncerten vibr\u00e1l\u00f3 f\u00e9nyek k\u00f6z\u00f6tt, sz\u00ednes k\u00f6d\u00f6kb\u0151l bukkant el\u0151 a cs\u00e1ng\u00f3 boogie \u00e9s a n\u00e9vad\u00f3 ethno funk, ami szint\u00e9n er5\u0151teljesen megmozgatta v\u00e9gtagokat, m\u00e1r nem csak a sz\u00ednpad mellett.<\/p>\n<p>Az ut\u00f3bbi \u00e9vek egyik legsikeresebb hazai vil\u00e1gzenei band\u00e1j\u00e1nak zen\u00e9je l\u00e9p\u00e9sr\u0151l l\u00e9p\u00e9sre nyerte el mai form\u00e1j\u00e1t, \u00e9s a jelek szerint nincs meg\u00e1ll\u00e1s, tov\u00e1bb halad az elektronika \u00e9s a hagyom\u00e1ny mezsgy\u00e9j\u00e9n. A folkl\u00f3r elemei k\u00f6z\u00fcl nemcsak a hazai ihlet\u00e9s\u00e9rt hajolnak le az egri bety\u00e1rok, a t\u00e1gul\u00f3 k\u00f6rben a rock and roll, a blues, a funk \u00e9s egyre ink\u00e1bb a modern elektronikus ir\u00e1nyzatok is teret nyernek mindama kell\u00e9kkel egy\u00fctt, ami a st\u00edlus jegyet er\u0151s\u00edti.<\/p>\n<p>A 15. \u00e9vfordul\u00f3n szt\u00e1rvend\u00e9gk\u00e9nt a funk zene egyik hazai emblematikus figur\u00e1ja, P\u00e9ly Barna er\u0151s\u00edtette a csapatot a sz\u00ednpadon.<\/p>\n<p>Az Ethno Funk Fesztiv\u00e1l, m\u00e9g ha egyfajta r\u00e9tegig\u00e9nynek t\u0171nhet els\u0151 nekifut\u00e1sra, v\u00e9gre hozott egy kis pezsg\u00e9st a v\u00e1rosban. J\u00f3 volt l\u00e1tni a Bartakovicsban ny\u00fczsg\u0151, s a Hotel Egerben fesztelen\u00fcl t\u00e1ncol\u00f3 fiatalokat. \u00c9s a fesztelen zen\u00e9szeket, amint elmer\u00fclnek a hangok m\u00e1mor\u00edt\u00f3 tenger\u00e9ben, mik\u00f6zben persze m\u00e1s rendezv\u00e9nyek, az Eger Rally mellett k\u00f6nny\u0171zenei koncertek is zajlottak p\u00e1rhuzamosan. Az sem lenne baj, ha a szervez\u00e9st egyeztetve nem zs\u00fafoln\u00e1k egyetlen h\u00e9tv\u00e9g\u00e9re ezeket a bulikat.<\/p>\n<p>Holl\u00f3 Mikl\u00f3s<\/p>\n","protected":false},"excerpt":{"rendered":"<p>A k\u00e9tnapos Ethno Funk Fesztiv\u00e1l legk\u00fcl\u00f6nlegesebb el\u0151ad\u00e1s\u00e1n a Nig\u00e9ri\u00e1b\u00f3l Egerbe l\u00e1togat\u00f3 Oleku Band \u00e9s a 15 \u00e9ves Kerekes Band jubileumi koncertj\u00e9n tombolt a k\u00f6z\u00f6ns\u00e9g szombat este a Hotel Egerben.<br \/>\nN\u00e9h\u00e1ny \u00f3r\u00e1ra a Hotel Egerbe k\u00f6lt\u00f6z\u00f6tt Afrika hangulata szombaton. Hat nig\u00e9riai muzsikus, azaz az Oleku Band cs\u00e1b\u00edtotta t\u00e1ncra a k\u00f6z\u00f6ns\u00e9get, az egy\u00e9bk\u00e9nt koncertekre is kiv\u00e1l\u00f3an alkalmas konferencia [&#8230;]<\/p>\n","protected":false},"author":4,"featured_media":0,"comment_status":"open","ping_status":"closed","sticky":false,"template":"","format":"standard","meta":{"footnotes":""},"categories":[8,4],"tags":[],"class_list":["post-3911","post","type-post","status-publish","format-standard","hentry","category-kultura","category-szabadido"],"_links":{"self":[{"href":"https:\/\/www.agriatv.hu\/index.php?rest_route=\/wp\/v2\/posts\/3911","targetHints":{"allow":["GET"]}}],"collection":[{"href":"https:\/\/www.agriatv.hu\/index.php?rest_route=\/wp\/v2\/posts"}],"about":[{"href":"https:\/\/www.agriatv.hu\/index.php?rest_route=\/wp\/v2\/types\/post"}],"author":[{"embeddable":true,"href":"https:\/\/www.agriatv.hu\/index.php?rest_route=\/wp\/v2\/users\/4"}],"replies":[{"embeddable":true,"href":"https:\/\/www.agriatv.hu\/index.php?rest_route=%2Fwp%2Fv2%2Fcomments&post=3911"}],"version-history":[{"count":3,"href":"https:\/\/www.agriatv.hu\/index.php?rest_route=\/wp\/v2\/posts\/3911\/revisions"}],"predecessor-version":[{"id":3914,"href":"https:\/\/www.agriatv.hu\/index.php?rest_route=\/wp\/v2\/posts\/3911\/revisions\/3914"}],"wp:attachment":[{"href":"https:\/\/www.agriatv.hu\/index.php?rest_route=%2Fwp%2Fv2%2Fmedia&parent=3911"}],"wp:term":[{"taxonomy":"category","embeddable":true,"href":"https:\/\/www.agriatv.hu\/index.php?rest_route=%2Fwp%2Fv2%2Fcategories&post=3911"},{"taxonomy":"post_tag","embeddable":true,"href":"https:\/\/www.agriatv.hu\/index.php?rest_route=%2Fwp%2Fv2%2Ftags&post=3911"}],"curies":[{"name":"wp","href":"https:\/\/api.w.org\/{rel}","templated":true}]}}