{"id":3915,"date":"2011-04-07T19:02:33","date_gmt":"2011-04-07T19:02:33","guid":{"rendered":"http:\/\/www.agriatv.hu\/?p=3915"},"modified":"2011-04-07T19:07:24","modified_gmt":"2011-04-07T19:07:24","slug":"vilagkoruli-verseny-a-balassiban","status":"publish","type":"post","link":"https:\/\/www.agriatv.hu\/?p=3915","title":{"rendered":"Vil\u00e1gk\u00f6r\u00fcli verseny a Balassiban"},"content":{"rendered":"<p><a href=\"https:\/\/www.agriatv.hu\/wp-content\/uploads\/2011\/04\/0407balassi_V.jpg\"><img loading=\"lazy\" decoding=\"async\" class=\"alignleft size-medium wp-image-3920\" title=\"0407balassi_V\" src=\"https:\/\/www.agriatv.hu\/wp-content\/uploads\/2011\/04\/0407balassi_V-300x240.jpg\" alt=\"\" width=\"129\" height=\"89\" \/><\/a>Eur\u00f3pai Uni\u00f3s P\u00e1ly\u00e1zat keret\u00e9ben, Uni\u00f3s tanterem \u00e1tad\u00e1s\u00e1ra k\u00e9sz\u00fcl a F\u00c1IESZ Balassi B\u00e1lint Tagiskol\u00e1ja. Az \u00e1tad\u00e1st egy t\u00f6bb h\u00f3napos \u201eel\u0151k\u00e9sz\u00edt\u0151 \u2013r\u00e1hangol\u00f3 id\u0151szak\u201d el\u0151zte meg ki\u00e1ll\u00edt\u00e1ssal, rajzp\u00e1ly\u00e1zatokkal. A tavaszi programban\u00a0 egy t\u00f6bb fordul\u00f3b\u00f3l \u00e1ll\u00f3\u00a0 j\u00e1t\u00e9kos vet\u00e9lked\u0151 lebonyol\u00edt\u00e1sa szerepel \u00a0az Amazing Race telev\u00edzi\u00f3s vet\u00e9lked\u0151 mint\u00e1j\u00e1ra. A Balassiban \u00e9s k\u00f6rny\u00e9k\u00e9n lezajl\u00f3\u00a0 versenyfut\u00e1s 2 \u00a0fordul\u00f3b\u00f3l \u00e1ll \u00e9s 2 f\u0151s csapatok indulnak, a feladatok az EU tag\u00e1llamokkal kapcsolatosak.\u00a0 Az id\u0151re t\u00f6rt\u00e9n\u0151 j\u00e1t\u00e9kos \u00fcgyess\u00e9gi \u00a0verseny\u00a0 mind a gyerekek mind a szervez\u0151 pedag\u00f3gusok k\u00f6r\u00e9ben nagy sikert aratott. A\u00a0 j\u00e1t\u00e9k c\u00e9lja az \u00f6nfeledt sz\u00f3rakoz\u00e1s, \u00e9s egy kicsit a verseng\u00e9s is. A f\u0151d\u00edjjal, nyertesekkel kapcsolatban a verseny lez\u00e1r\u00e1s\u00e1ig lehet izgulni.<div class=\"wordtube\">\n<div class=\"wordtube single256\" id=\"WT1_1\" style=\"width:320px; height:240px;\">\n<a href=\"http:\/\/www.macromedia.com\/go\/getflashplayer\">Get the Flash Player<\/a> to see the wordTube Media Player.\n<\/div><\/div>\n\t<script type=\"text\/javascript\" defer=\"defer\">\nvar WT1_1 = {\n\tparams : {\n\t\twmode : \"opaque\",\n\t\tallowscriptaccess : \"always\",\n\t\tallownetworking : \"all\",\n\t\tallowfullscreen : \"true\"},\n\tflashvars : {\n\t\tfile : \"http%3A%2F%2Fwww.agriatv.hu%2Fwp-content%2Fuploads%2F2011%2F04%2F0407balassi.flv\",\n\t\tvolume : \"80\",\n\t\tbufferlength : \"5\",\n\t\tquality : \"false\",\n\t\t'logo.hide' : \"false\",\n\t\timage : \"http%3A%2F%2Fwww.agriatv.hu%2Fwp-content%2Fuploads%2F2011%2F04%2F0407balassi.jpg\",\n\t\ttitle : \"0407balassi.flv\",\n\t\tlinktarget : \"_self\"},\n\tattr : {\n\t\tid : \"WT1\",\n\t\tname : \"WT1\"},\n\tstart : function() {\n\t\tswfobject.embedSWF(\"https:\/\/www.agriatv.hu\/\/player.swf\", \"WT1_1\", \"320\", \"240\", \"9.0.0\", false, this.flashvars, this.params , this.attr );\n\t}\n}\nWT1_1.start();\n\t<\/script>\n<\/p>\n<p>&nbsp;<\/p>\n","protected":false},"excerpt":{"rendered":"<p>Eur\u00f3pai Uni\u00f3s P\u00e1ly\u00e1zat keret\u00e9ben, Uni\u00f3s tanterem \u00e1tad\u00e1s\u00e1ra k\u00e9sz\u00fcl a F\u00c1IESZ Balassi B\u00e1lint Tagiskol\u00e1ja. Az \u00e1tad\u00e1st egy t\u00f6bb h\u00f3napos \u201eel\u0151k\u00e9sz\u00edt\u0151 \u2013r\u00e1hangol\u00f3 id\u0151szak\u201d el\u0151zte meg ki\u00e1ll\u00edt\u00e1ssal, rajzp\u00e1ly\u00e1zatokkal. A tavaszi programban\u00a0 egy t\u00f6bb fordul\u00f3b\u00f3l \u00e1ll\u00f3\u00a0 j\u00e1t\u00e9kos vet\u00e9lked\u0151 lebonyol\u00edt\u00e1sa szerepel \u00a0az Amazing Race telev\u00edzi\u00f3s vet\u00e9lked\u0151 mint\u00e1j\u00e1ra. A Balassiban \u00e9s k\u00f6rny\u00e9k\u00e9n lezajl\u00f3\u00a0 versenyfut\u00e1s 2 \u00a0fordul\u00f3b\u00f3l \u00e1ll \u00e9s 2 f\u0151s csapatok [&#8230;]<\/p>\n","protected":false},"author":4,"featured_media":0,"comment_status":"open","ping_status":"closed","sticky":false,"template":"","format":"standard","meta":{"footnotes":""},"categories":[9,4],"tags":[],"class_list":["post-3915","post","type-post","status-publish","format-standard","hentry","category-oktatas","category-szabadido"],"_links":{"self":[{"href":"https:\/\/www.agriatv.hu\/index.php?rest_route=\/wp\/v2\/posts\/3915","targetHints":{"allow":["GET"]}}],"collection":[{"href":"https:\/\/www.agriatv.hu\/index.php?rest_route=\/wp\/v2\/posts"}],"about":[{"href":"https:\/\/www.agriatv.hu\/index.php?rest_route=\/wp\/v2\/types\/post"}],"author":[{"embeddable":true,"href":"https:\/\/www.agriatv.hu\/index.php?rest_route=\/wp\/v2\/users\/4"}],"replies":[{"embeddable":true,"href":"https:\/\/www.agriatv.hu\/index.php?rest_route=%2Fwp%2Fv2%2Fcomments&post=3915"}],"version-history":[{"count":4,"href":"https:\/\/www.agriatv.hu\/index.php?rest_route=\/wp\/v2\/posts\/3915\/revisions"}],"predecessor-version":[{"id":3923,"href":"https:\/\/www.agriatv.hu\/index.php?rest_route=\/wp\/v2\/posts\/3915\/revisions\/3923"}],"wp:attachment":[{"href":"https:\/\/www.agriatv.hu\/index.php?rest_route=%2Fwp%2Fv2%2Fmedia&parent=3915"}],"wp:term":[{"taxonomy":"category","embeddable":true,"href":"https:\/\/www.agriatv.hu\/index.php?rest_route=%2Fwp%2Fv2%2Fcategories&post=3915"},{"taxonomy":"post_tag","embeddable":true,"href":"https:\/\/www.agriatv.hu\/index.php?rest_route=%2Fwp%2Fv2%2Ftags&post=3915"}],"curies":[{"name":"wp","href":"https:\/\/api.w.org\/{rel}","templated":true}]}}