{"id":3924,"date":"2011-04-08T12:15:06","date_gmt":"2011-04-08T12:15:06","guid":{"rendered":"http:\/\/www.agriatv.hu\/?p=3924"},"modified":"2011-04-08T12:15:29","modified_gmt":"2011-04-08T12:15:29","slug":"ismet-baleset-tortent-eger-es-kerecsend-kozott","status":"publish","type":"post","link":"https:\/\/www.agriatv.hu\/?p=3924","title":{"rendered":"Ism\u00e9t baleset t\u00f6rt\u00e9nt Eger \u00e9s Kerecsend k\u00f6z\u00f6tt"},"content":{"rendered":"<p><a href=\"https:\/\/www.agriatv.hu\/wp-content\/uploads\/2011\/04\/0408baleset_V.jpg\"><img loading=\"lazy\" decoding=\"async\" class=\"alignleft size-medium wp-image-3926\" title=\"0408baleset_V\" src=\"https:\/\/www.agriatv.hu\/wp-content\/uploads\/2011\/04\/0408baleset_V-300x240.jpg\" alt=\"\" width=\"143\" height=\"114\" srcset=\"https:\/\/www.agriatv.hu\/wp-content\/uploads\/2011\/04\/0408baleset_V-300x240.jpg 300w, https:\/\/www.agriatv.hu\/wp-content\/uploads\/2011\/04\/0408baleset_V.jpg 720w\" sizes=\"auto, (max-width: 143px) 100vw, 143px\" \/><\/a>Baleset t\u00f6rt\u00e9nt d\u00e9l k\u00f6r\u00fcl a 25-\u00f6s f\u0151\u00fat, Eger-Kerecsend k\u00f6z\u00f6tti szakasz\u00e1n. A Kerecsend fel\u00e9 k\u00f6zleked\u0151 g\u00e9pkocsi vezet\u0151je val\u00f3sz\u00edn\u0171leg rosszul lett, elvesztette uralm\u00e1t a kocsi felett \u00e9s kisodr\u00f3dott, az \u00e1rok fal\u00e1nak \u00fctk\u00f6z\u00f6tt, ahol megp\u00f6rd\u00fclt.<\/p>\n<p>A vezet\u0151 egyed\u00fcl utazott, \u0151t s\u00falyos s\u00e9r\u00fcl\u00e9sekkel sz\u00e1ll\u00edtott\u00e1k a ment\u0151k k\u00f3rh\u00e1zba.<\/p>\n<p>A helysz\u00ednel\u00e9s idej\u00e9re lez\u00e1rt\u00e1k a f\u00e9lp\u00e1ly\u00e1t. A baleset k\u00f6r\u00fclm\u00e9nyeit a Rend\u0151rs\u00e9g vizsg\u00e1lja.<div class=\"wordtube\">\n<div class=\"wordtube single257\" id=\"WT1_1\" style=\"width:320px; height:240px;\">\n<a href=\"http:\/\/www.macromedia.com\/go\/getflashplayer\">Get the Flash Player<\/a> to see the wordTube Media Player.\n<\/div><\/div>\n\t<script type=\"text\/javascript\" defer=\"defer\">\nvar WT1_1 = {\n\tparams : {\n\t\twmode : \"opaque\",\n\t\tallowscriptaccess : \"always\",\n\t\tallownetworking : \"all\",\n\t\tallowfullscreen : \"true\"},\n\tflashvars : {\n\t\tfile : \"http%3A%2F%2Fwww.agriatv.hu%2Fwp-content%2Fuploads%2F2011%2F04%2F0408baleset.flv\",\n\t\tvolume : \"80\",\n\t\tbufferlength : \"5\",\n\t\tquality : \"false\",\n\t\t'logo.hide' : \"false\",\n\t\timage : \"http%3A%2F%2Fwww.agriatv.hu%2Fwp-content%2Fuploads%2F2011%2F04%2F0408baleset.jpg\",\n\t\ttitle : \"0408baleset.flv\",\n\t\tlinktarget : \"_self\"},\n\tattr : {\n\t\tid : \"WT1\",\n\t\tname : \"WT1\"},\n\tstart : function() {\n\t\tswfobject.embedSWF(\"https:\/\/www.agriatv.hu\/\/player.swf\", \"WT1_1\", \"320\", \"240\", \"9.0.0\", false, this.flashvars, this.params , this.attr );\n\t}\n}\nWT1_1.start();\n\t<\/script>\n<\/p>\n","protected":false},"excerpt":{"rendered":"<p>Baleset t\u00f6rt\u00e9nt d\u00e9l k\u00f6r\u00fcl a 25-\u00f6s f\u0151\u00fat, Eger-Kerecsend k\u00f6z\u00f6tti szakasz\u00e1n. A Kerecsend fel\u00e9 k\u00f6zleked\u0151 g\u00e9pkocsi vezet\u0151je val\u00f3sz\u00edn\u0171leg rosszul lett, elvesztette uralm\u00e1t a kocsi felett \u00e9s kisodr\u00f3dott, az \u00e1rok fal\u00e1nak \u00fctk\u00f6z\u00f6tt, ahol megp\u00f6rd\u00fclt.<br \/>\nA vezet\u0151 egyed\u00fcl utazott, \u0151t s\u00falyos s\u00e9r\u00fcl\u00e9sekkel sz\u00e1ll\u00edtott\u00e1k a ment\u0151k k\u00f3rh\u00e1zba.<br \/>\nA helysz\u00ednel\u00e9s idej\u00e9re lez\u00e1rt\u00e1k a f\u00e9lp\u00e1ly\u00e1t. A baleset k\u00f6r\u00fclm\u00e9nyeit a Rend\u0151rs\u00e9g vizsg\u00e1lja.<\/p>\n","protected":false},"author":4,"featured_media":0,"comment_status":"open","ping_status":"closed","sticky":false,"template":"","format":"standard","meta":{"footnotes":""},"categories":[5],"tags":[],"class_list":["post-3924","post","type-post","status-publish","format-standard","hentry","category-kek-hirek"],"_links":{"self":[{"href":"https:\/\/www.agriatv.hu\/index.php?rest_route=\/wp\/v2\/posts\/3924","targetHints":{"allow":["GET"]}}],"collection":[{"href":"https:\/\/www.agriatv.hu\/index.php?rest_route=\/wp\/v2\/posts"}],"about":[{"href":"https:\/\/www.agriatv.hu\/index.php?rest_route=\/wp\/v2\/types\/post"}],"author":[{"embeddable":true,"href":"https:\/\/www.agriatv.hu\/index.php?rest_route=\/wp\/v2\/users\/4"}],"replies":[{"embeddable":true,"href":"https:\/\/www.agriatv.hu\/index.php?rest_route=%2Fwp%2Fv2%2Fcomments&post=3924"}],"version-history":[{"count":3,"href":"https:\/\/www.agriatv.hu\/index.php?rest_route=\/wp\/v2\/posts\/3924\/revisions"}],"predecessor-version":[{"id":3928,"href":"https:\/\/www.agriatv.hu\/index.php?rest_route=\/wp\/v2\/posts\/3924\/revisions\/3928"}],"wp:attachment":[{"href":"https:\/\/www.agriatv.hu\/index.php?rest_route=%2Fwp%2Fv2%2Fmedia&parent=3924"}],"wp:term":[{"taxonomy":"category","embeddable":true,"href":"https:\/\/www.agriatv.hu\/index.php?rest_route=%2Fwp%2Fv2%2Fcategories&post=3924"},{"taxonomy":"post_tag","embeddable":true,"href":"https:\/\/www.agriatv.hu\/index.php?rest_route=%2Fwp%2Fv2%2Ftags&post=3924"}],"curies":[{"name":"wp","href":"https:\/\/api.w.org\/{rel}","templated":true}]}}