{"id":3930,"date":"2011-04-09T17:49:14","date_gmt":"2011-04-09T17:49:14","guid":{"rendered":"http:\/\/www.agriatv.hu\/?p=3930"},"modified":"2011-04-09T17:49:14","modified_gmt":"2011-04-09T17:49:14","slug":"folk-and-rock","status":"publish","type":"post","link":"https:\/\/www.agriatv.hu\/?p=3930","title":{"rendered":"Folk and rock"},"content":{"rendered":"<p><strong><a href=\"https:\/\/www.agriatv.hu\/wp-content\/uploads\/2011\/04\/3.jpg\"><img loading=\"lazy\" decoding=\"async\" class=\"alignleft size-medium wp-image-3931\" title=\"3\" src=\"https:\/\/www.agriatv.hu\/wp-content\/uploads\/2011\/04\/3-300x139.jpg\" alt=\"\" width=\"186\" height=\"86\" srcset=\"https:\/\/www.agriatv.hu\/wp-content\/uploads\/2011\/04\/3-300x139.jpg 300w, https:\/\/www.agriatv.hu\/wp-content\/uploads\/2011\/04\/3.jpg 400w\" sizes=\"auto, (max-width: 186px) 100vw, 186px\" \/><\/a>Telth\u00e1z el\u0151tt adott nagy siker\u0171 koncertet a Cs\u00edk zenekar, valamint Ferenczi Gy\u00f6rgy \u00e9s a Rackajam vas\u00e1rnap este, a Hotel Egerben. A Tavaszi Fesztiv\u00e1l z\u00e1r\u00f3akkordjak\u00e9nt megrendezett esem\u00e9nyen a hazai folk szt\u00e1rjai k\u00f6z\u00f6s produkci\u00f3j\u00e1ban a zen\u00e9szek mellett a magyar n\u00e9pzene, a rhythm and blues, a funky, a rock \u00e9s a jazz elemei adtak egym\u00e1snak randev\u00fat.<\/strong><\/p>\n<p>Imm\u00e1r tizenegyedik alkalommal rendezt\u00e9k meg a Tavaszi Fesztiv\u00e1lt m\u00e1rcius 15. \u00e9s \u00e1prilis 3. k\u00f6z\u00f6tt Egerben. Az \u00f6sszm\u0171v\u00e9szeti fesztiv\u00e1lon egyar\u00e1nt helyet kapott a komoly- \u00e9s k\u00f6nny\u0171 zene, dr\u00e1ma \u00e9s t\u00f6rt\u00e9nelmi j\u00e1t\u00e9k, \u00e9nekverseny. Az esem\u00e9nysorozat z\u00e1r\u00e1sak\u00e9nt az ut\u00f3bbi \u00e9vekben szinte minden koroszt\u00e1ly k\u00f6r\u00e9ben n\u00e9pszer\u0171 Cs\u00edk zenekart l\u00e1thatta a k\u00f6z\u00f6ns\u00e9g, m\u00e9ghozz\u00e1 a sz\u00e1jharmonik\u00e1s Ferenczi Gy\u00f6rgy band\u00e1j\u00e1val a Rackajammel kar\u00f6ltve, a Hotel Eger Konferencia term\u00e9ben.<\/p>\n<p><a href=\"https:\/\/www.agriatv.hu\/wp-content\/uploads\/2011\/04\/5.jpg\"><img loading=\"lazy\" decoding=\"async\" class=\"alignleft size-medium wp-image-3932\" title=\"5\" src=\"https:\/\/www.agriatv.hu\/wp-content\/uploads\/2011\/04\/5-300x144.jpg\" alt=\"\" width=\"300\" height=\"144\" srcset=\"https:\/\/www.agriatv.hu\/wp-content\/uploads\/2011\/04\/5-300x144.jpg 300w, https:\/\/www.agriatv.hu\/wp-content\/uploads\/2011\/04\/5.jpg 400w\" sizes=\"auto, (max-width: 300px) 100vw, 300px\" \/><\/a>A \u201eN\u00e9pzen\u00e9t\u0151l a rock and roll forradalomig\u201d c\u00edm\u0171 el\u0151ad\u00e1son a k\u00e9t zenekar megsz\u00e1ml\u00e1lhatatlan hangszerrel foglalt helyet a sz\u00ednpadon, mik\u00f6zben a megsz\u00e1ml\u00e1lhatatlan k\u00f6z\u00f6ns\u00e9g minden helyet elfoglalt a n\u00e9z\u0151t\u00e9ren.<\/p>\n<p>A koncert szellem\u00e9t a Little Wing, egy Hendrix sz\u00e1m zenei alapja adta meg, amire a Kasz\u00e1rnya, kasz\u00e1rnya c\u00edm\u0171 n\u00e9pdal hangzott fel Ferenczi\u00e9kt\u0151l, mintegy programad\u00f3k\u00e9nt jelezve a f\u00f6ldr\u00e9szeket, korokat \u00e9s m\u0171fajokat \u00e1t\u00edvel\u0151 kultur\u00e1lis hidakat a vil\u00e1g zen\u00e9i k\u00f6z\u00f6tt. Ez a mott\u00f3 sz\u00e9pen v\u00e9gig is vonult a koncerten, amelyen mindk\u00e9t zenekar megcsillogtatta k\u00e9pess\u00e9geit a saj\u00e1t- \u00e9s a partner zenei birodalm\u00e1ban is. H\u00e1t volt is mit, hiszen tolongtak a virtu\u00f3zok, egy\u00e9nis\u00e9gek a sz\u00ednpadon.<\/p>\n<p>A Rackajam zs\u00e1kj\u00e1b\u00f3l a hazai folkl\u00f3r elemei mellett az irodalom darabk\u00e1i is el\u0151ker\u00fcltek, Ady, We\u00f6res majd Pet\u0151fi alakjaiban, a hangszerkavalk\u00e1db\u00f3l pedig a nagyon finomra hangolt sz\u00f3lamok a renesz\u00e1nszkori\u00a0 hajd\u00fat\u00e1nccal \u00e9s Ferenczi Gyuri fantasztikus herflisz\u00f3l\u00f3ival,. A nagy tetsz\u00e9st aratott \u201ehungarian country\u201d-ban elmos\u00f3dtak a m\u0171faji hat\u00e1rok, a k\u00f6lt\u0151i gondoltok k\u00f6z\u00f6tt nem is \u00e9rezte az ember hol van.<\/p>\n<p>&nbsp;<\/p>\n<p>Mez\u0151s\u00e9gi, majd kuruc kori zen\u00e9vel kezdte kalandoz\u00e1s\u00e1t a Cs\u00edk zenekar, megadva az alaphangulatot, de a batyub\u00f3l hamar el\u0151ker\u00fclt a git\u00e1r is, s eg\u00e9szen groteszk k\u00e9pbe fordult az este. Annak ellen\u00e9re, hogy az egy\u00fcttesben egri illet\u0151s\u00e9g\u0171 heged\u0171st tisztelhet\u00fcnk Szab\u00f3 Attila szem\u00e9ly\u00e9ben, viszonylag ritk\u00e1n l\u00e1that\u00f3 kedvelt v\u00e1rosunkban a banda.<\/p>\n<p>A Cs\u00edk zenekar k\u00e9pes volt arra, amire m\u00e1r sokan t\u00f6rekedtek az elm\u00falt \u00e9vtizedekben. A hagyom\u00e1ny tisztelet\u00e9t \u00f6ssze tudta egyeztetni a modernit\u00e1ssal a fejl\u0151d\u00e9ssel. Az elfajul\u00e1snak az egri koncerten is rockandroll lett a v\u00e9ge, s k\u00e9t zenekar f\u00fazi\u00f3j\u00e1ban Ferenczi is heged\u0171re kapva, h\u00e1rman h\u00fazt\u00e1k el az ohioi szapor\u00e1t, a chicagoi cs\u00e1rd\u00e1st, a kentucky frisset.<\/p>\n<p>A v\u00e9rforral\u00f3 muzsika nem a k\u00e9nyelmet szereti, \u00e1m a Hotel Eger olyan hely, ahol csak a sz\u00ednpadon t\u0171rik meg a rock and rollt, ami egy\u00e9bk\u00e9nt sz\u00e9tfesz\u00edten\u00e9 kereteket. Az int\u00e9zm\u00e9nyben csak sz\u00e9pen szabad sz\u00f3rakozni, hiszen m\u00e1r \u00e1ll\u00f3 hely sem nagyon maradt. De ha megfogjuk az \u00f6rd\u00f6g\u00f6t, az visz mag\u00e1val, nincs mit tenni.<\/p>\n<p>Az akusztikus sz\u00edvtipr\u00e1s n\u00f3tacsokorral folytat\u00f3dott, ha a l\u00e1bakat nem is, de a f\u00fcleket alaposan megdolgozta a kellemes vas\u00e1rnap este.<\/p>\n<p>Holl\u00f3 Mikl\u00f3s<\/p>\n","protected":false},"excerpt":{"rendered":"<p>Telth\u00e1z el\u0151tt adott nagy siker\u0171 koncertet a Cs\u00edk zenekar, valamint Ferenczi Gy\u00f6rgy \u00e9s a Rackajam vas\u00e1rnap este, a Hotel Egerben. A Tavaszi Fesztiv\u00e1l z\u00e1r\u00f3akkordjak\u00e9nt megrendezett esem\u00e9nyen a hazai folk szt\u00e1rjai k\u00f6z\u00f6s produkci\u00f3j\u00e1ban a zen\u00e9szek mellett a magyar n\u00e9pzene, a rhythm and blues, a funky, a rock \u00e9s a jazz elemei adtak egym\u00e1snak randev\u00fat.<br \/>\nImm\u00e1r tizenegyedik alkalommal [&#8230;]<\/p>\n","protected":false},"author":4,"featured_media":0,"comment_status":"open","ping_status":"closed","sticky":false,"template":"","format":"standard","meta":{"footnotes":""},"categories":[8,4],"tags":[],"class_list":["post-3930","post","type-post","status-publish","format-standard","hentry","category-kultura","category-szabadido"],"_links":{"self":[{"href":"https:\/\/www.agriatv.hu\/index.php?rest_route=\/wp\/v2\/posts\/3930","targetHints":{"allow":["GET"]}}],"collection":[{"href":"https:\/\/www.agriatv.hu\/index.php?rest_route=\/wp\/v2\/posts"}],"about":[{"href":"https:\/\/www.agriatv.hu\/index.php?rest_route=\/wp\/v2\/types\/post"}],"author":[{"embeddable":true,"href":"https:\/\/www.agriatv.hu\/index.php?rest_route=\/wp\/v2\/users\/4"}],"replies":[{"embeddable":true,"href":"https:\/\/www.agriatv.hu\/index.php?rest_route=%2Fwp%2Fv2%2Fcomments&post=3930"}],"version-history":[{"count":2,"href":"https:\/\/www.agriatv.hu\/index.php?rest_route=\/wp\/v2\/posts\/3930\/revisions"}],"predecessor-version":[{"id":3934,"href":"https:\/\/www.agriatv.hu\/index.php?rest_route=\/wp\/v2\/posts\/3930\/revisions\/3934"}],"wp:attachment":[{"href":"https:\/\/www.agriatv.hu\/index.php?rest_route=%2Fwp%2Fv2%2Fmedia&parent=3930"}],"wp:term":[{"taxonomy":"category","embeddable":true,"href":"https:\/\/www.agriatv.hu\/index.php?rest_route=%2Fwp%2Fv2%2Fcategories&post=3930"},{"taxonomy":"post_tag","embeddable":true,"href":"https:\/\/www.agriatv.hu\/index.php?rest_route=%2Fwp%2Fv2%2Ftags&post=3930"}],"curies":[{"name":"wp","href":"https:\/\/api.w.org\/{rel}","templated":true}]}}