{"id":3935,"date":"2011-04-09T17:54:50","date_gmt":"2011-04-09T17:54:50","guid":{"rendered":"http:\/\/www.agriatv.hu\/?p=3935"},"modified":"2011-04-09T17:54:50","modified_gmt":"2011-04-09T17:54:50","slug":"kormanyhivatali-kinevezesek","status":"publish","type":"post","link":"https:\/\/www.agriatv.hu\/?p=3935","title":{"rendered":"Korm\u00e1nyhivatali kinevez\u00e9sek"},"content":{"rendered":"<p class=\"cikkcikkei\">&nbsp;<\/p>\n<p><img loading=\"lazy\" decoding=\"async\" class=\"kiskepcikkhez alignleft\" src=\"http:\/\/www.egriszin.hu\/RenderedContents\/IndexImages\/7\/7546-20110408120556-HM_Kormanyhivatal.JPG\" alt=\"\" width=\"150\" height=\"98\" \/><\/p>\n<p><strong>A Heves Megyei Korm\u00e1nyhivatalt\u00f3l a h\u00e9ten kapott t\u00e1j\u00e9koztat\u00f3 szerint az al\u00e1bbi kinevez\u00e9sek t\u00f6rt\u00e9ntek.<\/strong><\/p>\n<p>&nbsp;<\/p>\n<p>Horv\u00e1th L\u00e1szl\u00f3, a Heves Megyei Korm\u00e1nyhivatalt  vezet\u0151 korm\u00e1nymegb\u00edzott &#8211; a f\u0151v\u00e1rosi \u00e9s megyei korm\u00e1nyhivatalokr\u00f3l,  valamint a f\u0151v\u00e1rosi \u00e9s megyei korm\u00e1nyhivatalok kialak\u00edt\u00e1s\u00e1val \u00e9s a  ter\u00fcleti integr\u00e1ci\u00f3val \u00f6sszef\u00fcgg\u0151 t\u00f6rv\u00e9nym\u00f3dos\u00edt\u00e1sokr\u00f3l sz\u00f3l\u00f3 2010. \u00e9vi  CXX. t\u00f6rv\u00e9ny 14. \u00a7 (1), (3) bekezd\u00e9se alapj\u00e1n, a szakmai ir\u00e1ny\u00edt\u00f3 szerv  vezet\u0151j\u00e9nek egyet\u00e9rt\u00e9s\u00e9vel &#8211; 2011. \u00e1prilis 7-ei hat\u00e1llyal hat\u00e1rozatlan  id\u0151re kinevezte<\/p>\n<p>a Heves Megyei Korm\u00e1nyhivatal Fogyaszt\u00f3v\u00e9delmi Hat\u00f3s\u00e1g vezet\u0151j\u00e9v\u00e9 Dr. Bern\u00e1th Luc\u00e1t,<\/p>\n<p>a Heves Megyei Korm\u00e1nyhivatal Igazs\u00e1g\u00fcgyi Szolg\u00e1lata vezet\u0151j\u00e9v\u00e9 Dr. Kormos King\u00e1t,<\/p>\n<p>a Heves Megyei Korm\u00e1nyhivatal F\u00f6ldhivatala vezet\u0151j\u00e9v\u00e9 pedig Fister Gy\u00f6rgy\u00f6t.<\/p>\n","protected":false},"excerpt":{"rendered":"<p>&nbsp;<\/p>\n<p>A Heves Megyei Korm\u00e1nyhivatalt\u00f3l a h\u00e9ten kapott t\u00e1j\u00e9koztat\u00f3 szerint az al\u00e1bbi kinevez\u00e9sek t\u00f6rt\u00e9ntek.<br \/>\n&nbsp;<br \/>\nHorv\u00e1th L\u00e1szl\u00f3, a Heves Megyei Korm\u00e1nyhivatalt  vezet\u0151 korm\u00e1nymegb\u00edzott &#8211; a f\u0151v\u00e1rosi \u00e9s megyei korm\u00e1nyhivatalokr\u00f3l,  valamint a f\u0151v\u00e1rosi \u00e9s megyei korm\u00e1nyhivatalok kialak\u00edt\u00e1s\u00e1val \u00e9s a  ter\u00fcleti integr\u00e1ci\u00f3val \u00f6sszef\u00fcgg\u0151 t\u00f6rv\u00e9nym\u00f3dos\u00edt\u00e1sokr\u00f3l sz\u00f3l\u00f3 2010. \u00e9vi  CXX. t\u00f6rv\u00e9ny 14. \u00a7 (1), (3) bekezd\u00e9se alapj\u00e1n, a [&#8230;]<\/p>\n","protected":false},"author":4,"featured_media":0,"comment_status":"open","ping_status":"closed","sticky":false,"template":"","format":"standard","meta":{"footnotes":""},"categories":[6,3],"tags":[],"class_list":["post-3935","post","type-post","status-publish","format-standard","hentry","category-belfold","category-politika"],"_links":{"self":[{"href":"https:\/\/www.agriatv.hu\/index.php?rest_route=\/wp\/v2\/posts\/3935","targetHints":{"allow":["GET"]}}],"collection":[{"href":"https:\/\/www.agriatv.hu\/index.php?rest_route=\/wp\/v2\/posts"}],"about":[{"href":"https:\/\/www.agriatv.hu\/index.php?rest_route=\/wp\/v2\/types\/post"}],"author":[{"embeddable":true,"href":"https:\/\/www.agriatv.hu\/index.php?rest_route=\/wp\/v2\/users\/4"}],"replies":[{"embeddable":true,"href":"https:\/\/www.agriatv.hu\/index.php?rest_route=%2Fwp%2Fv2%2Fcomments&post=3935"}],"version-history":[{"count":1,"href":"https:\/\/www.agriatv.hu\/index.php?rest_route=\/wp\/v2\/posts\/3935\/revisions"}],"predecessor-version":[{"id":3936,"href":"https:\/\/www.agriatv.hu\/index.php?rest_route=\/wp\/v2\/posts\/3935\/revisions\/3936"}],"wp:attachment":[{"href":"https:\/\/www.agriatv.hu\/index.php?rest_route=%2Fwp%2Fv2%2Fmedia&parent=3935"}],"wp:term":[{"taxonomy":"category","embeddable":true,"href":"https:\/\/www.agriatv.hu\/index.php?rest_route=%2Fwp%2Fv2%2Fcategories&post=3935"},{"taxonomy":"post_tag","embeddable":true,"href":"https:\/\/www.agriatv.hu\/index.php?rest_route=%2Fwp%2Fv2%2Ftags&post=3935"}],"curies":[{"name":"wp","href":"https:\/\/api.w.org\/{rel}","templated":true}]}}