{"id":3937,"date":"2011-04-10T12:56:02","date_gmt":"2011-04-10T12:56:02","guid":{"rendered":"http:\/\/www.agriatv.hu\/?p=3937"},"modified":"2011-04-10T12:56:02","modified_gmt":"2011-04-10T12:56:02","slug":"fat-ultettek-es-takaritottak-az-onkentesek-almarban","status":"publish","type":"post","link":"https:\/\/www.agriatv.hu\/?p=3937","title":{"rendered":"F\u00e1t \u00fcltettek \u00e9s takar\u00edtottak az \u00f6nk\u00e9ntesek Alm\u00e1rban"},"content":{"rendered":"<p class=\"cikkcikkei\">&nbsp;<\/p>\n<p><img loading=\"lazy\" decoding=\"async\" class=\"kiskepcikkhez alignleft\" src=\"http:\/\/www.egriszin.hu\/RenderedContents\/IndexImages\/7\/7550-20110410105748-takaritas.JPG\" alt=\"\" width=\"150\" height=\"111\" \/><\/p>\n<p><strong>Az egri Civil Kerekasztal Szabadid\u0151 Szekci\u00f3ja 2011-ben m\u00e1r hetedik  alkalommal szervezett takar\u00edt\u00e1si akci\u00f3t az Eger melletti  kir\u00e1ndul\u00f3helyen, Alm\u00e1rban, ahol egykor a P\u00e1los kolostor \u00e1llt.<\/strong><\/p>\n<p>Ebben az \u00e9vben is negyvenn\u00e9l t\u00f6bb f\u0151 gy\u0171lt \u00f6ssze, nyugd\u00edjasok,  k\u00f6rny\u00e9kbeli lakosok, cserk\u00e9szek, k\u00f6rnyezetv\u00e9d\u0151k, a k\u00f6zter\u00fclet fel\u00fcgyelet  munkat\u00e1rsai, valamint a Heves Megyei \u00d6nk\u00e9ntes Centrum tagjai, hogy  megtiszt\u00edts\u00e1k a F\u00f6ld Napja kapcs\u00e1n a n\u00e9pszer\u0171 kir\u00e1ndul\u00f3helyet Alm\u00e1rban.<\/p>\n<p>Az  akci\u00f3ban r\u00e9szt vett az egri v\u00e1rosvezet\u0151s\u00e9g is, Habis L\u00e1szl\u00f3  polg\u00e1rmester \u00e9s R\u00e1zsi Botond alpolg\u00e1rmester is. A polg\u00e1rmester, aki egy  f\u00e1t is el\u00fcltetett, elmondta, hogy ezzel a programmal szeretn\u00e9k felh\u00edvni a  figyelmet arra, hogy milyen fontos a v\u00e1ros k\u00f6rny\u00e9k\u00e9nek a sz\u00e9ps\u00e9ge, s az  \u00e1llagmeg\u00f3v\u00e1s. Habis L\u00e1szl\u00f3 szerint j\u00f3 lenne, ha a fiatalok is nagyobb  sz\u00e1mban venn\u00e9nek r\u00e9szt a takar\u00edt\u00e1sban.<\/p>\n<p>A takar\u00edt\u00e1s mellett a  r\u00e9sztvev\u0151k f\u00e1kat is \u00fcltettek: t\u00edz t\u00f6lgy-, s t\u00edz plat\u00e1nfa-csemet\u00e9t. A  vesz\u00e9lyess\u00e9 v\u00e1lt \u00e1gakat motoros f\u0171r\u00e9sszel lev\u00e1gt\u00e1k a f\u00e1kr\u00f3l, a sz\u00e1raz  gallyakat let\u00f6rdelt\u00e9k, a gazt el\u00e9gett\u00e9k, szemetet szedtek,  megtiszt\u00edtott\u00e1k a patakmedret, valamint az inform\u00e1ci\u00f3s t\u00e1bl\u00e1kat  lemost\u00e1k.<\/p>\n<p>Az alm\u00e1ri takar\u00edt\u00e1ssal egyid\u0151ben a Bringa\u00fat K\u00f6zhaszn\u00fa  Egyes\u00fclet is takar\u00edt\u00e1si akci\u00f3t szervezett az Eger-patak belv\u00e1rosi  szakasz\u00e1n, a bicikli\u00fat ment\u00e9n.<\/p>\n<p>Forr\u00e1s: <a href=\"http:\/\/egriszin.hu\">Egrisz\u00edn<\/a><\/p>\n","protected":false},"excerpt":{"rendered":"<p>&nbsp;<\/p>\n<p>Az egri Civil Kerekasztal Szabadid\u0151 Szekci\u00f3ja 2011-ben m\u00e1r hetedik  alkalommal szervezett takar\u00edt\u00e1si akci\u00f3t az Eger melletti  kir\u00e1ndul\u00f3helyen, Alm\u00e1rban, ahol egykor a P\u00e1los kolostor \u00e1llt.<br \/>\nEbben az \u00e9vben is negyvenn\u00e9l t\u00f6bb f\u0151 gy\u0171lt \u00f6ssze, nyugd\u00edjasok,  k\u00f6rny\u00e9kbeli lakosok, cserk\u00e9szek, k\u00f6rnyezetv\u00e9d\u0151k, a k\u00f6zter\u00fclet fel\u00fcgyelet  munkat\u00e1rsai, valamint a Heves Megyei \u00d6nk\u00e9ntes Centrum tagjai, hogy  megtiszt\u00edts\u00e1k [&#8230;]<\/p>\n","protected":false},"author":4,"featured_media":0,"comment_status":"open","ping_status":"closed","sticky":false,"template":"","format":"standard","meta":{"footnotes":""},"categories":[4],"tags":[],"class_list":["post-3937","post","type-post","status-publish","format-standard","hentry","category-szabadido"],"_links":{"self":[{"href":"https:\/\/www.agriatv.hu\/index.php?rest_route=\/wp\/v2\/posts\/3937","targetHints":{"allow":["GET"]}}],"collection":[{"href":"https:\/\/www.agriatv.hu\/index.php?rest_route=\/wp\/v2\/posts"}],"about":[{"href":"https:\/\/www.agriatv.hu\/index.php?rest_route=\/wp\/v2\/types\/post"}],"author":[{"embeddable":true,"href":"https:\/\/www.agriatv.hu\/index.php?rest_route=\/wp\/v2\/users\/4"}],"replies":[{"embeddable":true,"href":"https:\/\/www.agriatv.hu\/index.php?rest_route=%2Fwp%2Fv2%2Fcomments&post=3937"}],"version-history":[{"count":1,"href":"https:\/\/www.agriatv.hu\/index.php?rest_route=\/wp\/v2\/posts\/3937\/revisions"}],"predecessor-version":[{"id":3938,"href":"https:\/\/www.agriatv.hu\/index.php?rest_route=\/wp\/v2\/posts\/3937\/revisions\/3938"}],"wp:attachment":[{"href":"https:\/\/www.agriatv.hu\/index.php?rest_route=%2Fwp%2Fv2%2Fmedia&parent=3937"}],"wp:term":[{"taxonomy":"category","embeddable":true,"href":"https:\/\/www.agriatv.hu\/index.php?rest_route=%2Fwp%2Fv2%2Fcategories&post=3937"},{"taxonomy":"post_tag","embeddable":true,"href":"https:\/\/www.agriatv.hu\/index.php?rest_route=%2Fwp%2Fv2%2Ftags&post=3937"}],"curies":[{"name":"wp","href":"https:\/\/api.w.org\/{rel}","templated":true}]}}